{"id":950,"date":"2016-06-25T12:20:24","date_gmt":"2016-06-25T11:20:24","guid":{"rendered":"http:\/\/www.unenfantuncartable17.fr\/?p=950"},"modified":"2017-11-29T12:19:39","modified_gmt":"2017-11-29T11:19:39","slug":"assemblee-generale-du-24-juin","status":"publish","type":"post","link":"http:\/\/www.unenfantuncartable17.fr\/?p=950","title":{"rendered":"Assembl\u00e9e g\u00e9n\u00e9rale du 24 juin"},"content":{"rendered":"<p><span style=\"color: #808000;\"><strong><span style=\"font-family: 'arial black', sans-serif; font-size: 14pt;\">58 adh\u00e9rents pr\u00e9sents et 73 pouvoirs, le quorum \u00e9tait atteint pour proc\u00e9der \u00e0 l&rsquo;assembl\u00e9e g\u00e9n\u00e9rale extraordinaire du 24 juin, qui pr\u00e9c\u00e9dait l&rsquo;assembl\u00e9e ordinaire.<\/span><\/strong><\/span><\/p>\n<p><span style=\"color: #993300;\"><strong><span style=\"font-family: 'arial black', sans-serif; font-size: 14pt;\">Le conseil d&rsquo;administration souhaitait modifier le nombre d&rsquo;administrateurs, et il a \u00e9t\u00e9 suivi ; ce sont donc d\u00e9sormais, 11 membres qui si\u00e9geront. Cette modification \u00e9tait rendue n\u00e9cessaire par l&rsquo;augmentation de l&rsquo;activit\u00e9 de l&rsquo;association depuis sa cr\u00e9ation il y a 7 ans: adh\u00e9rents multipli\u00e9s par 5, b\u00e9n\u00e9ficiaires par 18 !<\/span><\/strong><\/span><\/p>\n<p><span style=\"color: #993300;\"><strong><span style=\"font-family: 'arial black', sans-serif; font-size: 14pt;\">Les diff\u00e9rents rapports-d&rsquo;activit\u00e9 et financiers- ont \u00e9t\u00e9 adopt\u00e9s \u00e0 l&rsquo;unanimit\u00e9, lors de l&rsquo;assembl\u00e9e ordinaire ( voir les pi\u00e8ces jointes au pr\u00e9c\u00e9dent article)<\/span><\/strong><\/span><\/p>\n<p><a href=\"http:\/\/www.unenfantuncartable17.fr\/wp-content\/uploads\/2016\/06\/DSCF2842.jpg\"><img loading=\"lazy\" decoding=\"async\" class=\"alignnone  wp-image-979\" src=\"http:\/\/www.unenfantuncartable17.fr\/wp-content\/uploads\/2016\/06\/DSCF2842-300x225.jpg\" alt=\"DSCF2842\" width=\"363\" height=\"272\" srcset=\"http:\/\/www.unenfantuncartable17.fr\/wp-content\/uploads\/2016\/06\/DSCF2842-300x225.jpg 300w, http:\/\/www.unenfantuncartable17.fr\/wp-content\/uploads\/2016\/06\/DSCF2842-768x576.jpg 768w, http:\/\/www.unenfantuncartable17.fr\/wp-content\/uploads\/2016\/06\/DSCF2842.jpg 1024w\" sizes=\"auto, (max-width: 363px) 100vw, 363px\" \/><\/a><\/p>\n<p><span style=\"color: #808000;\"><strong><span style=\"font-family: 'arial black', sans-serif; font-size: 14pt;\">Une pr\u00e9sentation du projet de biblioth\u00e8que \u00e0 l&rsquo;\u00e9cole de Mar Lodj a permis de mesurer la poursuite de notre implication.\u00a0En direction des enfants et en collaboration avec les enseignants &#8211; et notamment le directeur de l&rsquo;\u00e9cole, futur retrait\u00e9, qui, l&rsquo;an prochain, en sera l&rsquo;animateur- la biblioth\u00e8que se veut un outil au service des instituteurs, et un moyen de diffusion culturel. De nombreux \u00e9changes ont eu lieu avec les enseignants pour pr\u00e9ciser le projet. La biblioth\u00e8que, devrait ouvrir \u00e0 la rentr\u00e9e prochaine (avec un d\u00e9veloppement progressif qui s&rsquo;adaptera \u00e0 un contexte africain de brousse) Une centaine d&rsquo;ouvrages d&rsquo;auteurs africains, va \u00eatre achet\u00e9e, adapt\u00e9e \u00e0 tous les \u00e2ges, du CI au CM2: en majorit\u00e9 des albums illustr\u00e9s, plus faciles d&rsquo;acc\u00e8s, choisis avec les enseignants. <\/span><\/strong><\/span><\/p>\n<p><span style=\"color: #993300;\"><strong><span style=\"font-family: 'arial black', sans-serif; font-size: 14pt;\">Le fournisseur est une librairie de Dakar. D&rsquo;un montant de 1300 \u20ac, cette r\u00e9alisation est possible, gr\u00e2ce aux exc\u00e9dents financiers des ann\u00e9es pass\u00e9es, jusqu&rsquo;alors d\u00e9pos\u00e9s sur un livret. Une armoire m\u00e9tallique pour le rangement \u00a0a \u00e9t\u00e9 aussi command\u00e9e au centre de formation qui r\u00e9alise les sacs et les trousses. Une pr\u00e9caution n\u00e9cessaire pour \u00e9viter les d\u00e9g\u00e2ts des termites.<\/span><\/strong><\/span><\/p>\n<p><a href=\"http:\/\/www.unenfantuncartable17.fr\/wp-content\/uploads\/2016\/06\/fevrie-2016-wandie.jpg\"><img loading=\"lazy\" decoding=\"async\" class=\"alignnone  wp-image-975\" src=\"http:\/\/www.unenfantuncartable17.fr\/wp-content\/uploads\/2016\/06\/fevrie-2016-wandie-300x225.jpg\" alt=\"fevrie 2016 wandie\" width=\"351\" height=\"263\" srcset=\"http:\/\/www.unenfantuncartable17.fr\/wp-content\/uploads\/2016\/06\/fevrie-2016-wandie-300x225.jpg 300w, http:\/\/www.unenfantuncartable17.fr\/wp-content\/uploads\/2016\/06\/fevrie-2016-wandie-768x576.jpg 768w, http:\/\/www.unenfantuncartable17.fr\/wp-content\/uploads\/2016\/06\/fevrie-2016-wandie.jpg 1024w\" sizes=\"auto, (max-width: 351px) 100vw, 351px\" \/><\/a><\/p>\n<p><span style=\"color: #993300;\"><strong><span style=\"font-family: 'arial black', sans-serif; font-size: 14pt;\">L&rsquo;assembl\u00e9e g\u00e9n\u00e9rale a aussi reconduit Jean-Claude Brossard a la fonction d&rsquo;administrateur, celui-ci \u00e9tant arriv\u00e9 au bout de son premier mandat. Apr\u00e8s la d\u00e9mission de Bernard Gandais, les trois nouveaux administrateurs \u00e9lus sont Sylvie Ducretot, Patrice Dubois et Philippe Carri\u00e9.*<\/span><\/strong><\/span><\/p>\n<p><span style=\"color: #808000;\"><strong><span style=\"font-family: 'arial black', sans-serif; font-size: 14pt;\"><span style=\"text-decoration: underline;\">Prochain rendez-vous\u00a0<\/span>: lundi 3 octobre \u00e0 Port Lauzi\u00e8res, soir\u00e9e musicale de jazz manouche (Indeswing au programme), autour d&rsquo;un repas pr\u00e9par\u00e9 par le restaurant de Marc et Julie. <\/span><\/strong><\/span><\/p>\n<p><span style=\"color: #993300;\"><strong><span style=\"font-family: 'arial black', sans-serif; font-size: 14pt;\">Prix: 25 \u20ac. Nous en reparlerons.<\/span><\/strong><\/span><\/p>\n<p><span style=\"color: #993300;\"><strong><span style=\"font-family: 'arial black', sans-serif; font-size: 14pt;\">Un repas amical a, bien \u00e9videmment, cl\u00f4t la soir\u00e9e et permis de nombreux \u00e9changes entre adh\u00e9rents.\u00a0<\/span><\/strong><\/span><\/p>\n<p><span style=\"font-family: 'arial black', sans-serif; color: #808000; font-size: 14pt;\"><strong>* Le nouveau conseil d&rsquo;administration se compose de : Claude Biardeau, Jean-Claude Brossard, Philippe Carri\u00e9, Patrice Dubois, Sylvie Ducretot, Violette Jaget, Murielle Jacques, Jean-Jacques Moulinet, Philippe Moquet, Guy Nakache, G\u00e9rard Stagliano.<\/strong><\/span><\/p>\n<p>&nbsp;<\/p>\n","protected":false},"excerpt":{"rendered":"<p>58 adh\u00e9rents pr\u00e9sents et 73 pouvoirs, le quorum \u00e9tait atteint pour proc\u00e9der \u00e0 l&rsquo;assembl\u00e9e g\u00e9n\u00e9rale extraordinaire du 24 juin, qui pr\u00e9c\u00e9dait l&rsquo;assembl\u00e9e ordinaire. Le conseil d&rsquo;administration souhaitait modifier le nombre d&rsquo;administrateurs, et il a \u00e9t\u00e9 suivi ; ce sont donc d\u00e9sormais, 11 membres qui si\u00e9geront. Cette modification \u00e9tait rendue n\u00e9cessaire par l&rsquo;augmentation de l&rsquo;activit\u00e9 de [&hellip;]<\/p>\n","protected":false},"author":2,"featured_media":0,"comment_status":"open","ping_status":"open","sticky":false,"template":"","format":"standard","meta":{"jetpack_post_was_ever_published":false,"_jetpack_newsletter_access":"","_jetpack_dont_email_post_to_subs":true,"_jetpack_newsletter_tier_id":0,"_jetpack_memberships_contains_paywalled_content":false,"_jetpack_memberships_contains_paid_content":false,"footnotes":""},"categories":[1],"tags":[],"class_list":["post-950","post","type-post","status-publish","format-standard","hentry","category-non-classe"],"jetpack_featured_media_url":"","jetpack_sharing_enabled":true,"jetpack_shortlink":"https:\/\/wp.me\/p5o8j7-fk","_links":{"self":[{"href":"http:\/\/www.unenfantuncartable17.fr\/index.php?rest_route=\/wp\/v2\/posts\/950","targetHints":{"allow":["GET"]}}],"collection":[{"href":"http:\/\/www.unenfantuncartable17.fr\/index.php?rest_route=\/wp\/v2\/posts"}],"about":[{"href":"http:\/\/www.unenfantuncartable17.fr\/index.php?rest_route=\/wp\/v2\/types\/post"}],"author":[{"embeddable":true,"href":"http:\/\/www.unenfantuncartable17.fr\/index.php?rest_route=\/wp\/v2\/users\/2"}],"replies":[{"embeddable":true,"href":"http:\/\/www.unenfantuncartable17.fr\/index.php?rest_route=%2Fwp%2Fv2%2Fcomments&post=950"}],"version-history":[{"count":36,"href":"http:\/\/www.unenfantuncartable17.fr\/index.php?rest_route=\/wp\/v2\/posts\/950\/revisions"}],"predecessor-version":[{"id":1480,"href":"http:\/\/www.unenfantuncartable17.fr\/index.php?rest_route=\/wp\/v2\/posts\/950\/revisions\/1480"}],"wp:attachment":[{"href":"http:\/\/www.unenfantuncartable17.fr\/index.php?rest_route=%2Fwp%2Fv2%2Fmedia&parent=950"}],"wp:term":[{"taxonomy":"category","embeddable":true,"href":"http:\/\/www.unenfantuncartable17.fr\/index.php?rest_route=%2Fwp%2Fv2%2Fcategories&post=950"},{"taxonomy":"post_tag","embeddable":true,"href":"http:\/\/www.unenfantuncartable17.fr\/index.php?rest_route=%2Fwp%2Fv2%2Ftags&post=950"}],"curies":[{"name":"wp","href":"https:\/\/api.w.org\/{rel}","templated":true}]}}