{"id":897,"date":"2016-03-12T10:52:36","date_gmt":"2016-03-12T09:52:36","guid":{"rendered":"http:\/\/www.unenfantuncartable17.fr\/?p=897"},"modified":"2016-03-14T10:18:36","modified_gmt":"2016-03-14T09:18:36","slug":"rentree-doctobre-les-grandes-lignes","status":"publish","type":"post","link":"http:\/\/www.unenfantuncartable17.fr\/?p=897","title":{"rendered":"Rentr\u00e9e d&rsquo;octobre, les grandes lignes"},"content":{"rendered":"<p><span style=\"font-family: arial,helvetica,sans-serif;\"><strong><span style=\"color: #993300; font-size: 14pt;\">Forte de 6 personnes (3 seulement missionn\u00e9es)\u00a0une d\u00e9l\u00e9gation de l&rsquo;association est revenue de Mar Lodj fin f\u00e9vrier, avec des pistes d&rsquo;actions pr\u00e9cises pour la rentr\u00e9e 2016\/2017.<\/span><\/strong><\/span><\/p>\n<p><span style=\"font-family: arial,helvetica,sans-serif;\"><strong><span style=\"color: #808000; font-size: 14pt;\">Nous reviendrons en d\u00e9tail dans un article ult\u00e9rieur,\u00a0sur le co\u00fbt pr\u00e9visionnel des diff\u00e9rents achats quand tous les devis seront \u00e0 notre disposition.<\/span><\/strong><\/span><\/p>\n<p><span style=\"font-family: arial,helvetica,sans-serif;\"><strong><span style=\"color: #993300; font-size: 14pt;\">Les visites aux directeurs d&rsquo;\u00e9coles et\u00a0enseignants des 4 \u00e9coles primaires et\u00a0de l&rsquo;\u00e9cole maternelle\u00a0ont tout d&rsquo;abord permis de\u00a0constater que nos relations \u00e9taient d\u00e9sormais b\u00e2ties sur la <\/span><span style=\"color: #993300; font-size: 14pt;\"><span style=\"color: #808000;\">confiance r\u00e9ciproque.<\/span><\/span><span style=\"color: #993300; font-size: 14pt;\"> Le fruit, probablement,\u00a0de 7 ann\u00e9es de pr\u00e9sence \u00e0 leurs c\u00f4t\u00e9s,\u00a0qui ne s&rsquo;est jamais d\u00e9mentie. La pr\u00e9sence attentive\u00a0de repr\u00e9sentants de parents d&rsquo;\u00e9l\u00e8ves lors des r\u00e9unions est aussi la preuve que nous sommes devenus de r\u00e9els partenaires.<\/span><\/strong><\/span><\/p>\n<p><a href=\"http:\/\/www.unenfantuncartable17.fr\/wp-content\/uploads\/2016\/03\/marsoulou-fev-2016-1.jpg\"><img loading=\"lazy\" decoding=\"async\" class=\"alignnone size-medium wp-image-919\" src=\"http:\/\/www.unenfantuncartable17.fr\/wp-content\/uploads\/2016\/03\/marsoulou-fev-2016-1-300x225.jpg\" alt=\"marsoulou fev 2016-1\" width=\"300\" height=\"225\" srcset=\"http:\/\/www.unenfantuncartable17.fr\/wp-content\/uploads\/2016\/03\/marsoulou-fev-2016-1-300x225.jpg 300w, http:\/\/www.unenfantuncartable17.fr\/wp-content\/uploads\/2016\/03\/marsoulou-fev-2016-1.jpg 448w\" sizes=\"auto, (max-width: 300px) 100vw, 300px\" \/><\/a><\/p>\n<p><span style=\"text-decoration: underline;\"><span style=\"color: #993300; font-family: arial,helvetica,sans-serif; font-size: 12pt; text-decoration: underline;\">Les \u00e9l\u00e8ves de Marsoulou<\/span><\/span><\/p>\n<p><span style=\"font-family: arial,helvetica,sans-serif;\"><strong><span style=\"font-size: 18pt;\"><span style=\"color: #808000; font-size: 14pt;\">Le total des \u00e9l\u00e8ves scolaris\u00e9s est d&rsquo;environ 970<\/span><span style=\"color: #808000;\"><span style=\"font-size: 14pt;\">.<\/span>\u00a0<\/span><\/span><\/strong><\/span><\/p>\n<p><strong><span style=\"font-family: arial,helvetica,sans-serif;\"><span style=\"font-size: 14pt;\"><span style=\"color: #993300;\">Un<\/span><\/span><span style=\"color: #993300;\"><span style=\"font-size: 14pt;\">\u00a0chiffre pr\u00e9visionnel, qui inclut une soixantaine d&rsquo;enfants de la maternelle de Mar Lodj.<\/span> Le<\/span> <\/span><\/strong><span style=\"font-family: arial,helvetica,sans-serif;\"><strong><span style=\"font-size: 14pt;\"><span style=\"color: #993300;\">2\u00e8me groupe scolaire \u00e0 Mar Fafako monte en puissance et accueillera, en plus du CI et du CP, d\u00e9j\u00e0 pr\u00e9sents, un CE1.<\/span><span style=\"color: #993300;\"> Avec, dans cette \u00e9cole,\u00a0un CE2, puis un CM1, un CM2 dans les prochaines ann\u00e9es, plus de 1000 enfants de l&rsquo;\u00eele et leurs familles\u00a0seront concern\u00e9s.<\/span><\/span><\/strong><\/span><\/p>\n<p><strong><span style=\"color: #808000; font-family: arial,helvetica,sans-serif; font-size: 14pt;\">R\u00e9partition des \u00e9l\u00e8ves par \u00e9cole:<\/span><\/strong><\/p>\n<p><strong><span style=\"color: #993300; font-family: arial,helvetica,sans-serif; font-size: 14pt;\">Mar Fafako 1: 470<\/span><\/strong><\/p>\n<p><strong><span style=\"color: #993300; font-family: arial,helvetica,sans-serif; font-size: 14pt;\">Mar Fafako 2: 100<\/span><\/strong><\/p>\n<p><strong><span style=\"color: #993300; font-family: arial,helvetica,sans-serif; font-size: 14pt;\">Mar Lodj: 205<\/span><\/strong><\/p>\n<p><strong><span style=\"color: #993300; font-family: arial,helvetica,sans-serif; font-size: 14pt;\">Mar Soulou: 100<\/span><\/strong><\/p>\n<p><strong><span style=\"color: #993300; font-family: arial,helvetica,sans-serif; font-size: 14pt;\">Wandi\u00e9: 25<\/span><\/strong><\/p>\n<p><strong><span style=\"color: #993300; font-family: arial,helvetica,sans-serif; font-size: 14pt;\">Maternelle: 70<\/span><\/strong><\/p>\n<p><strong><span style=\"color: #993300; font-family: arial,helvetica,sans-serif; font-size: 14pt;\">La demande de fournitures pour les \u00e9l\u00e8ves, pour les enseignants,\u00a0de manuels scolaires et les\u00a0sacs et trousses s&rsquo;\u00e9l\u00e8ve globalement comme suit:<\/span><\/strong><\/p>\n<p><strong><span style=\"color: #808000; font-family: arial,helvetica,sans-serif; font-size: 14pt;\">Fournitures \u00e9l\u00e8ves<\/span><\/strong><\/p>\n<p><strong><span style=\"color: #993300; font-family: arial,helvetica,sans-serif; font-size: 14pt;\">2500 stylos de diff\u00e9rentes couleurs<\/span><\/strong><\/p>\n<p><strong><span style=\"color: #993300; font-family: arial,helvetica,sans-serif; font-size: 14pt;\">2600 prot\u00e8ge cahiers<\/span><\/strong><\/p>\n<p><strong><span style=\"color: #993300; font-family: arial,helvetica,sans-serif; font-size: 14pt;\">800 bo\u00eetes de crayons de couleurs<\/span><\/strong><\/p>\n<p><strong><span style=\"color: #993300; font-family: arial,helvetica,sans-serif; font-size: 14pt;\">660 crayons \u00e0 papier<\/span><\/strong><\/p>\n<p><strong><span style=\"color: #993300; font-family: arial,helvetica,sans-serif; font-size: 14pt;\">500 taille crayons<\/span><\/strong><\/p>\n<p><strong><span style=\"color: #993300; font-family: arial,helvetica,sans-serif; font-size: 14pt;\">625 gommes<\/span><\/strong><\/p>\n<p><strong><span style=\"color: #993300; font-family: arial,helvetica,sans-serif; font-size: 14pt;\">615 ardoises<\/span><\/strong><\/p>\n<p><strong><span style=\"color: #993300; font-family: arial,helvetica,sans-serif; font-size: 14pt;\">125 paires de ciseaux<\/span><\/strong><\/p>\n<p><strong><span style=\"color: #993300; font-family: arial,helvetica,sans-serif; font-size: 14pt;\">25 tubes de colle b\u00e2tons<\/span><\/strong><\/p>\n<p><strong><span style=\"color: #993300; font-family: arial,helvetica,sans-serif; font-size: 14pt;\">4000 cahiers de diff\u00e9rents \u00e9paisseurs<\/span><\/strong><\/p>\n<p><strong><span style=\"color: #993300; font-family: arial,helvetica,sans-serif; font-size: 14pt;\">1250 mat\u00e9riels de g\u00e9om\u00e9trie (\u00e9querres, compas, rapporteurs, r\u00e9gles gradu\u00e9es)\u00a0<\/span><\/strong><\/p>\n<p><strong><span style=\"color: #808000; font-family: arial,helvetica,sans-serif; font-size: 14pt;\">Fournitures instituteurs<\/span><\/strong><\/p>\n<p><strong><span style=\"color: #993300; font-family: arial,helvetica,sans-serif; font-size: 14pt;\">140 bo\u00eetes de craies blanches; 66 de couleurs<\/span><\/strong><\/p>\n<p><strong><span style=\"color: #993300; font-family: arial,helvetica,sans-serif; font-size: 14pt;\">160 feutres de toutes couleurs<\/span><\/strong><\/p>\n<p><strong><span style=\"color: #993300; font-family: arial,helvetica,sans-serif; font-size: 14pt;\">16 dictionnaires<\/span><\/strong><\/p>\n<p><strong><span style=\"color: #993300; font-family: arial,helvetica,sans-serif; font-size: 14pt;\">28 marqueurs<\/span><\/strong><\/p>\n<p><strong><span style=\"color: #993300; font-family: arial,helvetica,sans-serif; font-size: 14pt;\">28 rouleaux de scotch<\/span><\/strong><\/p>\n<p><strong><span style=\"color: #993300; font-family: arial,helvetica,sans-serif; font-size: 14pt;\">34 bidons de colle blanche<\/span><\/strong><\/p>\n<p><strong><span style=\"color: #993300; font-family: arial,helvetica,sans-serif; font-size: 14pt;\">35 ramettes de papier<\/span><\/strong><\/p>\n<p><span style=\"font-size: 14pt;\"><strong><span style=\"color: #993300; font-family: arial,helvetica,sans-serif;\"><span style=\"color: #808000;\">Manuels scolaires<\/span> <\/span><\/strong><\/span><\/p>\n<p><strong><span style=\"color: #993300; font-family: arial,helvetica,sans-serif; font-size: 14pt;\">330 livres de tous niveaux (fran\u00e7ais, maths, histoire et g\u00e9ographie\u00a0de l&rsquo;Afrique, sciences, cahiers multidisciplinaires&#8230;)<\/span><\/strong><\/p>\n<p><strong><span style=\"color: #993300; font-family: arial,helvetica,sans-serif; font-size: 14pt;\"><span style=\"color: #808000;\">Les sacs et les trousses :<\/span> unanimement lou\u00e9s <\/span><\/strong><span style=\"color: #993300; font-family: arial black,sans-serif; font-size: 14pt;\"><strong><span style=\"font-family: arial,helvetica,sans-serif;\">pour leur r\u00e9sistance, il semble possible de r\u00e9aliser l&rsquo;objectif de les faire conserver par les \u00e9l\u00e8ves 3 ann\u00e9es de suite. Rappelons qu&rsquo;ils sont<\/span> <span style=\"font-family: arial,helvetica,sans-serif;\">fournis aux \u00e9l\u00e8ves en CI et en CE2. <\/span><\/strong><\/span><\/p>\n<p><strong><span style=\"color: #993300; font-family: arial,helvetica,sans-serif; font-size: 14pt;\">230 sont \u00e0 commander au centre de formation technique qui les r\u00e9alise depuis 2 ans avec des \u00e9l\u00e8ves couturiers.<\/span><\/strong><\/p>\n<p><a href=\"http:\/\/www.unenfantuncartable17.fr\/wp-content\/uploads\/2016\/03\/fevrier-16.jpg\"><img loading=\"lazy\" decoding=\"async\" class=\"alignnone size-medium wp-image-922\" src=\"http:\/\/www.unenfantuncartable17.fr\/wp-content\/uploads\/2016\/03\/fevrier-16-300x169.jpg\" alt=\"fevrier 16\" width=\"300\" height=\"169\" srcset=\"http:\/\/www.unenfantuncartable17.fr\/wp-content\/uploads\/2016\/03\/fevrier-16-300x169.jpg 300w, http:\/\/www.unenfantuncartable17.fr\/wp-content\/uploads\/2016\/03\/fevrier-16.jpg 1024w\" sizes=\"auto, (max-width: 300px) 100vw, 300px\" \/><\/a><\/p>\n<p><span style=\"color: #993300; font-family: arial,helvetica,sans-serif;\">L<\/span><span style=\"text-decoration: underline;\"><span style=\"color: #993300; font-family: arial,helvetica,sans-serif; font-size: 12pt; text-decoration: underline;\">es \u00e9l\u00e8ves couturi\u00e8res\u00a0du centre de formation technique<\/span><\/span><\/p>\n<p><strong><span style=\"color: #993300; font-family: arial,helvetica,sans-serif; font-size: 14pt;\">Enfin, un <span style=\"color: #808000;\">projet de biblioth\u00e8que scolaire<\/span> est envoie de finalisation \u00e0 l&rsquo;\u00e9cole de Mar Lodj, dont le directeur actuel part \u00e0 la retraite en juin prochain. Ce dernier a accept\u00e9 de devenir le futur animateur de cette biblioth\u00e8que \u00e0 partir de la rentr\u00e9e d&rsquo;octobre. Une classe non occup\u00e9e est mise \u00e0 la disposition de ce futur \u00e9quipement.<\/span><\/strong><\/p>\n<p><span style=\"color: #993300; font-family: arial black,sans-serif; font-size: 14pt;\"><strong><span style=\"font-family: arial,helvetica,sans-serif;\">Une liste d&rsquo;ouvrages a fait l&rsquo;objet de concertations entre l&rsquo;\u00e9quipe p\u00e9dagogique et\u00a0l&rsquo;association. Une<\/span> <\/strong><\/span><span style=\"color: #993300; font-family: arial,helvetica,sans-serif; font-size: 14pt;\"><strong><span style=\"color: #808000;\">centaine d&rsquo;ouvrages adapt\u00e9s<\/span><\/strong><\/span> <strong><span style=\"color: #993300; font-family: arial,helvetica,sans-serif; font-size: 14pt;\">(beaucoup d&rsquo;albums) ont \u00e9t\u00e9 retenus pour tous les niveaux, en vue de faire progresser l&rsquo;apprentissage du fran\u00e7ais et le go\u00fbt de la lecture. <span style=\"color: #808000;\"><span style=\"font-size: 14pt;\">Des ouvrages de litt\u00e9rature africaine le plus souvent.<\/span>\u00a0<\/span>La librairie des 4 Vents, \u00e0 Dakar, serait notre fournisseur ; nous attendons son devis. <\/span><\/strong><\/p>\n<p><span style=\"color: #808000; font-family: arial black,sans-serif; font-size: 14pt;\"><strong><span style=\"font-family: arial,helvetica,sans-serif;\">Nous reviendrons plus longuement sur ce projet important au cours de l&rsquo;assembl\u00e9e g\u00e9n\u00e9rale du 27 mai prochain. Pr\u00e9cisons que la conduite de cette biblioth\u00e8que sera sous la responsabilit\u00e9 p\u00e9dagogique de l&rsquo;\u00e9quipe d&rsquo;enseignants et de l&rsquo;animateur. Un avenant \u00e0 la convention sera bien<\/span> <span style=\"font-family: arial,helvetica,sans-serif;\">entendu sign\u00e9 entre la direction de l&rsquo;\u00e9cole et l&rsquo;association.<\/span><\/strong><\/span><\/p>\n<p><strong><span style=\"color: #993300; font-family: arial,helvetica,sans-serif; font-size: 14pt;\">Nous avons demand\u00e9 au\u00a0centre de formation technique de N&rsquo; Guekokh (qui r\u00e9alise les sacs et les trousses) de pr\u00e9parer un devis pour la r\u00e9alisation de\u00a0deux armoires m\u00e9talliques destin\u00e9es \u00e0 ranger les livres en toute s\u00e9curit\u00e9.<\/span><\/strong><\/p>\n<p>&nbsp;<\/p>\n<p>&nbsp;<\/p>\n","protected":false},"excerpt":{"rendered":"<p>Forte de 6 personnes (3 seulement missionn\u00e9es)\u00a0une d\u00e9l\u00e9gation de l&rsquo;association est revenue de Mar Lodj fin f\u00e9vrier, avec des pistes d&rsquo;actions pr\u00e9cises pour la rentr\u00e9e 2016\/2017. Nous reviendrons en d\u00e9tail dans un article ult\u00e9rieur,\u00a0sur le co\u00fbt pr\u00e9visionnel des diff\u00e9rents achats quand tous les devis seront \u00e0 notre disposition. Les visites aux directeurs d&rsquo;\u00e9coles et\u00a0enseignants des [&hellip;]<\/p>\n","protected":false},"author":2,"featured_media":0,"comment_status":"open","ping_status":"open","sticky":false,"template":"","format":"standard","meta":{"jetpack_post_was_ever_published":false,"_jetpack_newsletter_access":"","_jetpack_dont_email_post_to_subs":false,"_jetpack_newsletter_tier_id":0,"_jetpack_memberships_contains_paywalled_content":false,"_jetpack_memberships_contains_paid_content":false,"footnotes":""},"categories":[1],"tags":[],"class_list":["post-897","post","type-post","status-publish","format-standard","hentry","category-non-classe"],"jetpack_featured_media_url":"","jetpack_sharing_enabled":true,"jetpack_shortlink":"https:\/\/wp.me\/p5o8j7-et","_links":{"self":[{"href":"http:\/\/www.unenfantuncartable17.fr\/index.php?rest_route=\/wp\/v2\/posts\/897","targetHints":{"allow":["GET"]}}],"collection":[{"href":"http:\/\/www.unenfantuncartable17.fr\/index.php?rest_route=\/wp\/v2\/posts"}],"about":[{"href":"http:\/\/www.unenfantuncartable17.fr\/index.php?rest_route=\/wp\/v2\/types\/post"}],"author":[{"embeddable":true,"href":"http:\/\/www.unenfantuncartable17.fr\/index.php?rest_route=\/wp\/v2\/users\/2"}],"replies":[{"embeddable":true,"href":"http:\/\/www.unenfantuncartable17.fr\/index.php?rest_route=%2Fwp%2Fv2%2Fcomments&post=897"}],"version-history":[{"count":25,"href":"http:\/\/www.unenfantuncartable17.fr\/index.php?rest_route=\/wp\/v2\/posts\/897\/revisions"}],"predecessor-version":[{"id":924,"href":"http:\/\/www.unenfantuncartable17.fr\/index.php?rest_route=\/wp\/v2\/posts\/897\/revisions\/924"}],"wp:attachment":[{"href":"http:\/\/www.unenfantuncartable17.fr\/index.php?rest_route=%2Fwp%2Fv2%2Fmedia&parent=897"}],"wp:term":[{"taxonomy":"category","embeddable":true,"href":"http:\/\/www.unenfantuncartable17.fr\/index.php?rest_route=%2Fwp%2Fv2%2Fcategories&post=897"},{"taxonomy":"post_tag","embeddable":true,"href":"http:\/\/www.unenfantuncartable17.fr\/index.php?rest_route=%2Fwp%2Fv2%2Ftags&post=897"}],"curies":[{"name":"wp","href":"https:\/\/api.w.org\/{rel}","templated":true}]}}