{"id":863,"date":"2015-12-09T16:49:21","date_gmt":"2015-12-09T15:49:21","guid":{"rendered":"http:\/\/www.unenfantuncartable17.fr\/?p=863"},"modified":"2015-12-31T12:48:08","modified_gmt":"2015-12-31T11:48:08","slug":"bonne-annee-2016","status":"publish","type":"post","link":"http:\/\/www.unenfantuncartable17.fr\/?p=863","title":{"rendered":"Bonne ann\u00e9e 2016 !"},"content":{"rendered":"<p><span style=\"color: #993300; font-family: arial,helvetica,sans-serif; font-size: 14pt;\"><strong>Chers amis, chers adh\u00e9rents,<\/strong><\/span><\/p>\n<p style=\"text-align: left;\"><span style=\"color: #808000; font-family: arial,helvetica,sans-serif; font-size: 14pt;\"><strong>Guerres, enl\u00e8vements, in\u00e9galit\u00e9s croissantes, pauvret\u00e9 end\u00e9mique, mont\u00e9e des extr\u00e9mismes et des \u00e9go\u00efsmes, <span style=\"color: #993300;\">et <\/span><\/strong><\/span><span style=\"color: #993300; font-family: arial,helvetica,sans-serif; font-size: 14pt;\"><strong>168 millions d\u2019enfants sont toujours\u00a0victimes du travail forc\u00e9.\u00a0<\/strong><\/span><span style=\"color: #808000; font-family: arial,helvetica,sans-serif; font-size: 14pt;\"><strong><span style=\"color: #993300;\">57 millions d&rsquo;entre eux\u00a0ne vont pas \u00e0\u00a0\u00a0l\u2019\u00e9cole.<\/span><\/strong><\/span><span style=\"color: #808000; font-family: arial,helvetica,sans-serif; font-size: 14pt;\"><strong><span style=\"color: #993300;\">\u00a0<\/span>\u00a0\u00a0\u00a0<\/strong><\/span><span style=\"color: #808000; font-family: arial,helvetica,sans-serif; font-size: 14pt;\"><strong>\u00a0<\/strong><\/span><span style=\"color: #808000; font-family: arial,helvetica,sans-serif; font-size: 14pt;\"><strong>\u00a0\u00a0\u00a0\u00a0\u00a0\u00a0\u00a0\u00a0\u00a0\u00a0\u00a0\u00a0\u00a0\u00a0\u00a0\u00a0\u00a0\u00a0\u00a0\u00a0\u00a0\u00a0\u00a0\u00a0\u00a0\u00a0\u00a0\u00a0\u00a0\u00a0\u00a0\u00a0\u00a0\u00a0\u00a0\u00a0\u00a0\u00a0\u00a0\u00a0\u00a0\u00a0\u00a0\u00a0\u00a0\u00a0\u00a0\u00a0\u00a0\u00a0\u00a0\u00a0\u00a0\u00a0\u00a0\u00a0\u00a0\u00a0\u00a0\u00a0\u00a0\u00a0\u00a0\u00a0\u00a0\u00a0\u00a0\u00a0\u00a0\u00a0\u00a0\u00a0\u00a0\u00a0\u00a0\u00a0\u00a0\u00a0\u00a0\u00a0\u00a0\u00a0\u00a0\u00a0\u00a0\u00a0\u00a0\u00a0\u00a0\u00a0\u00a0\u00a0\u00a0\u00a0\u00a0\u00a0\u00a0\u00a0\u00a0\u00a0\u00a0\u00a0\u00a0\u00a0\u00a0\u00a0\u00a0\u00a0\u00a0\u00a0\u00a0\u00a0\u00a0\u00a0\u00a0\u00a0\u00a0<\/strong><\/span><\/p>\n<p><span style=\"color: #808000; font-family: arial,helvetica,sans-serif; font-size: 14pt;\"><strong>2015, ann\u00e9e terrible\u00a0!<\/strong><\/span><\/p>\n<p><span style=\"color: #808000; font-family: arial,helvetica,sans-serif; font-size: 14pt;\"><strong><span style=\"color: #993300;\">Et pourtant<\/span>\u00a0: en 2014, Malala, Prix Nobel de la Paix 2014 d\u00e9clarait : \u00ab\u00a0Si vous voulez arr\u00eater les conflits, n\u2019envoyez pas des fusils mais des livres\u00a0; pas des soldats, mais des enseignants. Nos cahiers et nos crayons sont nos armes les plus puissantes.\u00a0\u00bb<\/strong><\/span><\/p>\n<p><span style=\"color: #993300; font-family: arial,helvetica,sans-serif; font-size: 14pt;\"><strong>Le travail n\u2019est donc pas achev\u00e9\u2026<\/strong><\/span><\/p>\n<p><span style=\"color: #993300; font-family: arial,helvetica,sans-serif; font-size: 14pt;\"><strong><a href=\"http:\/\/www.unenfantuncartable17.fr\/wp-content\/uploads\/2015\/05\/Photo-103-1-800x600.jpg\"><img loading=\"lazy\" decoding=\"async\" class=\"alignnone size-medium wp-image-814\" src=\"http:\/\/www.unenfantuncartable17.fr\/wp-content\/uploads\/2015\/05\/Photo-103-1-800x600-300x225.jpg\" alt=\"Photo 103 1 (800x600)\" width=\"300\" height=\"225\" srcset=\"http:\/\/www.unenfantuncartable17.fr\/wp-content\/uploads\/2015\/05\/Photo-103-1-800x600-300x225.jpg 300w, http:\/\/www.unenfantuncartable17.fr\/wp-content\/uploads\/2015\/05\/Photo-103-1-800x600.jpg 800w\" sizes=\"auto, (max-width: 300px) 100vw, 300px\" \/><\/a><\/strong><\/span><\/p>\n<p><span style=\"color: #808000; font-family: arial,helvetica,sans-serif; font-size: 14pt;\"><strong>Notre association n\u2019est certes pas la seule \u00e0 se battre\u00a0; mais nous devons poursuivre nos actions et, \u00e0 notre mesure, permettre <span style=\"color: #993300;\">\u00e0 toutes et tous les enfants de Mar Lodj d\u2019emprunter le chemin de l\u2019\u00e9cole\u00a0!<\/span><\/strong><\/span><\/p>\n<p><span style=\"color: #808000; font-family: arial,helvetica,sans-serif; font-size: 14pt;\"><strong>Nous sommes 230 et, <span style=\"color: #993300;\">en 2016 l\u2019association aura besoin de chacun de vous\u00a0!<\/span><\/strong><\/span><\/p>\n<p><span style=\"color: #808000; font-family: arial,helvetica,sans-serif; font-size: 14pt;\"><strong><span style=\"color: #993300;\">Nous avons aid\u00e9 960 enfants en 2015 (52% de filles) soit 18 fois plus qu\u2019en 2009\u00a0!<\/span> <span style=\"text-decoration: underline;\">Toutefois, les besoins des \u00e9coles primaires ne sont pas encore totalement satisfaits<\/span>, et nous avons r\u00e9pondu \u00e0 ceux des maternelles pour la premi\u00e8re fois cette ann\u00e9e.<\/strong><\/span><\/p>\n<p><span style=\"color: #808000; font-family: arial,helvetica,sans-serif; font-size: 14pt;\"><strong>Nous avons besoin de ressources r\u00e9guli\u00e8res. Depuis 2012, nos partenaires &#8211; Entraide et Solidarit\u00e9, le Lions La Rochelle-doyen, la SMIP- nous permettent de nous projeter sans craindre le lendemain.<span style=\"color: #993300;\"> Mais ce sont vos adh\u00e9sions qui sont notre force vitale et notre avenir.<\/span><\/strong><\/span><\/p>\n<p><span style=\"color: #993300; font-family: arial,helvetica,sans-serif; font-size: 14pt;\"><strong>Parlez-en \u00e0 vos amis, faites-nous conna\u00eetre\u00a0!<\/strong><\/span><\/p>\n<p><span style=\"color: #808000; font-family: arial,helvetica,sans-serif; font-size: 14pt;\"><strong>En participant tous \u00e0 cet objectif, nous serons des acteurs solidaires d\u2019un monde plus \u00e9duqu\u00e9.<\/strong><\/span><\/p>\n<p><span style=\"color: #808000; font-family: arial,helvetica,sans-serif; font-size: 14pt;\"><strong>Nous nous retrouverons pour l\u2019assembl\u00e9e g\u00e9n\u00e9rale le<span style=\"color: #993300;\"> vendredi 27 mai \u00e0 19h30,<\/span> maison de quartier de Port Neuf.<\/strong><\/span><\/p>\n<p><span style=\"color: #808000; font-family: arial,helvetica,sans-serif; font-size: 14pt;\"><strong>D\u2019ici l\u00e0, le Conseil d\u2019Administration se joint \u00e0 moi pour vous pr\u00e9senter nos meilleurs v\u0153ux de bonheur et de sant\u00e9 pour l\u2019ann\u00e9e 2016.<\/strong><\/span><\/p>\n<p><span style=\"color: #808000; font-family: arial,helvetica,sans-serif; font-size: 14pt;\"><strong><span style=\"color: #993300;\">Tr\u00e8s cordialement,<\/span><\/strong><\/span><br \/><span style=\"color: #808000; font-family: arial,helvetica,sans-serif; font-size: 14pt;\"><strong>\u00a0<\/strong><\/span><br \/><span style=\"color: #808000; font-family: arial,helvetica,sans-serif; font-size: 14pt;\"><strong>Le Pr\u00e9sident\u00a0\u00a0\u00a0\u00a0\u00a0\u00a0\u00a0\u00a0\u00a0\u00a0<\/strong><\/span><\/p>\n<p><span style=\"color: #808000; font-family: arial,helvetica,sans-serif; font-size: 14pt;\"><strong>Jean-Claude Brossard<\/strong><\/span><\/p>\n","protected":false},"excerpt":{"rendered":"<p>Chers amis, chers adh\u00e9rents, Guerres, enl\u00e8vements, in\u00e9galit\u00e9s croissantes, pauvret\u00e9 end\u00e9mique, mont\u00e9e des extr\u00e9mismes et des \u00e9go\u00efsmes, et 168 millions d\u2019enfants sont toujours\u00a0victimes du travail forc\u00e9.\u00a057 millions d&rsquo;entre eux\u00a0ne vont pas \u00e0\u00a0\u00a0l\u2019\u00e9cole.\u00a0\u00a0\u00a0\u00a0\u00a0\u00a0\u00a0\u00a0\u00a0\u00a0\u00a0\u00a0\u00a0\u00a0\u00a0\u00a0\u00a0\u00a0\u00a0\u00a0\u00a0\u00a0\u00a0\u00a0\u00a0\u00a0\u00a0\u00a0\u00a0\u00a0\u00a0\u00a0\u00a0\u00a0\u00a0\u00a0\u00a0\u00a0\u00a0\u00a0\u00a0\u00a0\u00a0\u00a0\u00a0\u00a0\u00a0\u00a0\u00a0\u00a0\u00a0\u00a0\u00a0\u00a0\u00a0\u00a0\u00a0\u00a0\u00a0\u00a0\u00a0\u00a0\u00a0\u00a0\u00a0\u00a0\u00a0\u00a0\u00a0\u00a0\u00a0\u00a0\u00a0\u00a0\u00a0\u00a0\u00a0\u00a0\u00a0\u00a0\u00a0\u00a0\u00a0\u00a0\u00a0\u00a0\u00a0\u00a0\u00a0\u00a0\u00a0\u00a0\u00a0\u00a0\u00a0\u00a0\u00a0\u00a0\u00a0\u00a0\u00a0\u00a0\u00a0\u00a0\u00a0\u00a0\u00a0\u00a0\u00a0\u00a0\u00a0\u00a0\u00a0\u00a0\u00a0\u00a0\u00a0\u00a0\u00a0\u00a0\u00a0\u00a0 2015, ann\u00e9e terrible\u00a0! Et pourtant\u00a0: en 2014, Malala, Prix Nobel de la Paix 2014 d\u00e9clarait : \u00ab\u00a0Si vous voulez arr\u00eater les conflits, n\u2019envoyez pas [&hellip;]<\/p>\n","protected":false},"author":2,"featured_media":0,"comment_status":"open","ping_status":"open","sticky":false,"template":"","format":"standard","meta":{"jetpack_post_was_ever_published":false,"_jetpack_newsletter_access":"","_jetpack_dont_email_post_to_subs":false,"_jetpack_newsletter_tier_id":0,"_jetpack_memberships_contains_paywalled_content":false,"_jetpack_memberships_contains_paid_content":false,"footnotes":""},"categories":[1],"tags":[],"class_list":["post-863","post","type-post","status-publish","format-standard","hentry","category-non-classe"],"jetpack_featured_media_url":"","jetpack_sharing_enabled":true,"jetpack_shortlink":"https:\/\/wp.me\/p5o8j7-dV","_links":{"self":[{"href":"http:\/\/www.unenfantuncartable17.fr\/index.php?rest_route=\/wp\/v2\/posts\/863","targetHints":{"allow":["GET"]}}],"collection":[{"href":"http:\/\/www.unenfantuncartable17.fr\/index.php?rest_route=\/wp\/v2\/posts"}],"about":[{"href":"http:\/\/www.unenfantuncartable17.fr\/index.php?rest_route=\/wp\/v2\/types\/post"}],"author":[{"embeddable":true,"href":"http:\/\/www.unenfantuncartable17.fr\/index.php?rest_route=\/wp\/v2\/users\/2"}],"replies":[{"embeddable":true,"href":"http:\/\/www.unenfantuncartable17.fr\/index.php?rest_route=%2Fwp%2Fv2%2Fcomments&post=863"}],"version-history":[{"count":13,"href":"http:\/\/www.unenfantuncartable17.fr\/index.php?rest_route=\/wp\/v2\/posts\/863\/revisions"}],"predecessor-version":[{"id":890,"href":"http:\/\/www.unenfantuncartable17.fr\/index.php?rest_route=\/wp\/v2\/posts\/863\/revisions\/890"}],"wp:attachment":[{"href":"http:\/\/www.unenfantuncartable17.fr\/index.php?rest_route=%2Fwp%2Fv2%2Fmedia&parent=863"}],"wp:term":[{"taxonomy":"category","embeddable":true,"href":"http:\/\/www.unenfantuncartable17.fr\/index.php?rest_route=%2Fwp%2Fv2%2Fcategories&post=863"},{"taxonomy":"post_tag","embeddable":true,"href":"http:\/\/www.unenfantuncartable17.fr\/index.php?rest_route=%2Fwp%2Fv2%2Ftags&post=863"}],"curies":[{"name":"wp","href":"https:\/\/api.w.org\/{rel}","templated":true}]}}