{"id":828,"date":"2015-11-20T16:20:51","date_gmt":"2015-11-20T15:20:51","guid":{"rendered":"http:\/\/www.unenfantuncartable17.fr\/?p=828"},"modified":"2015-12-25T12:09:32","modified_gmt":"2015-12-25T11:09:32","slug":"distribution-realisee-pour-900-eleves","status":"publish","type":"post","link":"http:\/\/www.unenfantuncartable17.fr\/?p=828","title":{"rendered":"Distribution r\u00e9alis\u00e9e pour 960 \u00e9l\u00e8ves !"},"content":{"rendered":"<div id=\"attachment_839\" style=\"width: 310px\" class=\"wp-caption alignnone\"><a href=\"http:\/\/www.unenfantuncartable17.fr\/wp-content\/uploads\/2015\/11\/DSCF2856.jpg\"><img loading=\"lazy\" decoding=\"async\" aria-describedby=\"caption-attachment-839\" class=\"size-medium wp-image-839\" src=\"http:\/\/www.unenfantuncartable17.fr\/wp-content\/uploads\/2015\/11\/DSCF2856-300x225.jpg\" alt=\"distribution \u00e0 Mar Lodj avec le directeur\" width=\"300\" height=\"225\" srcset=\"http:\/\/www.unenfantuncartable17.fr\/wp-content\/uploads\/2015\/11\/DSCF2856-300x225.jpg 300w, http:\/\/www.unenfantuncartable17.fr\/wp-content\/uploads\/2015\/11\/DSCF2856.jpg 1024w\" sizes=\"auto, (max-width: 300px) 100vw, 300px\" \/><\/a><p id=\"caption-attachment-839\" class=\"wp-caption-text\"><span style=\"font-size: 12pt; text-decoration: underline;\"><em><span style=\"color: #993300; text-decoration: underline;\">Distribution \u00e0 Mar Lodj<\/span><\/em><\/span><\/p><\/div>\n<p><strong><span style=\"color: #993300; font-family: arial,helvetica,sans-serif; font-size: 14pt;\">Du 8 au 16 novembre, une d\u00e9l\u00e9gation de notre association a proc\u00e9d\u00e9 \u00e0 la distribution des fournitures dans les \u00e9l\u00e8ves des\u00a05 \u00e9coles de l&rsquo;\u00eele de Mar Lodj <span style=\"color: #808000;\">(4 primaires et une maternelle)<\/span><\/span><\/strong><\/p>\n<p><strong><span style=\"color: #993300; font-family: arial,helvetica,sans-serif; font-size: 14pt;\">Les diff\u00e9rentes livraisons de nos fournisseurs\u00a0ont \u00e9t\u00e9 effectu\u00e9es conform\u00e9ment aux commandes pass\u00e9es (pour le d\u00e9tail de la commande, voir article pr\u00e9c\u00e9dent)<\/span><\/strong><\/p>\n<p><strong><span style=\"color: #993300;\">\u00a0<span style=\"font-family: arial,helvetica,sans-serif; font-size: 14pt;\">Les sacs et les trousses -d\u00e9j\u00e0 en service l&rsquo;an pass\u00e9- continuent de donner satisfaction par leur solidit\u00e9, et le centre de formation qui les r\u00e9alise, en profite pour donner ainsi du travail pratique \u00e0 ses \u00e9l\u00e8ves de 3\u00e8me ann\u00e9e.<span style=\"color: #808000;\"> Plus de 360 ont \u00e9t\u00e9 command\u00e9s cette ann\u00e9e \u00e0 destination des \u00e9l\u00e8ves de CI et de CE2 pour durer 3 ans.<\/span> L&rsquo;op\u00e9ration sera ainsi \u00e0 renouveler tous les ans, seulement pour ces deux niveaux.<\/span><\/span><\/strong><\/p>\n<p><a href=\"http:\/\/www.unenfantuncartable17.fr\/wp-content\/uploads\/2015\/11\/4-Gde-section-2.jpg\"><img loading=\"lazy\" decoding=\"async\" class=\"alignnone size-medium wp-image-854\" src=\"http:\/\/www.unenfantuncartable17.fr\/wp-content\/uploads\/2015\/11\/4-Gde-section-2-300x225.jpg\" alt=\"4 Gde section (2)\" width=\"300\" height=\"225\" srcset=\"http:\/\/www.unenfantuncartable17.fr\/wp-content\/uploads\/2015\/11\/4-Gde-section-2-300x225.jpg 300w, http:\/\/www.unenfantuncartable17.fr\/wp-content\/uploads\/2015\/11\/4-Gde-section-2.jpg 1024w\" sizes=\"auto, (max-width: 300px) 100vw, 300px\" \/><\/a><\/p>\n<p><span style=\"text-decoration: underline;\"><span style=\"color: #993300;\"><em>La grande section de la maternelle<\/em><\/span><\/span><\/p>\n<p><strong><span style=\"color: #993300; font-family: arial,helvetica,sans-serif; font-size: 14pt;\">Les associations de parents d&rsquo;\u00e9l\u00e8ves, notamment \u00e0 Mar Fafako,\u00a0ont montr\u00e9 leur satisfaction en \u00e9tant pr\u00e9sents en masse\u00a0lors des rendez-vous de distribution, un signe de\u00a0cr\u00e9dibilit\u00e9 que notre association a acquise depuis 7 ans. <\/span><\/strong><\/p>\n<p><span style=\"font-family: arial,helvetica,sans-serif; font-size: 14pt;\"><span style=\"color: #993300;\"><strong>Les effectifs pr\u00e9visionnels r\u00e9alis\u00e9s\u00a0lors du dernier voyage au printemps, se sont r\u00e9v\u00e9l\u00e9s<\/strong> <strong>justes pour toutes les \u00e9coles, sauf pour celle de Mar Fafako<\/strong><\/span><strong> <span style=\"color: #993300;\">(mais nous n&rsquo;avions pu rencontrer alors le directeur) qui en r\u00e9alit\u00e9 ne compte <span style=\"color: #808000;\">\u00ab\u00a0que\u00a0\u00bb\u00a0530 enfants au lieu des 650 annonc\u00e9s. Les fournitures achet\u00e9es en exc\u00e8s seront donc\u00a0utilis\u00e9es pour la prochaine rentr\u00e9e.<\/span> <\/span><\/strong><\/span><\/p>\n<p><strong><span style=\"color: #993300; font-family: arial,helvetica,sans-serif; font-size: 14pt;\">Diff\u00e9rence \u00e9galement du c\u00f4t\u00e9 de la <span style=\"color: #808000;\">maternelle de Mar Lodj (60 enfants au lieu de 90),<\/span> mais qui devrait \u00eatre corrig\u00e9e, d&rsquo;ici \u00e0\u00a0la fin de l&rsquo;ann\u00e9e. <\/span><\/strong><\/p>\n<p><a href=\"http:\/\/www.unenfantuncartable17.fr\/wp-content\/uploads\/2015\/11\/DSCF2842.jpg\"><img loading=\"lazy\" decoding=\"async\" class=\"alignnone size-medium wp-image-845\" src=\"http:\/\/www.unenfantuncartable17.fr\/wp-content\/uploads\/2015\/11\/DSCF2842-300x225.jpg\" alt=\"DSCF2842\" width=\"300\" height=\"225\" srcset=\"http:\/\/www.unenfantuncartable17.fr\/wp-content\/uploads\/2015\/11\/DSCF2842-300x225.jpg 300w, http:\/\/www.unenfantuncartable17.fr\/wp-content\/uploads\/2015\/11\/DSCF2842.jpg 1024w\" sizes=\"auto, (max-width: 300px) 100vw, 300px\" \/><\/a><\/p>\n<p><span style=\"text-decoration: underline;\"><span style=\"color: #993300;\"><em>Plus de 900 enfants concern\u00e9s !<\/em><\/span><\/span><\/p>\n<p><span style=\"color: #993300; font-family: arial,helvetica,sans-serif; font-size: 14pt;\"><strong>En effet, tous les enfants devant \u00eatre munis d&rsquo;une blouse qui repr\u00e9sente une charge importante en octobre (la r\u00e9colte d&rsquo;arachide n&rsquo;est pas encore vendue) les parents attendent cette rentr\u00e9e d&rsquo;argent pour inscrire les enfants. Une piste de travail<\/strong> <strong>s&rsquo;ouvre\u00a0peut-\u00eatre pour\u00a0nous \u00e0 ce sujet, avec la confection de cette blouse\u00a0lors de la prochaine rentr\u00e9e, avec l&rsquo;aide du centre de formation de N&rsquo;Gu\u00e9kokh qui r\u00e9alise les sacs et les trousses&#8230;? Nous en reparlerons, rien n&rsquo;est d\u00e9cid\u00e9.<\/strong><\/span><\/p>\n<p><strong><span style=\"color: #993300; font-family: arial,helvetica,sans-serif; font-size: 14pt;\">Comme les ann\u00e9es pass\u00e9es, les conventions de partenariat ont \u00e9t\u00e9 sign\u00e9es par les directeurs d&rsquo;\u00e9coles.<\/span><\/strong><\/p>\n<p><span style=\"color: #808000;\"><strong><span style=\"font-family: arial,helvetica,sans-serif; font-size: 14pt;\">Cycle \u00e9l\u00e9mentaire 900 \u00e9l\u00e8ves: <\/span><\/strong><\/span><strong><span style=\"color: #993300; font-family: arial,helvetica,sans-serif; font-size: 14pt;\">Mar Fafako: 530 \u00e9l\u00e8ves. Mar Lodj: 200. Mar Soulou: 130. Wandi\u00e9: 40. <\/span><\/strong><\/p>\n<p><span style=\"color: #808000;\"><strong><span style=\"font-family: arial,helvetica,sans-serif; font-size: 14pt;\">Cycle maternel 60 \u00e9l\u00e8ves: <span style=\"color: #993300;\">Mar Lodj: 60.<\/span><\/span><\/strong><\/span><\/p>\n<p><span style=\"font-size: 18pt; text-decoration: underline;\"><span style=\"color: #808000; font-family: arial,helvetica,sans-serif; text-decoration: underline;\"><strong>Au total, 960 enfants- 52% de filles-\u00a0b\u00e9n\u00e9ficient de\u00a0notre action.<\/strong> <\/span><\/span><\/p>\n","protected":false},"excerpt":{"rendered":"<p>Du 8 au 16 novembre, une d\u00e9l\u00e9gation de notre association a proc\u00e9d\u00e9 \u00e0 la distribution des fournitures dans les \u00e9l\u00e8ves des\u00a05 \u00e9coles de l&rsquo;\u00eele de Mar Lodj (4 primaires et une maternelle) Les diff\u00e9rentes livraisons de nos fournisseurs\u00a0ont \u00e9t\u00e9 effectu\u00e9es conform\u00e9ment aux commandes pass\u00e9es (pour le d\u00e9tail de la commande, voir article pr\u00e9c\u00e9dent) \u00a0Les sacs [&hellip;]<\/p>\n","protected":false},"author":2,"featured_media":0,"comment_status":"open","ping_status":"open","sticky":false,"template":"","format":"standard","meta":{"jetpack_post_was_ever_published":false,"_jetpack_newsletter_access":"","_jetpack_dont_email_post_to_subs":false,"_jetpack_newsletter_tier_id":0,"_jetpack_memberships_contains_paywalled_content":false,"_jetpack_memberships_contains_paid_content":false,"footnotes":""},"categories":[1],"tags":[],"class_list":["post-828","post","type-post","status-publish","format-standard","hentry","category-non-classe"],"jetpack_featured_media_url":"","jetpack_sharing_enabled":true,"jetpack_shortlink":"https:\/\/wp.me\/p5o8j7-dm","_links":{"self":[{"href":"http:\/\/www.unenfantuncartable17.fr\/index.php?rest_route=\/wp\/v2\/posts\/828","targetHints":{"allow":["GET"]}}],"collection":[{"href":"http:\/\/www.unenfantuncartable17.fr\/index.php?rest_route=\/wp\/v2\/posts"}],"about":[{"href":"http:\/\/www.unenfantuncartable17.fr\/index.php?rest_route=\/wp\/v2\/types\/post"}],"author":[{"embeddable":true,"href":"http:\/\/www.unenfantuncartable17.fr\/index.php?rest_route=\/wp\/v2\/users\/2"}],"replies":[{"embeddable":true,"href":"http:\/\/www.unenfantuncartable17.fr\/index.php?rest_route=%2Fwp%2Fv2%2Fcomments&post=828"}],"version-history":[{"count":19,"href":"http:\/\/www.unenfantuncartable17.fr\/index.php?rest_route=\/wp\/v2\/posts\/828\/revisions"}],"predecessor-version":[{"id":887,"href":"http:\/\/www.unenfantuncartable17.fr\/index.php?rest_route=\/wp\/v2\/posts\/828\/revisions\/887"}],"wp:attachment":[{"href":"http:\/\/www.unenfantuncartable17.fr\/index.php?rest_route=%2Fwp%2Fv2%2Fmedia&parent=828"}],"wp:term":[{"taxonomy":"category","embeddable":true,"href":"http:\/\/www.unenfantuncartable17.fr\/index.php?rest_route=%2Fwp%2Fv2%2Fcategories&post=828"},{"taxonomy":"post_tag","embeddable":true,"href":"http:\/\/www.unenfantuncartable17.fr\/index.php?rest_route=%2Fwp%2Fv2%2Ftags&post=828"}],"curies":[{"name":"wp","href":"https:\/\/api.w.org\/{rel}","templated":true}]}}