{"id":81,"date":"2010-04-15T15:23:00","date_gmt":"2010-04-15T15:23:00","guid":{"rendered":"http:\/\/www.unenfantuncartable17.fr\/?p=81"},"modified":"2015-01-28T16:59:32","modified_gmt":"2015-01-28T15:59:32","slug":"bilan-d-etape-fin","status":"publish","type":"post","link":"http:\/\/www.unenfantuncartable17.fr\/?p=81","title":{"rendered":"Bilan d&rsquo;\u00e9tape, fin 2009"},"content":{"rendered":"<p><span style=\"font-size: 12pt;\"><span style=\"color: #99cc00;\"><span style=\"line-height: 115%;\"><span style=\"color: #ff9900;\">\u00a0<\/span><\/span><\/span><\/span><span style=\"line-height: 115%; font-size: 12pt;\"><span style=\"color: #99cc00;\"><span style=\"color: #ff9900;\">\u00a0<span style=\"font-size: 10pt;\"><img loading=\"lazy\" decoding=\"async\" class=\"noAlign\" src=\"http:\/\/www.unenfantuncartable17.fr\/wp-content\/uploads\/2010\/04\/Wandie-Le-village-au-travail.jpg\" alt=\"Wandi\u00e9 Le village au travail\" width=\"500\" height=\"375\" \/>\u00a0<\/span><\/span><\/span><\/span><span style=\"color: #993300; line-height: 115%; font-family: arial,helvetica,sans-serif; font-size: 10pt;\"><span style=\"line-height: 115%;\"><span style=\"text-decoration: underline;\"><strong>La construction de l&rsquo;\u00e9cole par les villageois. A gauche le chef du village<\/strong><\/span>.\u00a0<\/span><\/span><\/p>\n<div class=\"ob-section ob-section-html\">\n<p style=\"margin: 0cm 0cm 10pt;\"><span style=\"color: #993300; font-family: arial,helvetica,sans-serif; font-size: 14pt;\"><strong><span style=\"line-height: 115%;\">Les<\/span> <span style=\"line-height: 115%;\">trois objectifs\u00a0pour 2010<\/span><\/strong>\u00a0<\/span><\/p>\n<p style=\"margin: 0cm 0cm 10pt;\"><span style=\"color: #808000; font-family: arial,helvetica,sans-serif; font-size: 14pt;\"><strong><span style=\"line-height: 115%;\">&#8211; Atteindre la barre des 200 adh\u00e9rents<\/span><\/strong><\/span><\/p>\n<p style=\"margin: 0cm 0cm 10pt;\"><span style=\"color: #808000; font-family: arial,helvetica,sans-serif; font-size: 14pt;\"><strong><span style=\"line-height: 115%;\">&#8211; Lancer une collaboration avec le Lyc\u00e9e de Rompsay afin d\u2019envoyer des jeunes lyc\u00e9ens sur l\u2019ile de Marlodge pour un projet\u00a0qui am\u00e9liore des infrastructures scolaires.<\/span><\/strong><\/span><\/p>\n<p style=\"margin: 0cm 0cm 10pt;\"><span style=\"color: #808000; font-family: arial,helvetica,sans-serif; font-size: 14pt;\"><strong><span style=\"line-height: 115%;\">&#8211; Etudier les besoins de l\u2019\u00e9cole primaire de Marsoulou\u00a0pour prendre en charge une nouvelle cohorte d\u2019enfants.<\/span><\/strong><\/span><\/p>\n<p style=\"margin: 0cm 0cm 10pt;\"><span style=\"color: #993300; font-family: arial,helvetica,sans-serif; font-size: 14pt;\"><strong><span style=\"line-height: 115%;\">Le travail sur place de notre correspondant Olivier Gu\u00e9rin a tenu toutes\u00a0ses promesses.<\/span><\/strong><\/span><\/p>\n<p style=\"margin: 0cm 0cm 10pt;\"><span style=\"color: #993300; font-family: arial,helvetica,sans-serif; font-size: 14pt;\"><strong><span style=\"line-height: 115%;\">La dotation en<span style=\"mso-spacerun: yes;\">\u00a0<\/span> \u00e9quipement scolaire pour l\u2019ann\u00e9e 2009\/2010 a \u00e9t\u00e9 r\u00e9alis\u00e9e pour les 45 enfants de Wandi\u00e9 et les 30 enfants du camp Hakuna Matata.<\/span><\/strong><\/span><\/p>\n<p style=\"margin: 0cm 0cm 10pt;\"><span style=\"color: #808000; font-family: arial,helvetica,sans-serif; font-size: 14pt;\"><strong><span style=\"line-height: 115%;\">Les livres\u00a0ont \u00e9t\u00e9 fournis pour le CP et CE1. Il reste \u00e0 travailler sur les\u00a0CE2, CM1 et CM2.<\/span><\/strong><\/span><\/p>\n<p style=\"margin: 0cm 0cm 10pt;\"><span style=\"color: #993300; line-height: 115%; font-size: 12pt;\"><strong><span style=\"font-family: arial,helvetica,sans-serif;\"><span style=\"font-size: 14pt;\">La surprise est venue de l\u2019Education Nationale S\u00e9n\u00e9galaise qui a d\u00e9cid\u00e9 de nommer \u00e0 Wandi\u00e9\u00a0un deuxi\u00e8me instituteur \u00e0 temps complet, pour exploiter au mieux les infrastructures et les \u00e9l\u00e9ments p\u00e9dagogiques fournis par<\/span>\u00a0<span style=\"font-size: 14pt;\">\u00ab\u00a0Un enfant, un cartable\u00a0\u00bb.<\/span><\/span><\/strong><\/span><\/p>\n<p style=\"margin: 0cm 0cm 10pt;\"><span style=\"color: #808000; font-family: arial,helvetica,sans-serif; font-size: 14pt;\"><strong><span style=\"line-height: 115%;\">Le bureau de l&rsquo;association\u00a0ayant vot\u00e9 la prise en charge<span style=\"mso-spacerun: yes;\">\u00a0<\/span>de l\u2019adduction d\u2019eau pour l\u2019\u00e9cole de Wandi\u00e9, les travaux ont commenc\u00e9 et la canalisation devrait \u00eatre en place en\u00a0mars 2010.<\/span><\/strong><\/span><\/p>\n<p style=\"margin: 0cm 0cm 10pt;\"><span style=\"font-family: arial,helvetica,sans-serif; font-size: 14pt;\"><strong><span style=\"line-height: 115%;\"><span style=\"color: #99cc00;\"><span style=\"color: #993300;\">Pour le premier objectif <\/span><span style=\"color: #808000;\">-atteindre les 200 adh\u00e9rents- la mobilisation a faibli <span style=\"mso-spacerun: yes;\">\u00a0<\/span>puisque nous sommes<\/span><\/span><span style=\"color: #808000;\"> aujourd\u2019hui 118. Le budget reste toutefois\u00a0exc\u00e9dentaire gr\u00e2ce \u00e0\u00a0Jean Fran\u00e7ois Juric qui nous a permis<span style=\"mso-spacerun: yes;\">\u00a0<\/span> d\u2019obtenir une subvention du Lions club de 700 \u20ac.<\/span><\/span><\/strong><\/span><\/p>\n<p style=\"margin: 0cm 0cm 10pt;\"><span style=\"color: #808000; font-family: arial,helvetica,sans-serif; font-size: 14pt;\"><strong><span style=\"line-height: 115%;\">Une\u00a0remobilisation est n\u00e9c\u00e9ssaire\u00a0car les besoins sont immenses.<\/span><\/strong><\/span><\/p>\n<p style=\"margin: 0cm 0cm 10pt;\"><span style=\"font-family: arial,helvetica,sans-serif; font-size: 14pt;\"><strong><span style=\"line-height: 115%;\"><span style=\"color: #99cc00;\"><span style=\"color: #993300;\">Pour le deuxi\u00e8me objectif,<\/span>\u00a0<span style=\"color: #808000;\">le processus est plus qu\u2019engag\u00e9 puisque Claude Biardeau <span style=\"mso-spacerun: yes;\">\u00a0le p<\/span>roviseur du Lyc\u00e9e de Rompsay a investi une \u00e9quipe de\u00a0quatre responsables pour mener une \u00e9tude de faisabilit\u00e9.<\/span><\/span><\/span><\/strong><\/span><\/p>\n<p style=\"margin: 0cm 0cm 10pt;\"><span style=\"color: #808000; font-family: arial,helvetica,sans-serif; font-size: 14pt;\"><strong><span style=\"line-height: 115%;\">Une d\u00e9cision\u00a0positive\u00a0permettra \u00e0 une \u00e9quipe de jeunes lyc\u00e9ens Rochelais de s\u00e9journer sur l\u2019\u00eele afin de mener un projet avec notre association.<\/span><\/strong><\/span><\/p>\n<p style=\"margin: 0cm 0cm 10pt;\"><span style=\"font-family: arial,helvetica,sans-serif; font-size: 14pt;\"><strong><span style=\"line-height: 115%;\"><span style=\"color: #99cc00;\"><span style=\"color: #993300;\">Pour le troisi\u00e8me objectif,<\/span> <span style=\"color: #808000;\">l\u2019\u00e9tude des besoins \u00e0 \u00e9t\u00e9 men\u00e9e et un plan d\u2019action sera propos\u00e9 par le bureau lors de l\u2019assembl\u00e9e g\u00e9n\u00e9rale. Il s\u2019agira de prendre en charge une cohorte de 109 enfants.<\/span><\/span><\/span><\/strong><\/span><\/p>\n<\/div>\n","protected":false},"excerpt":{"rendered":"<p>\u00a0\u00a0\u00a0La construction de l&rsquo;\u00e9cole par les villageois. A gauche le chef du village.\u00a0 Les trois objectifs\u00a0pour 2010\u00a0 &#8211; Atteindre la barre des 200 adh\u00e9rents &#8211; Lancer une collaboration avec le Lyc\u00e9e de Rompsay afin d\u2019envoyer des jeunes lyc\u00e9ens sur l\u2019ile de Marlodge pour un projet\u00a0qui am\u00e9liore des infrastructures scolaires. &#8211; Etudier les besoins de l\u2019\u00e9cole [&hellip;]<\/p>\n","protected":false},"author":2,"featured_media":0,"comment_status":"open","ping_status":"open","sticky":false,"template":"","format":"standard","meta":{"jetpack_post_was_ever_published":false,"_jetpack_newsletter_access":"","_jetpack_dont_email_post_to_subs":false,"_jetpack_newsletter_tier_id":0,"_jetpack_memberships_contains_paywalled_content":false,"_jetpack_memberships_contains_paid_content":false,"footnotes":""},"categories":[1],"tags":[],"class_list":["post-81","post","type-post","status-publish","format-standard","hentry","category-non-classe"],"jetpack_featured_media_url":"","jetpack_sharing_enabled":true,"jetpack_shortlink":"https:\/\/wp.me\/p5o8j7-1j","_links":{"self":[{"href":"http:\/\/www.unenfantuncartable17.fr\/index.php?rest_route=\/wp\/v2\/posts\/81","targetHints":{"allow":["GET"]}}],"collection":[{"href":"http:\/\/www.unenfantuncartable17.fr\/index.php?rest_route=\/wp\/v2\/posts"}],"about":[{"href":"http:\/\/www.unenfantuncartable17.fr\/index.php?rest_route=\/wp\/v2\/types\/post"}],"author":[{"embeddable":true,"href":"http:\/\/www.unenfantuncartable17.fr\/index.php?rest_route=\/wp\/v2\/users\/2"}],"replies":[{"embeddable":true,"href":"http:\/\/www.unenfantuncartable17.fr\/index.php?rest_route=%2Fwp%2Fv2%2Fcomments&post=81"}],"version-history":[{"count":4,"href":"http:\/\/www.unenfantuncartable17.fr\/index.php?rest_route=\/wp\/v2\/posts\/81\/revisions"}],"predecessor-version":[{"id":695,"href":"http:\/\/www.unenfantuncartable17.fr\/index.php?rest_route=\/wp\/v2\/posts\/81\/revisions\/695"}],"wp:attachment":[{"href":"http:\/\/www.unenfantuncartable17.fr\/index.php?rest_route=%2Fwp%2Fv2%2Fmedia&parent=81"}],"wp:term":[{"taxonomy":"category","embeddable":true,"href":"http:\/\/www.unenfantuncartable17.fr\/index.php?rest_route=%2Fwp%2Fv2%2Fcategories&post=81"},{"taxonomy":"post_tag","embeddable":true,"href":"http:\/\/www.unenfantuncartable17.fr\/index.php?rest_route=%2Fwp%2Fv2%2Ftags&post=81"}],"curies":[{"name":"wp","href":"https:\/\/api.w.org\/{rel}","templated":true}]}}