{"id":806,"date":"2015-05-26T14:05:33","date_gmt":"2015-05-26T13:05:33","guid":{"rendered":"http:\/\/www.unenfantuncartable17.fr\/?p=806"},"modified":"2015-05-26T14:47:11","modified_gmt":"2015-05-26T13:47:11","slug":"premiere-commande-pour-une-ecole-maternelle","status":"publish","type":"post","link":"http:\/\/www.unenfantuncartable17.fr\/?p=806","title":{"rendered":"Premi\u00e8re commande pour l&rsquo;\u00e9cole maternelle de Mar Lothie"},"content":{"rendered":"<p><span style=\"color: #993300; font-family: arial,helvetica,sans-serif; font-size: 14pt;\"><strong>Comme le conseil d&rsquo;administration l&rsquo;avait propos\u00e9 lors de l&rsquo;assembl\u00e9e g\u00e9n\u00e9rale du 24 avril, les contacts pris r\u00e9cemment\u00a0avec l&rsquo;\u00e9cole maternelle de Mar Lothi\u00e9 confirment la volont\u00e9 d&rsquo;un engagement commun pour l&rsquo;achat de fournitures\u00a0destin\u00e9es aux <span style=\"color: #808000;\">96\u00a0\u00e9l\u00e8ves<\/span> de 4 \u00e0 6 ans\u00a0des <span style=\"color: #808000;\">3 classes de l&rsquo;\u00e9cole <\/span>: petite, moyenne et grande section. <\/strong><\/span><\/p>\n<p><span style=\"color: #993300; font-family: arial,helvetica,sans-serif; font-size: 14pt;\"><strong>Rappelons que cette d\u00e9cision\u00a0est motiv\u00e9e par le d\u00e9sir de faire reculer l&rsquo;\u00e9chec scolaire et surtout l&rsquo;abandon en cours de scolarit\u00e9, ce dernier\u00a0fr\u00e9quent au S\u00e9n\u00e9gal.<\/strong><\/span><\/p>\n<p><a href=\"http:\/\/www.unenfantuncartable17.fr\/wp-content\/uploads\/2015\/05\/Photo-103-1-800x600.jpg\"><img loading=\"lazy\" decoding=\"async\" class=\"alignnone size-medium wp-image-814\" src=\"http:\/\/www.unenfantuncartable17.fr\/wp-content\/uploads\/2015\/05\/Photo-103-1-800x600-300x225.jpg\" alt=\"Photo 103 1 (800x600)\" width=\"300\" height=\"225\" srcset=\"http:\/\/www.unenfantuncartable17.fr\/wp-content\/uploads\/2015\/05\/Photo-103-1-800x600-300x225.jpg 300w, http:\/\/www.unenfantuncartable17.fr\/wp-content\/uploads\/2015\/05\/Photo-103-1-800x600.jpg 800w\" sizes=\"auto, (max-width: 300px) 100vw, 300px\" \/><\/a>\u00a0<span style=\"text-decoration: underline;\"><span style=\"color: #808000; font-size: 10pt;\"><strong><span style=\"font-family: arial,helvetica,sans-serif;\">La maternelle,\u00a0o\u00f9 la\u00a0socialisation est\u00a0n\u00e9cessaire \u00e0\u00a0la r\u00e9ussite scolaire<\/span><\/strong><\/span><\/span><\/p>\n<p><span style=\"color: #993300; font-family: arial,helvetica,sans-serif; font-size: 14pt;\"><strong>La directrice, Mah\u00e9 Faye, nous a transmis les besoins qu&rsquo;elle a recens\u00e9s. Il s&rsquo;agit d&rsquo;une premi\u00e8re exp\u00e9rience pour l&rsquo;association qui, jusqu&rsquo;\u00e0 pr\u00e9sent, ne travaillait qu&rsquo;avec les classes des \u00e9coles primaires. Une exp\u00e9rience qui se confirmera, peut-\u00eatre avec Mar Fafako qui\u00a0en poss\u00e8de aussi une \u00e9cole maternelle,\u00a0de 3 classes \u00e9galement.<\/strong><\/span><\/p>\n<p><span style=\"color: #993300; font-family: arial,helvetica,sans-serif; font-size: 14pt;\"><strong>Bien \u00e9videmment, une convention sera pass\u00e9e avec la directrice\u00a0lors\u00a0de la livraison en\u00a0novembre prochain. Ce sera aussi l&rsquo;occasion d&rsquo;inaugurer les m\u00eames relations de confiance qu&rsquo;avec les \u00e9coles primaires depuis 7 ans. <\/strong><\/span><\/p>\n<p><span style=\"color: #993300; font-family: arial,helvetica,sans-serif; font-size: 14pt;\"><strong><span style=\"color: #808000;\">La commande s&rsquo;\u00e9l\u00e8ve \u00e0 260 euros.<\/span><\/strong><\/span><\/p>\n<p><span style=\"text-decoration: underline;\"><span style=\"color: #993300; font-family: arial,helvetica,sans-serif; font-size: 14pt;\"><strong>La liste des fournitures :<\/strong><\/span><\/span><\/p>\n<p><span style=\"color: #808000; font-family: Calibri;\">&#8211;<span style=\"font-family: arial,helvetica,sans-serif; font-size: 14pt;\"><strong> 3 rames de feuilles de couleur (rouge, vert, jaune) 1 de chaque couleur<\/strong><\/span><\/span><\/p>\n<p><span style=\"color: #808000; font-family: arial,helvetica,sans-serif; font-size: 14pt;\"><strong>&#8211; 8 rames de feuilles blanches<\/strong><\/span><\/p>\n<p><span style=\"color: #808000; font-family: arial,helvetica,sans-serif; font-size: 14pt;\"><strong>&#8211; 10 bo\u00eetes de craies de couleur et autant de blanches<\/strong><\/span><\/p>\n<p><span style=\"color: #808000; font-family: arial,helvetica,sans-serif; font-size: 14pt;\"><strong>&#8211; 5\u00a0 pots de gouache (0,50 l)\u00a0de couleurs diff\u00e9rentes (rouge, bleu, vert, jaune, noir)<\/strong><\/span><\/p>\n<p><span style=\"color: #808000; font-family: arial,helvetica,sans-serif; font-size: 14pt;\"><strong>&#8211; 20 bo\u00eetes de p\u00e2te \u00e0 modeler<\/strong><\/span><\/p>\n<p><span style=\"color: #808000; font-family: arial,helvetica,sans-serif; font-size: 14pt;\"><strong>&#8211; 96 sticks de colle b\u00e2ton<\/strong><\/span><\/p>\n<p><span style=\"color: #808000; font-family: arial,helvetica,sans-serif; font-size: 14pt;\"><strong>&#8211; 96 gommes<\/strong><\/span><\/p>\n<p><span style=\"color: #808000; font-family: arial,helvetica,sans-serif; font-size: 14pt;\"><strong>&#8211;\u00a030 taille crayons<\/strong><\/span><\/p>\n<p><span style=\"color: #808000; font-family: arial,helvetica,sans-serif; font-size: 14pt;\"><strong>&#8211; 96 ardoises<\/strong><\/span><\/p>\n<p><span style=\"color: #808000; font-family: arial,helvetica,sans-serif; font-size: 14pt;\"><strong>&#8211; 96 cahiers doubles lignes<\/strong><\/span><\/p>\n<p><span style=\"color: #808000; font-family: arial,helvetica,sans-serif; font-size: 14pt;\"><strong>&#8211; 96 cahiers de dessin format\u00a0A3\u00a0<\/strong><\/span><\/p>\n<p><span style=\"color: #993300; font-family: arial,helvetica,sans-serif; font-size: 14pt;\"><strong>Au total, plus de 1100 \u00e9l\u00e8ves sont d\u00e9sormais\u00a0concern\u00e9s par notre action.<\/strong><\/span><\/p>\n<p><span style=\"font-family: Calibri;\">\u00a0<\/span><\/p>\n<p>&nbsp;<\/p>\n","protected":false},"excerpt":{"rendered":"<p>Comme le conseil d&rsquo;administration l&rsquo;avait propos\u00e9 lors de l&rsquo;assembl\u00e9e g\u00e9n\u00e9rale du 24 avril, les contacts pris r\u00e9cemment\u00a0avec l&rsquo;\u00e9cole maternelle de Mar Lothi\u00e9 confirment la volont\u00e9 d&rsquo;un engagement commun pour l&rsquo;achat de fournitures\u00a0destin\u00e9es aux 96\u00a0\u00e9l\u00e8ves de 4 \u00e0 6 ans\u00a0des 3 classes de l&rsquo;\u00e9cole : petite, moyenne et grande section. Rappelons que cette d\u00e9cision\u00a0est motiv\u00e9e par [&hellip;]<\/p>\n","protected":false},"author":2,"featured_media":0,"comment_status":"open","ping_status":"open","sticky":false,"template":"","format":"standard","meta":{"jetpack_post_was_ever_published":false,"_jetpack_newsletter_access":"","_jetpack_dont_email_post_to_subs":false,"_jetpack_newsletter_tier_id":0,"_jetpack_memberships_contains_paywalled_content":false,"_jetpack_memberships_contains_paid_content":false,"footnotes":""},"categories":[1],"tags":[],"class_list":["post-806","post","type-post","status-publish","format-standard","hentry","category-non-classe"],"jetpack_featured_media_url":"","jetpack_sharing_enabled":true,"jetpack_shortlink":"https:\/\/wp.me\/p5o8j7-d0","_links":{"self":[{"href":"http:\/\/www.unenfantuncartable17.fr\/index.php?rest_route=\/wp\/v2\/posts\/806","targetHints":{"allow":["GET"]}}],"collection":[{"href":"http:\/\/www.unenfantuncartable17.fr\/index.php?rest_route=\/wp\/v2\/posts"}],"about":[{"href":"http:\/\/www.unenfantuncartable17.fr\/index.php?rest_route=\/wp\/v2\/types\/post"}],"author":[{"embeddable":true,"href":"http:\/\/www.unenfantuncartable17.fr\/index.php?rest_route=\/wp\/v2\/users\/2"}],"replies":[{"embeddable":true,"href":"http:\/\/www.unenfantuncartable17.fr\/index.php?rest_route=%2Fwp%2Fv2%2Fcomments&post=806"}],"version-history":[{"count":9,"href":"http:\/\/www.unenfantuncartable17.fr\/index.php?rest_route=\/wp\/v2\/posts\/806\/revisions"}],"predecessor-version":[{"id":816,"href":"http:\/\/www.unenfantuncartable17.fr\/index.php?rest_route=\/wp\/v2\/posts\/806\/revisions\/816"}],"wp:attachment":[{"href":"http:\/\/www.unenfantuncartable17.fr\/index.php?rest_route=%2Fwp%2Fv2%2Fmedia&parent=806"}],"wp:term":[{"taxonomy":"category","embeddable":true,"href":"http:\/\/www.unenfantuncartable17.fr\/index.php?rest_route=%2Fwp%2Fv2%2Fcategories&post=806"},{"taxonomy":"post_tag","embeddable":true,"href":"http:\/\/www.unenfantuncartable17.fr\/index.php?rest_route=%2Fwp%2Fv2%2Ftags&post=806"}],"curies":[{"name":"wp","href":"https:\/\/api.w.org\/{rel}","templated":true}]}}