{"id":79,"date":"2010-04-15T17:38:00","date_gmt":"2010-04-15T17:38:00","guid":{"rendered":"http:\/\/www.unenfantuncartable17.fr\/?p=79"},"modified":"2015-01-17T18:39:29","modified_gmt":"2015-01-17T17:39:29","slug":"l-assemblee-generale-du-mars-2","status":"publish","type":"post","link":"http:\/\/www.unenfantuncartable17.fr\/?p=79","title":{"rendered":"L&rsquo;assembl\u00e9e g\u00e9n\u00e9rale du 5 mars 2010"},"content":{"rendered":"<p><span style=\"color: #808000; font-family: arial,helvetica,sans-serif; font-size: 14pt;\"><strong>Le pr\u00e9sident pr\u00e9sente le rapport moral 2009<\/strong><\/span><\/p>\n<div class=\"ob-section ob-section-html\">\n<p style=\"margin: 0cm 0cm 0pt;\"><span style=\"color: #993300; font-family: arial,helvetica,sans-serif; font-size: 14pt;\"><strong><span style=\"mso-bidi-font-size: 10.0pt;\">L<\/span><span style=\"mso-bidi-font-size: 10.0pt;\">\u2019\u00e9cole\u00a0publique de Wandi\u00e9, implant\u00e9e sur un terrain appartenant \u00e0 la communaut\u00e9 villageoise, est \u00e9quip\u00e9e et tous les enfants ont \u00e9t\u00e9 dot\u00e9s de leur mat\u00e9riel scolaire \u00e0 la rentr\u00e9e 2009. L\u2019eau vient d\u2019\u00eatre amen\u00e9e jusqu\u2019\u00e0 l\u2019\u00e9cole par une canalisation enterr\u00e9e.<\/span><\/strong><\/span><\/p>\n<p style=\"margin: 0cm 0cm 0pt;\"><span style=\"color: #993300; font-family: arial,helvetica,sans-serif; font-size: 14pt;\"><strong><span style=\"mso-bidi-font-size: 10.0pt;\">L\u2019instituteur, et son assistante qui assure l\u2019accueil des plus petits, b\u00e9n\u00e9ficient d\u2019une aide financi\u00e8re.<\/span><\/strong><\/span><\/p>\n<p style=\"margin: 0cm 0cm 0pt;\"><span style=\"color: #993300; font-family: arial,helvetica,sans-serif; font-size: 14pt;\"><strong><span style=\"mso-bidi-font-size: 10.0pt;\">Un deuxi\u00e8me instituteur a \u00e9t\u00e9 nomm\u00e9 \u00e0 la rentr\u00e9e pour r\u00e9pondre \u00e0 l\u2019extension de l\u2019\u00e9cole, au nombre d\u2019enfants et aux moyens p\u00e9dagogiques nouveaux.<\/span><\/strong><\/span><\/p>\n<p style=\"margin: 0cm 0cm 0pt;\"><span style=\"color: #993300;\"><span style=\"mso-bidi-font-size: 10.0pt;\"><span style=\"font-size: 12pt;\">\u00a0<\/span><\/span><\/span><\/p>\n<p style=\"margin: 0cm 0cm 0pt;\"><img loading=\"lazy\" decoding=\"async\" class=\"noAlign\" src=\"http:\/\/www.unenfantuncartable17.fr\/wp-content\/uploads\/2010\/04\/Wandie-086.jpg\" alt=\"Wandi\u00e9 086\" width=\"300\" height=\"225\" \/>\u00a0<span style=\"color: #993300; font-family: arial,helvetica,sans-serif; font-size: 12pt; text-decoration: underline;\"><strong>Les deux instituteurs<\/strong><\/span><\/p>\n<p style=\"margin: 0cm 0cm 0pt;\"><span style=\"color: #99cc00;\"><span style=\"font-size: 12pt; mso-bidi-font-size: 10.0pt;\">\u00a0<\/span><\/span><\/p>\n<p style=\"margin: 0cm 0cm 0pt;\"><span style=\"color: #993300; font-family: arial,helvetica,sans-serif; font-size: 14pt;\"><strong><span style=\"mso-bidi-font-size: 10.0pt;\">Le suivi de la scolarit\u00e9 (notes, assiduit\u00e9) est assur\u00e9 par l\u2019instituteur et <span style=\"color: #808000;\">tous les enfants du village sont scolaris\u00e9s.<\/span><\/span><\/strong><\/span><\/p>\n<p style=\"margin: 0cm 0cm 0pt;\"><span style=\"color: #993300; font-family: arial,helvetica,sans-serif; font-size: 14pt;\"><strong><span style=\"mso-bidi-font-size: 10.0pt;\">Il est n\u00e9cessaire de pr\u00e9voir la maintenance des locaux dans un milieu lagunaire avec remont\u00e9es d\u2019eau sal\u00e9e.<\/span><\/strong><\/span><\/p>\n<p style=\"margin: 0cm 0cm 0pt;\"><span style=\"color: #993300; font-family: arial,helvetica,sans-serif; font-size: 14pt;\"><strong><span style=\"mso-bidi-font-size: 10.0pt;\">Les frais de scolarit\u00e9\u00a0sont de 1000 francs CFA par enfant pour l\u2019ann\u00e9e et 50centimes par jour pour la caisse de l\u2019\u00e9cole. L\u2019Association a pris en charge les 1000 francs CFA annuels par enfant. Les 50 centimes pour la caisse de l\u2019\u00e9cole restent \u00e0 la charge des familles.<\/span><\/strong><\/span><\/p>\n<p style=\"margin: 0cm 0cm 0pt;\"><span style=\"color: #993300; font-family: arial,helvetica,sans-serif; font-size: 14pt;\"><span style=\"mso-bidi-font-size: 10.0pt;\"><strong>350 euros ont \u00e9t\u00e9 consacr\u00e9s aux fournitures scolaires et l\u2019extension de l\u2019\u00e9cole a co\u00fbt\u00e9 8500 euros.<\/strong><\/span><\/span><\/p>\n<p style=\"margin: 0cm 0cm 0pt;\"><span style=\"color: #808000; font-family: arial,helvetica,sans-serif; font-size: 14pt;\"><span style=\"mso-bidi-font-size: 10.0pt;\"><strong>L\u2019action est directe, sans interm\u00e9diaire en utilisant toutes les ressources locales.<\/strong><\/span><\/span><\/p>\n<p style=\"margin: 0cm 0cm 0pt;\">\u00a0<\/p>\n<p style=\"margin: 0cm 0cm 0pt;\"><img loading=\"lazy\" decoding=\"async\" class=\"noAlign\" src=\"http:\/\/www.unenfantuncartable17.fr\/wp-content\/uploads\/2010\/04\/Wandie-nouvelle-ecole1.jpg\" alt=\"Wandi\u00e9 nouvelle \u00e9cole1\" width=\"300\" height=\"225\" \/> <span style=\"color: #993300; font-family: arial,helvetica,sans-serif; font-size: 12pt; text-decoration: underline;\"><strong>Dans la nouvelle \u00e9cole<\/strong><\/span><\/p>\n<p style=\"margin: 0cm 0cm 0pt;\"><span style=\"color: #ff9900;\"><span style=\"mso-bidi-font-size: 10.0pt;\"><span style=\"font-size: 12pt;\">\u00a0<\/span><\/span><\/span><\/p>\n<p style=\"margin: 0cm 0cm 0pt;\"><span style=\"color: #808000; font-family: arial,helvetica,sans-serif; font-size: 14pt;\"><strong><span style=\"mso-bidi-font-size: 10.0pt;\">Le tr\u00e9sorier pr\u00e9sente le bilan financier 2009<\/span><\/strong><\/span><\/p>\n<p style=\"margin: 0cm 0cm 0pt;\"><span style=\"color: #993300; font-family: arial,helvetica,sans-serif; font-size: 14pt;\">\u00a0<\/span><\/p>\n<p style=\"margin: 0cm 0cm 0pt;\"><span style=\"color: #993300; font-family: arial,helvetica,sans-serif; font-size: 14pt;\"><strong><span style=\"mso-bidi-font-size: 10.0pt;\"><span style=\"color: #808000;\">Les recettes<\/span>\u00a0<span style=\"color: #808000;\">s\u2019\u00e9l\u00e8vent \u00e0 4240 euros\u00a0:<\/span><\/span><\/strong><\/span><\/p>\n<p style=\"margin: 0cm 0cm 0pt;\"><span style=\"color: #993300; font-family: arial,helvetica,sans-serif; font-size: 14pt;\"><strong><span style=\"mso-bidi-font-size: 10.0pt;\">2160 en cotisations et 2080 en dons et produits de l\u2019AG 2009 (630 euros)<\/span><\/strong><\/span><\/p>\n<p style=\"margin: 0cm 0cm 0pt;\"><span style=\"color: #993300; font-family: arial,helvetica,sans-serif; font-size: 14pt;\"><strong><span style=\"mso-bidi-font-size: 10.0pt;\">\u00a0<\/span><\/strong><\/span><\/p>\n<p style=\"margin: 0cm 0cm 0pt;\"><span style=\"color: #808000; font-family: arial,helvetica,sans-serif; font-size: 14pt;\"><strong><span style=\"mso-bidi-font-size: 10.0pt;\">Les d\u00e9penses\u00a0:<\/span><\/strong><\/span><\/p>\n<p style=\"margin: 0cm 0cm 0pt;\"><span style=\"color: #993300; font-family: arial,helvetica,sans-serif; font-size: 14pt;\"><strong><span style=\"mso-bidi-font-size: 10.0pt;\">Prise en charge des enfants des ouvriers du camp de p\u00eache\u00a0\u00a0\u00a0\u00a0\u00a0\u00a0\u00a0 200<\/span><\/strong><\/span><\/p>\n<p style=\"margin: 0cm 0cm 0pt;\"><span style=\"color: #993300; font-family: arial,helvetica,sans-serif; font-size: 14pt;\"><strong><span style=\"mso-bidi-font-size: 10.0pt;\">Frais \u00e9quipement de l\u2019\u00e9cole<span style=\"mso-spacerun: yes;\">\u00a0\u00a0\u00a0\u00a0\u00a0\u00a0\u00a0\u00a0\u00a0\u00a0\u00a0\u00a0\u00a0\u00a0\u00a0\u00a0\u00a0\u00a0\u00a0\u00a0\u00a0\u00a0\u00a0\u00a0\u00a0\u00a0\u00a0\u00a0\u00a0\u00a0\u00a0\u00a0\u00a0\u00a0\u00a0\u00a0\u00a0\u00a0\u00a0\u00a0\u00a0\u00a0\u00a0\u00a0\u00a0\u00a0\u00a0\u00a0\u00a0\u00a0\u00a0\u00a0\u00a0<\/span>\u00a0\u00a0 \u00a0\u00a0 \u00a0 1197<\/span><\/strong><\/span><\/p>\n<p style=\"margin: 0cm 0cm 0pt;\"><span style=\"color: #993300; font-family: arial,helvetica,sans-serif; font-size: 14pt;\"><strong><span style=\"mso-bidi-font-size: 10.0pt;\">Equipement des enfants<span style=\"mso-spacerun: yes;\">\u00a0\u00a0\u00a0\u00a0\u00a0\u00a0\u00a0\u00a0\u00a0\u00a0\u00a0\u00a0\u00a0\u00a0\u00a0\u00a0\u00a0\u00a0\u00a0\u00a0\u00a0\u00a0\u00a0\u00a0\u00a0\u00a0\u00a0\u00a0\u00a0\u00a0\u00a0\u00a0\u00a0\u00a0\u00a0\u00a0\u00a0\u00a0\u00a0\u00a0\u00a0\u00a0\u00a0\u00a0\u00a0\u00a0\u00a0\u00a0\u00a0\u00a0\u00a0\u00a0\u00a0\u00a0\u00a0\u00a0\u00a0\u00a0\u00a0<\/span><span style=\"mso-spacerun: yes;\">\u00a0<\/span>\u00a0\u00a0 \u00a0\u00a0\u00a0\u00a0 236<\/span><\/strong><\/span><\/p>\n<p style=\"margin: 0cm 0cm 0pt;\"><span style=\"color: #993300; font-family: arial,helvetica,sans-serif; font-size: 14pt;\"><strong><span style=\"mso-bidi-font-size: 10.0pt;\">Aide au logement instituteur<span style=\"mso-spacerun: yes;\">\u00a0\u00a0\u00a0\u00a0\u00a0\u00a0\u00a0\u00a0\u00a0\u00a0\u00a0\u00a0\u00a0\u00a0\u00a0\u00a0\u00a0\u00a0\u00a0\u00a0\u00a0\u00a0\u00a0\u00a0<\/span>\u00a0<span style=\"mso-spacerun: yes;\">\u00a0\u00a0\u00a0\u00a0\u00a0\u00a0\u00a0\u00a0<\/span><span style=\"mso-spacerun: yes;\">\u00a0\u00a0\u00a0\u00a0\u00a0\u00a0\u00a0\u00a0\u00a0\u00a0\u00a0\u00a0\u00a0\u00a0\u00a0\u00a0\u00a0\u00a0\u00a0\u00a0\u00a0<\/span>\u00a0\u00a0\u00a0\u00a0\u00a0\u00a0 360 \u00a0\u00a0\u00a0<\/span><\/strong><\/span><\/p>\n<p style=\"margin: 0cm 0cm 0pt;\"><span style=\"color: #993300; font-family: arial,helvetica,sans-serif; font-size: 14pt;\"><strong><span style=\"mso-bidi-font-size: 10.0pt;\">Aide \u00e0 la reprise d\u2019\u00e9tudes de \u00ab\u00a0l\u2019adjointe\u00a0\u00bb maternelle<span style=\"mso-spacerun: yes;\">\u00a0\u00a0\u00a0\u00a0\u00a0\u00a0\u00a0\u00a0<\/span><span style=\"mso-spacerun: yes;\">\u00a0\u00a0\u00a0\u00a0<\/span>\u00a0\u00a0\u00a0\u00a0\u00a0\u00a0\u00a0\u00a0 60<\/span><\/strong><\/span><\/p>\n<p style=\"margin: 0cm 0cm 0pt;\"><span style=\"color: #993300; font-family: arial,helvetica,sans-serif; font-size: 14pt;\"><strong><span style=\"mso-bidi-font-size: 10.0pt;\">Fonctionnement<span style=\"mso-spacerun: yes;\">\u00a0\u00a0\u00a0\u00a0\u00a0\u00a0\u00a0\u00a0\u00a0\u00a0\u00a0\u00a0\u00a0\u00a0\u00a0\u00a0\u00a0\u00a0\u00a0\u00a0\u00a0\u00a0\u00a0\u00a0\u00a0\u00a0\u00a0\u00a0\u00a0\u00a0\u00a0\u00a0\u00a0\u00a0\u00a0\u00a0\u00a0\u00a0\u00a0\u00a0\u00a0\u00a0\u00a0\u00a0\u00a0<\/span><span style=\"mso-spacerun: yes;\">\u00a0\u00a0\u00a0\u00a0\u00a0\u00a0\u00a0\u00a0\u00a0\u00a0\u00a0\u00a0\u00a0\u00a0\u00a0\u00a0\u00a0\u00a0\u00a0\u00a0\u00a0\u00a0\u00a0\u00a0\u00a0\u00a0\u00a0\u00a0\u00a0\u00a0\u00a0\u00a0<\/span>\u00a0\u00a0\u00a0\u00a0\u00a0\u00a0 52 \u00a0\u00a0\u00a0<\/span><\/strong><\/span><\/p>\n<p style=\"margin: 0cm 0cm 0pt;\"><span style=\"color: #808000; font-family: arial,helvetica,sans-serif; font-size: 14pt;\"><strong><span style=\"mso-bidi-font-size: 10.0pt;\">Total<span style=\"mso-spacerun: yes;\">\u00a0\u00a0\u00a0\u00a0\u00a0\u00a0\u00a0\u00a0\u00a0\u00a0\u00a0\u00a0\u00a0\u00a0\u00a0\u00a0\u00a0\u00a0\u00a0\u00a0\u00a0\u00a0\u00a0\u00a0\u00a0\u00a0\u00a0\u00a0\u00a0\u00a0\u00a0\u00a0\u00a0\u00a0\u00a0\u00a0\u00a0\u00a0\u00a0\u00a0\u00a0\u00a0\u00a0\u00a0\u00a0\u00a0\u00a0\u00a0\u00a0\u00a0\u00a0\u00a0\u00a0\u00a0\u00a0\u00a0\u00a0\u00a0\u00a0\u00a0\u00a0\u00a0\u00a0\u00a0\u00a0<\/span>\u00a0<span style=\"mso-spacerun: yes;\">\u00a0\u00a0\u00a0\u00a0\u00a0\u00a0\u00a0\u00a0\u00a0\u00a0\u00a0\u00a0\u00a0\u00a0\u00a0<\/span><span style=\"mso-spacerun: yes;\">\u00a0<\/span><span style=\"mso-spacerun: yes;\">\u00a0\u00a0\u00a0\u00a0\u00a0\u00a0 \u00a0\u00a0\u00a0\u00a0\u00a0<\/span> \u00a0 <strong style=\"mso-bidi-font-weight: normal;\">2535 euros<\/strong><\/span><\/strong><\/span><\/p>\n<p style=\"margin: 0cm 0cm 0pt;\"><span style=\"color: #993300; font-family: arial,helvetica,sans-serif; font-size: 14pt;\"><strong><span style=\"mso-bidi-font-size: 10.0pt;\">\u00a0<\/span><\/strong><\/span><\/p>\n<p style=\"margin: 0cm 0cm 0pt;\"><span style=\"color: #993300; font-family: arial,helvetica,sans-serif; font-size: 14pt;\"><strong><span style=\"mso-bidi-font-size: 10.0pt;\">La tr\u00e9sorerie permet de poursuivre les actions engag\u00e9es en en envisageant d\u2019autres.<\/span><\/strong><\/span><\/p>\n<p style=\"margin: 0cm 0cm 0pt;\"><span style=\"color: #993300; font-family: arial,helvetica,sans-serif; font-size: 14pt;\"><strong><span style=\"mso-bidi-font-size: 10.0pt;\">\u00a0<\/span><\/strong><\/span><\/p>\n<p style=\"margin: 0cm 0cm 0pt;\"><span style=\"color: #993300; font-family: arial,helvetica,sans-serif; font-size: 14pt;\"><strong><span style=\"mso-bidi-font-size: 10.0pt;\">Les comptes ont \u00e9t\u00e9 examin\u00e9s par des commissaires aux comptes et approuv\u00e9s.<\/span><\/strong><\/span><\/p>\n<p style=\"margin: 0cm 0cm 0pt;\"><span style=\"color: #808000; font-family: arial,helvetica,sans-serif; font-size: 14pt;\"><strong><span style=\"mso-bidi-font-size: 10.0pt;\">L\u2019assembl\u00e9e g\u00e9n\u00e9rale les approuve et donne quitus au tr\u00e9sorier et au bureau, \u00e0 l\u2019unanimit\u00e9.<\/span><\/strong><\/span><\/p>\n<\/div>\n","protected":false},"excerpt":{"rendered":"<p>Le pr\u00e9sident pr\u00e9sente le rapport moral 2009 L\u2019\u00e9cole\u00a0publique de Wandi\u00e9, implant\u00e9e sur un terrain appartenant \u00e0 la communaut\u00e9 villageoise, est \u00e9quip\u00e9e et tous les enfants ont \u00e9t\u00e9 dot\u00e9s de leur mat\u00e9riel scolaire \u00e0 la rentr\u00e9e 2009. L\u2019eau vient d\u2019\u00eatre amen\u00e9e jusqu\u2019\u00e0 l\u2019\u00e9cole par une canalisation enterr\u00e9e. L\u2019instituteur, et son assistante qui assure l\u2019accueil des plus [&hellip;]<\/p>\n","protected":false},"author":2,"featured_media":0,"comment_status":"open","ping_status":"open","sticky":false,"template":"","format":"standard","meta":{"jetpack_post_was_ever_published":false,"_jetpack_newsletter_access":"","_jetpack_dont_email_post_to_subs":false,"_jetpack_newsletter_tier_id":0,"_jetpack_memberships_contains_paywalled_content":false,"_jetpack_memberships_contains_paid_content":false,"footnotes":""},"categories":[1],"tags":[],"class_list":["post-79","post","type-post","status-publish","format-standard","hentry","category-non-classe"],"jetpack_featured_media_url":"","jetpack_sharing_enabled":true,"jetpack_shortlink":"https:\/\/wp.me\/p5o8j7-1h","_links":{"self":[{"href":"http:\/\/www.unenfantuncartable17.fr\/index.php?rest_route=\/wp\/v2\/posts\/79","targetHints":{"allow":["GET"]}}],"collection":[{"href":"http:\/\/www.unenfantuncartable17.fr\/index.php?rest_route=\/wp\/v2\/posts"}],"about":[{"href":"http:\/\/www.unenfantuncartable17.fr\/index.php?rest_route=\/wp\/v2\/types\/post"}],"author":[{"embeddable":true,"href":"http:\/\/www.unenfantuncartable17.fr\/index.php?rest_route=\/wp\/v2\/users\/2"}],"replies":[{"embeddable":true,"href":"http:\/\/www.unenfantuncartable17.fr\/index.php?rest_route=%2Fwp%2Fv2%2Fcomments&post=79"}],"version-history":[{"count":3,"href":"http:\/\/www.unenfantuncartable17.fr\/index.php?rest_route=\/wp\/v2\/posts\/79\/revisions"}],"predecessor-version":[{"id":570,"href":"http:\/\/www.unenfantuncartable17.fr\/index.php?rest_route=\/wp\/v2\/posts\/79\/revisions\/570"}],"wp:attachment":[{"href":"http:\/\/www.unenfantuncartable17.fr\/index.php?rest_route=%2Fwp%2Fv2%2Fmedia&parent=79"}],"wp:term":[{"taxonomy":"category","embeddable":true,"href":"http:\/\/www.unenfantuncartable17.fr\/index.php?rest_route=%2Fwp%2Fv2%2Fcategories&post=79"},{"taxonomy":"post_tag","embeddable":true,"href":"http:\/\/www.unenfantuncartable17.fr\/index.php?rest_route=%2Fwp%2Fv2%2Ftags&post=79"}],"curies":[{"name":"wp","href":"https:\/\/api.w.org\/{rel}","templated":true}]}}