{"id":78,"date":"2010-04-15T17:54:00","date_gmt":"2010-04-15T17:54:00","guid":{"rendered":"http:\/\/www.unenfantuncartable17.fr\/?p=78"},"modified":"2015-01-28T16:58:20","modified_gmt":"2015-01-28T15:58:20","slug":"les-projets","status":"publish","type":"post","link":"http:\/\/www.unenfantuncartable17.fr\/?p=78","title":{"rendered":"Les projets 2010"},"content":{"rendered":"<p><span style=\"color: #993300; font-family: arial,helvetica,sans-serif; font-size: 14pt;\"><strong><span style=\"mso-bidi-font-size: 10.0pt;\">Voici les projets pr\u00e9sent\u00e9s lors de l&rsquo;assembl\u00e9e g\u00e9n\u00e9rale du 5 mars 2010.<\/span><\/strong><\/span><\/p>\n<div class=\"ob-section ob-section-html\">\n<p style=\"margin: 0cm 0cm 0pt;\"><span style=\"color: #993300; font-family: arial,helvetica,sans-serif; font-size: 14pt;\"><strong><span style=\"mso-bidi-font-size: 10.0pt;\">\u00a0<\/span><\/strong><\/span><\/p>\n<p style=\"margin: 0cm 0cm 0pt;\"><span style=\"color: #993300; text-decoration: underline;\"><span style=\"font-family: arial,helvetica,sans-serif; font-size: 14pt;\"><strong><span style=\"mso-bidi-font-size: 10.0pt;\">Premier projet<\/span><\/strong><\/span><\/span><\/p>\n<p style=\"margin: 0cm 0cm 0pt;\">\u00a0<\/p>\n<p style=\"margin: 0cm 0cm 0pt;\"><img loading=\"lazy\" decoding=\"async\" class=\"GcheTexte\" src=\"http:\/\/www.unenfantuncartable17.fr\/wp-content\/uploads\/2010\/04\/logowandsay-T1.jpg\" alt=\"logowandsay-T1.jpg\" width=\"300\" height=\"203\" \/>\u00a0<\/p>\n<p class=\"MsoBodyText\" style=\"margin: 0cm 0cm 0pt;\"><span style=\"color: #993300; font-family: arial,helvetica,sans-serif; font-size: 14pt;\"><strong>Le proviseur du lyc\u00e9e Rompsay s\u2019est rendu \u00e0 Wandi\u00e9 avec des professeurs. Apr\u00e8s concertation avec les responsables locaux il propose que le projet, qui\u00a0se nomme Wandsay (Wandi\u00e9 et Rompsay), comporte\u00a0:<\/strong><\/span><\/p>\n<p style=\"margin: 0cm 0cm 0pt;\"><span style=\"color: #808000; font-family: arial,helvetica,sans-serif; font-size: 14pt;\"><strong><span style=\"mso-bidi-font-size: 10.0pt;\">&#8211; La r\u00e9alisation d\u2019une cl\u00f4ture autour de l\u2019\u00e9cole<\/span> pour prot\u00e9ger de la faune sauvage les plantations et le mara\u00eechage\u00a0r\u00e9alis\u00e9s par les enfants.<\/strong><\/span><\/p>\n<p style=\"margin: 0cm 0cm 0pt;\"><span style=\"color: #808000; font-family: arial,helvetica,sans-serif; font-size: 14pt; mso-bidi-font-size: 10.0pt;\"><strong>&#8211; L\u2019am\u00e9nagement d\u2019un atelier de brousse avec formation des ouvriers pour assurer la maintenance des locaux de l\u2019\u00e9cole.<\/strong><\/span><\/p>\n<p style=\"margin: 0cm 0cm 0pt;\"><span style=\"font-family: arial,helvetica,sans-serif; font-size: 14pt;\">\u00a0<\/span><\/p>\n<p style=\"margin: 0cm 0cm 0pt;\"><span style=\"color: #993300; font-family: arial,helvetica,sans-serif; font-size: 14pt;\"><strong><span style=\"mso-bidi-font-size: 10.0pt;\">La cl\u00f4ture m\u00e9tallique\u00a0mesurera 250 m\u00e8tres avec poteaux scell\u00e9s et portail. Les mat\u00e9riaux seront achet\u00e9s sur place et la r\u00e9alisation assur\u00e9e par 12 \u00e9l\u00e8ves de bac pro structures m\u00e9talliques.<\/span><\/strong><\/span><\/p>\n<p style=\"margin: 0cm 0cm 0pt;\"><span style=\"color: #993300; font-family: arial,helvetica,sans-serif; font-size: 14pt;\"><strong><span style=\"mso-bidi-font-size: 10.0pt;\">L\u2019atelier sera r\u00e9alis\u00e9 dans le camp de p\u00eache voisin o\u00f9 les ouvriers poss\u00e8dent d\u00e9j\u00e0 un savoir faire et sont demandeurs de perfectionnement.<\/span><\/strong><\/span><\/p>\n<p style=\"margin: 0cm 0cm 0pt;\"><span style=\"color: #993300; font-family: arial,helvetica,sans-serif; font-size: 14pt;\"><strong><span style=\"mso-bidi-font-size: 10.0pt;\">Une visite aura lieu en novembre 2010 pour pr\u00e9parer le s\u00e9jour des \u00e9l\u00e8ves en janvier 2011.<\/span><\/strong><\/span><\/p>\n<p style=\"margin: 0cm 0cm 0pt;\"><span style=\"font-family: arial,helvetica,sans-serif; font-size: 14pt;\"><strong><span style=\"color: black; mso-bidi-font-size: 10.0pt;\"><span style=\"color: #99cc00;\">\u00a0<\/span><\/span><\/strong><\/span><\/p>\n<p style=\"margin: 0cm 0cm 0pt;\"><span style=\"color: #808000; font-family: arial,helvetica,sans-serif; font-size: 14pt;\"><strong><span style=\"mso-bidi-font-size: 10.0pt;\">Le budget\u00a0: 35 000 euros avec l\u2019aide de la R\u00e9gion Poitou-Charentes.<\/span><\/strong><\/span><\/p>\n<p style=\"margin: 0cm 0cm 0pt;\"><span style=\"font-family: arial,helvetica,sans-serif; font-size: 14pt;\">\u00a0<\/span><\/p>\n<p style=\"margin: 0cm 0cm 0pt;\"><span style=\"color: #993300; font-family: arial,helvetica,sans-serif; font-size: 14pt;\"><strong><span style=\"mso-bidi-font-size: 10.0pt;\">Des conventions vont \u00eatre sign\u00e9es entre le lyc\u00e9e et l\u2019association et avec le camp de p\u00eache pour l\u2019h\u00e9bergement des \u00e9l\u00e8ves.<\/span><\/strong><\/span><\/p>\n<p style=\"margin: 0cm 0cm 0pt;\"><span style=\"color: #993300; font-family: arial,helvetica,sans-serif; font-size: 14pt;\"><strong><span style=\"mso-bidi-font-size: 10.0pt;\">La mati\u00e8re d\u2019\u0153uvre \u2013environ 3500 euros- sera \u00e0 la charge de l\u2019association.<\/span><\/strong><\/span><\/p>\n<p style=\"margin: 0cm 0cm 0pt;\"><span style=\"color: #993300; font-family: arial,helvetica,sans-serif; font-size: 14pt;\"><strong><span style=\"mso-bidi-font-size: 10.0pt;\">Par ailleurs, les \u00e9l\u00e8ves approfondiront la culture africaine avec une visite de l\u2019\u00eele de Gor\u00e9e, guid\u00e9s par le peintre Amadou Dieng.<\/span><\/strong><\/span><\/p>\n<p style=\"margin: 0cm 0cm 0pt;\"><span style=\"font-family: arial,helvetica,sans-serif; font-size: 14pt;\"><strong><span style=\"color: #ff6600; mso-bidi-font-size: 10.0pt;\">\u00a0<\/span><\/strong><\/span><\/p>\n<p style=\"margin: 0cm 0cm 0pt;\"><span style=\"color: #808000; font-family: arial,helvetica,sans-serif; font-size: 14pt;\"><strong><span style=\"mso-bidi-font-size: 10.0pt;\">L\u2019assembl\u00e9e g\u00e9n\u00e9rale approuve le projet \u00e0 l\u2019unanimit\u00e9.<\/span><\/strong><\/span><\/p>\n<p style=\"margin: 0cm 0cm 0pt;\"><span style=\"color: #993300; font-family: arial,helvetica,sans-serif; font-size: 14pt;\"><strong><span style=\"mso-bidi-font-size: 10.0pt;\">Deux perceuses sans fil, offertes par le Lions Club rochelais, sont\u00a0donn\u00e9es au proviseur du lyc\u00e9e de Rompsay.<\/span><\/strong><\/span><\/p>\n<p style=\"margin: 0cm 0cm 0pt;\">\u00a0<\/p>\n<p style=\"margin: 0cm 0cm 0pt;\"><span style=\"text-decoration: underline;\"><span style=\"font-family: arial,helvetica,sans-serif;\"><strong>\u00a0\u00a0<span style=\"color: #993300; font-size: 14pt; text-decoration: underline;\">Deuxi\u00e8me\u00a0<span style=\"mso-bidi-font-size: 10.0pt;\">projet\u00a0<\/span><\/span><\/strong><\/span><\/span><\/p>\n<p style=\"margin: 0cm 0cm 0pt;\"><span style=\"font-family: arial,helvetica,sans-serif;\">\u00a0<\/span><\/p>\n<p style=\"margin: 0cm 0cm 0pt;\"><span style=\"color: #ff9900;\"><span style=\"font-size: 12pt; mso-bidi-font-size: 10.0pt;\"><span style=\"color: #ff9900;\">\u00a0<\/span><\/span><\/span> <img loading=\"lazy\" decoding=\"async\" class=\"noAlign\" src=\"http:\/\/www.unenfantuncartable17.fr\/wp-content\/uploads\/2010\/05\/Wandie-057.jpg\" alt=\"Wandie-057.jpg\" width=\"300\" height=\"225\" \/><\/p>\n<p style=\"margin: 0cm 0cm 0pt;\"><span style=\"color: black; mso-bidi-font-size: 10.0pt;\"><span style=\"font-size: 12pt;\"><span style=\"color: #99cc00;\">\u00a0<\/span><\/span><\/span><\/p>\n<p style=\"margin: 0cm 0cm 0pt;\"><span style=\"color: #808000; font-family: arial,helvetica,sans-serif; font-size: 14pt;\"><strong><span style=\"mso-bidi-font-size: 10.0pt;\">Mar Soulou, un village voisin,\u00a0poss\u00e8de un coll\u00e8ge, en parfait \u00e9tat, \u00e9difi\u00e9 gr\u00e2ce une association hollandaise,\u00a0mais aussi\u00a0une \u00e9cole primaire de 120 enfants, en plein air et d\u00e9pourvue de moyens (photo ci-dessus).<\/span><\/strong><\/span><\/p>\n<p style=\"margin: 0cm 0cm 0pt;\"><span style=\"color: #808000; font-family: arial,helvetica,sans-serif; font-size: 14pt;\"><strong><span style=\"mso-bidi-font-size: 10.0pt;\">Le pr\u00e9sident propose la prise en charge des enfants, une d\u00e9pense de 1000 \u00e0 1200 euros pour 2010-2011.<\/span> <span style=\"mso-bidi-font-size: 10.0pt;\"><span style=\"mso-bidi-font-size: 10.0pt;\"><span style=\"mso-bidi-font-size: 10.0pt;\"><span style=\"mso-bidi-font-size: 10.0pt;\">L\u2019assembl\u00e9e g\u00e9n\u00e9rale approuve le projet\u00a0<\/span><\/span>\u00e0 l&rsquo;unanimit\u00e9.<\/span><\/span><\/strong><\/span><\/p>\n<p style=\"margin: 0cm 0cm 0pt;\"><span style=\"text-decoration: underline;\"><span style=\"font-family: arial,helvetica,sans-serif; font-size: 14pt;\"><strong><span style=\"color: #ff6600; text-decoration: underline; mso-bidi-font-size: 10.0pt;\">\u00a0<\/span><\/strong><\/span><\/span><\/p>\n<p style=\"margin: 0cm 0cm 0pt;\"><span style=\"text-decoration: underline;\"><span style=\"color: #993300; text-decoration: underline;\"><span style=\"font-family: arial,helvetica,sans-serif; font-size: 14pt;\"><strong><span style=\"mso-bidi-font-size: 10.0pt;\">Troisi\u00e8me projet\u00a0<\/span><\/strong><\/span><\/span><\/span><\/p>\n<p style=\"margin: 0cm 0cm 0pt;\">\u00a0<\/p>\n<p style=\"margin: 0cm 0cm 0pt;\"><span style=\"color: black; font-size: 12pt; mso-bidi-font-size: 10.0pt;\"><span style=\"font-family: Times New Roman;\"><span style=\"color: #ff9900;\"><img loading=\"lazy\" decoding=\"async\" class=\"noAlign\" src=\"http:\/\/www.unenfantuncartable17.fr\/wp-content\/uploads\/2010\/04\/Citerne-1.jpg\" alt=\"Citerne-1\" width=\"300\" height=\"225\" \/><\/span><\/span><\/span><\/p>\n<p style=\"margin: 0cm 0cm 0pt;\">\u00a0<\/p>\n<p style=\"margin: 0cm 0cm 0pt;\"><span style=\"color: #808000; font-family: arial,helvetica,sans-serif; font-size: 14pt;\"><strong><span style=\"mso-bidi-font-size: 10.0pt;\">Wandi\u00e9 dispose de citernes de r\u00e9cup\u00e9ration\u00a0des eaux de\u00a0pluie en tr\u00e8s mauvais \u00e9tat (photo ci-dessus). Les villageois souhaitent\u00a0les remettre en \u00e9tat.<\/span><\/strong><\/span><\/p>\n<p style=\"margin: 0cm 0cm 0pt;\"><span style=\"color: #808000; font-family: arial,helvetica,sans-serif; font-size: 14pt;\"><strong><span style=\"mso-bidi-font-size: 10.0pt;\">Un membre de l\u2019association, architecte en retraite, s\u2019engage\u00a0\u00e0 suivre ce projet,\u00a0non encore chiffr\u00e9.<\/span><\/strong><\/span><\/p>\n<p style=\"margin: 0cm 0cm 0pt;\"><span style=\"color: #808000; font-family: arial,helvetica,sans-serif; font-size: 14pt;\"><strong><span style=\"mso-bidi-font-size: 10.0pt;\">Le pr\u00e9sident demande \u00e0 l\u2019assembl\u00e9e g\u00e9n\u00e9rale de proc\u00e9der \u00e0 l\u2019\u00e9tude technique et l\u2019\u00e9valuation du co\u00fbt de r\u00e9alisation. La r\u00e9habilitation des citernes aura lieu si le co\u00fbt est modeste sinon la prochaine assembl\u00e9e g\u00e9n\u00e9rale sera consult\u00e9e.<\/span><\/strong><\/span><\/p>\n<p style=\"margin: 0cm 0cm 0pt;\"><span style=\"color: #993300; font-family: arial,helvetica,sans-serif; font-size: 14pt;\"><strong><span style=\"mso-bidi-font-size: 10.0pt;\">A l\u2019unanimit\u00e9 l\u2019assembl\u00e9e g\u00e9n\u00e9rale donne son accord.<\/span><\/strong><\/span><\/p>\n<\/div>\n","protected":false},"excerpt":{"rendered":"<p>Voici les projets pr\u00e9sent\u00e9s lors de l&rsquo;assembl\u00e9e g\u00e9n\u00e9rale du 5 mars 2010. \u00a0 Premier projet \u00a0 \u00a0 Le proviseur du lyc\u00e9e Rompsay s\u2019est rendu \u00e0 Wandi\u00e9 avec des professeurs. Apr\u00e8s concertation avec les responsables locaux il propose que le projet, qui\u00a0se nomme Wandsay (Wandi\u00e9 et Rompsay), comporte\u00a0: &#8211; La r\u00e9alisation d\u2019une cl\u00f4ture autour de l\u2019\u00e9cole [&hellip;]<\/p>\n","protected":false},"author":2,"featured_media":0,"comment_status":"open","ping_status":"open","sticky":false,"template":"","format":"standard","meta":{"jetpack_post_was_ever_published":false,"_jetpack_newsletter_access":"","_jetpack_dont_email_post_to_subs":false,"_jetpack_newsletter_tier_id":0,"_jetpack_memberships_contains_paywalled_content":false,"_jetpack_memberships_contains_paid_content":false,"footnotes":""},"categories":[1],"tags":[],"class_list":["post-78","post","type-post","status-publish","format-standard","hentry","category-non-classe"],"jetpack_featured_media_url":"","jetpack_sharing_enabled":true,"jetpack_shortlink":"https:\/\/wp.me\/p5o8j7-1g","_links":{"self":[{"href":"http:\/\/www.unenfantuncartable17.fr\/index.php?rest_route=\/wp\/v2\/posts\/78","targetHints":{"allow":["GET"]}}],"collection":[{"href":"http:\/\/www.unenfantuncartable17.fr\/index.php?rest_route=\/wp\/v2\/posts"}],"about":[{"href":"http:\/\/www.unenfantuncartable17.fr\/index.php?rest_route=\/wp\/v2\/types\/post"}],"author":[{"embeddable":true,"href":"http:\/\/www.unenfantuncartable17.fr\/index.php?rest_route=\/wp\/v2\/users\/2"}],"replies":[{"embeddable":true,"href":"http:\/\/www.unenfantuncartable17.fr\/index.php?rest_route=%2Fwp%2Fv2%2Fcomments&post=78"}],"version-history":[{"count":4,"href":"http:\/\/www.unenfantuncartable17.fr\/index.php?rest_route=\/wp\/v2\/posts\/78\/revisions"}],"predecessor-version":[{"id":694,"href":"http:\/\/www.unenfantuncartable17.fr\/index.php?rest_route=\/wp\/v2\/posts\/78\/revisions\/694"}],"wp:attachment":[{"href":"http:\/\/www.unenfantuncartable17.fr\/index.php?rest_route=%2Fwp%2Fv2%2Fmedia&parent=78"}],"wp:term":[{"taxonomy":"category","embeddable":true,"href":"http:\/\/www.unenfantuncartable17.fr\/index.php?rest_route=%2Fwp%2Fv2%2Fcategories&post=78"},{"taxonomy":"post_tag","embeddable":true,"href":"http:\/\/www.unenfantuncartable17.fr\/index.php?rest_route=%2Fwp%2Fv2%2Ftags&post=78"}],"curies":[{"name":"wp","href":"https:\/\/api.w.org\/{rel}","templated":true}]}}