{"id":740,"date":"2015-04-14T14:08:38","date_gmt":"2015-04-14T13:08:38","guid":{"rendered":"http:\/\/www.unenfantuncartable17.fr\/?p=740"},"modified":"2015-04-14T16:07:47","modified_gmt":"2015-04-14T15:07:47","slug":"nouvelle-etape-en-vue","status":"publish","type":"post","link":"http:\/\/www.unenfantuncartable17.fr\/?p=740","title":{"rendered":"Nouvelle \u00e9tape en vue"},"content":{"rendered":"<p>\u00a0<span style=\"font-size: 14pt;\"><strong><span style=\"color: #808000; font-family: arial,helvetica,sans-serif;\">La derni\u00e8re mission au S\u00e9n\u00e9gal, du 26 mars au 7 avril, emmen\u00e9e par deux administrateurs\u00a0et trois adh\u00e9rents a \u00e9t\u00e9 l&rsquo;occasion\u00a0de v\u00e9rifier que la d\u00e9cision de faire fabriquer le sac d&rsquo;\u00e9cole et la trousse par un \u00e9tablissement technique du minist\u00e8re de l&rsquo;Education Nationale \u00e9tait juste. Une production locale et de qualit\u00e9 qui donne du travail aux jeunes\u00a0S\u00e9n\u00e9galais, tout en contribuant \u00e0 leur formation.<\/span><\/strong><\/span><\/p>\n<p><span style=\"font-size: 14pt;\"><strong><span style=\"color: #993300; font-family: arial,helvetica,sans-serif;\">En effet, apr\u00e8s un test \u00ab\u00a0grandeur nature \u00a0\u00bb de 6 mois dans un environnement difficile, le verdict des directeurs d&rsquo;\u00e9coles et des parents d&rsquo;\u00e9l\u00e8ves est \u00e9loquent: la qualit\u00e9 de la production r\u00e9alis\u00e9e par des \u00e9l\u00e8ves et des enseignants de l&rsquo;\u00e9tablissement de N&rsquo;Guekokh est remarquable ! La toile est de bonne qualit\u00e9, tout comme les coutures ! La d\u00e9cision de passer d&rsquo;une s\u00e9rie d&rsquo;essai de 100 exemplaires \u00e0 la fourniture pour tous les \u00e9l\u00e8ves de CI et de CE2 a donc \u00e9t\u00e9 prise. Un \u00e9l\u00e8ve aura ainsi 2 sacs dans sa scolarit\u00e9 \u00e9l\u00e9mentaire. Cette ann\u00e9e, ce sont 360 sacs (et autant de trousses)\u00a0qui ont \u00e9t\u00e9 command\u00e9s et qui seront disponibles pour la mission de fin octobre. Environ 2500 \u20ac.<\/span><\/strong><\/span><\/p>\n<p><span style=\"font-family: arial,helvetica,sans-serif;\"><a href=\"http:\/\/www.unenfantuncartable17.fr\/wp-content\/uploads\/2015\/04\/wandie-2015.jpg\"><img loading=\"lazy\" decoding=\"async\" class=\"alignnone size-medium wp-image-751\" src=\"http:\/\/www.unenfantuncartable17.fr\/wp-content\/uploads\/2015\/04\/wandie-2015-300x200.jpg\" alt=\"wandie 2015\" width=\"300\" height=\"200\" srcset=\"http:\/\/www.unenfantuncartable17.fr\/wp-content\/uploads\/2015\/04\/wandie-2015-300x200.jpg 300w, http:\/\/www.unenfantuncartable17.fr\/wp-content\/uploads\/2015\/04\/wandie-2015-1024x683.jpg 1024w\" sizes=\"auto, (max-width: 300px) 100vw, 300px\" \/><\/a><\/span><span style=\"text-decoration: underline;\"><span style=\"color: #993300; text-decoration: underline;\">Tous les \u00e9l\u00e8ves auront deux sacs pour leur scolarit\u00e9.<\/span><\/span><\/p>\n<p><span style=\"font-size: 14pt;\"><strong><span style=\"color: #808000; font-family: arial,helvetica,sans-serif;\">La\u00a0visite dans les 4 \u00e9coles publiques\u00a0de l&rsquo;\u00eele a permis de discerner les moyens qui semblent n\u00e9cessaires au bon fonctionnement des classes. <\/span><\/strong><\/span><\/p>\n<p><span style=\"font-size: 14pt;\"><strong><span style=\"color: #808000; font-family: arial,helvetica,sans-serif;\">Comme nous nous y \u00e9tions engag\u00e9s, nous avons annonc\u00e9 aux enseignants de Mar Fafako que leur \u00e9cole\u00a0sera pourvue en totalit\u00e9. En tout 650 \u00e9l\u00e8ves. Plus que nous l&rsquo;attendions. <\/span><\/strong><\/span><\/p>\n<p><span style=\"font-size: 14pt;\"><strong><span style=\"color: #808000; font-family: arial,helvetica,sans-serif;\">En effet, la construction r\u00e9cente de nouveaux b\u00e2timents par une association hollandaise pour d\u00e9congestionner les effectifs de cette \u00e9cole, o\u00f9 les classes atteignent parfois 100 \u00e9l\u00e8ves, a cr\u00e9\u00e9 un \u00ab\u00a0appel d&rsquo;air\u00a0\u00bb. <span style=\"color: #993300;\">Des parents qui ne scolarisaient pas leurs enfants le font d\u00e9sormais, gr\u00e2ce aux bonnes conditions d&rsquo;accueil. Les \u00e9l\u00e8ves de CI et de CP se montent d\u00e9sormais \u00e0 presque 160 enfants, dans chaque section qui compte plusieurs classes.<\/span><\/span><\/strong><\/span><\/p>\n<p><a href=\"http:\/\/www.unenfantuncartable17.fr\/wp-content\/uploads\/2015\/04\/DSC_1023.jpg\"><img loading=\"lazy\" decoding=\"async\" class=\"alignnone size-medium wp-image-746\" src=\"http:\/\/www.unenfantuncartable17.fr\/wp-content\/uploads\/2015\/04\/DSC_1023-198x300.jpg\" alt=\"DSC_1023\" width=\"198\" height=\"300\" srcset=\"http:\/\/www.unenfantuncartable17.fr\/wp-content\/uploads\/2015\/04\/DSC_1023-198x300.jpg 198w, http:\/\/www.unenfantuncartable17.fr\/wp-content\/uploads\/2015\/04\/DSC_1023.jpg 508w\" sizes=\"auto, (max-width: 198px) 100vw, 198px\" \/><\/a>\u00a0<span style=\"color: #993300; text-decoration: underline;\"><span style=\"font-family: arial,helvetica,sans-serif; text-decoration: underline;\">L&rsquo;\u00e9cole de Mar Fafako d\u00e9doubl\u00e9e,\u00a0voit un afflux de nouveaux enfants en CI.<\/span><\/span><\/p>\n<p><span style=\"font-size: 14pt;\"><strong><span style=\"color: #808000; font-family: arial,helvetica,sans-serif;\"><span style=\"color: #993300;\">Au total, si on ajoute des effectifs en hausse dans l&rsquo;\u00e9cole de Mar Lothie (200 contre 170 l&rsquo;an pass\u00e9) ce sont plus de 1000 \u00e9l\u00e8ves qui sont concern\u00e9s (et 25 instituteurs)<\/span> A titre d&rsquo;exemple, cela repr\u00e9sente 2700 stylos de toutes les couleurs, 3900 prot\u00e8ge-cahiers, 1000 bo\u00eetes de crayons de couleur, plus de 5000 cahiers de toute nature, 130 bo\u00eetes de craies blanches, plus de 300 manuels&#8230;Liste non exhaustive. Rappelons qu&rsquo;il s&rsquo;agit l\u00e0, seulement,\u00a0de la demande formul\u00e9e par les directeurs.\u00a0<\/span><\/strong><\/span><\/p>\n<p><span style=\"font-size: 14pt;\"><strong><span style=\"color: #808000; font-family: arial,helvetica,sans-serif;\">Quant \u00e0 lui, le conseil d&rsquo;administration se r\u00e9unira quelques jours apr\u00e8s l&rsquo;assembl\u00e9e g\u00e9n\u00e9rale du 24 avril. Avec les devis et les prix propos\u00e9s par notre fournisseur de M&rsquo;Bour et en fonction du budget, une proposition sera communiqu\u00e9e aux directeurs d&rsquo;\u00e9cole dans le courant du mois de mai.<\/span><\/strong><\/span><\/p>\n<p><span style=\"font-size: 14pt;\"><strong><span style=\"color: #993300; font-family: arial,helvetica,sans-serif;\">Comme d&rsquo;habitude, aucune promesse n&rsquo;a \u00e9t\u00e9\u00a0faite\u00a0aux enseignants\u00a0et les adh\u00e9rents seront inform\u00e9s au plus vite du montant qualitatif et budg\u00e9taire de la dotation en pr\u00e9vision de la rentr\u00e9e scolaire d&rsquo;octobre 2015.<\/span><\/strong><\/span><\/p>\n","protected":false},"excerpt":{"rendered":"<p>\u00a0La derni\u00e8re mission au S\u00e9n\u00e9gal, du 26 mars au 7 avril, emmen\u00e9e par deux administrateurs\u00a0et trois adh\u00e9rents a \u00e9t\u00e9 l&rsquo;occasion\u00a0de v\u00e9rifier que la d\u00e9cision de faire fabriquer le sac d&rsquo;\u00e9cole et la trousse par un \u00e9tablissement technique du minist\u00e8re de l&rsquo;Education Nationale \u00e9tait juste. Une production locale et de qualit\u00e9 qui donne du travail aux [&hellip;]<\/p>\n","protected":false},"author":2,"featured_media":0,"comment_status":"open","ping_status":"open","sticky":false,"template":"","format":"standard","meta":{"jetpack_post_was_ever_published":false,"_jetpack_newsletter_access":"","_jetpack_dont_email_post_to_subs":false,"_jetpack_newsletter_tier_id":0,"_jetpack_memberships_contains_paywalled_content":false,"_jetpack_memberships_contains_paid_content":false,"footnotes":""},"categories":[1],"tags":[],"class_list":["post-740","post","type-post","status-publish","format-standard","hentry","category-non-classe"],"jetpack_featured_media_url":"","jetpack_sharing_enabled":true,"jetpack_shortlink":"https:\/\/wp.me\/p5o8j7-bW","_links":{"self":[{"href":"http:\/\/www.unenfantuncartable17.fr\/index.php?rest_route=\/wp\/v2\/posts\/740","targetHints":{"allow":["GET"]}}],"collection":[{"href":"http:\/\/www.unenfantuncartable17.fr\/index.php?rest_route=\/wp\/v2\/posts"}],"about":[{"href":"http:\/\/www.unenfantuncartable17.fr\/index.php?rest_route=\/wp\/v2\/types\/post"}],"author":[{"embeddable":true,"href":"http:\/\/www.unenfantuncartable17.fr\/index.php?rest_route=\/wp\/v2\/users\/2"}],"replies":[{"embeddable":true,"href":"http:\/\/www.unenfantuncartable17.fr\/index.php?rest_route=%2Fwp%2Fv2%2Fcomments&post=740"}],"version-history":[{"count":12,"href":"http:\/\/www.unenfantuncartable17.fr\/index.php?rest_route=\/wp\/v2\/posts\/740\/revisions"}],"predecessor-version":[{"id":754,"href":"http:\/\/www.unenfantuncartable17.fr\/index.php?rest_route=\/wp\/v2\/posts\/740\/revisions\/754"}],"wp:attachment":[{"href":"http:\/\/www.unenfantuncartable17.fr\/index.php?rest_route=%2Fwp%2Fv2%2Fmedia&parent=740"}],"wp:term":[{"taxonomy":"category","embeddable":true,"href":"http:\/\/www.unenfantuncartable17.fr\/index.php?rest_route=%2Fwp%2Fv2%2Fcategories&post=740"},{"taxonomy":"post_tag","embeddable":true,"href":"http:\/\/www.unenfantuncartable17.fr\/index.php?rest_route=%2Fwp%2Fv2%2Ftags&post=740"}],"curies":[{"name":"wp","href":"https:\/\/api.w.org\/{rel}","templated":true}]}}