{"id":729,"date":"2015-03-06T07:06:19","date_gmt":"2015-03-06T06:06:19","guid":{"rendered":"http:\/\/www.unenfantuncartable17.fr\/?p=729"},"modified":"2015-03-16T07:15:39","modified_gmt":"2015-03-16T06:15:39","slug":"assemblee-generale-le-24-avril","status":"publish","type":"post","link":"http:\/\/www.unenfantuncartable17.fr\/?p=729","title":{"rendered":"Assembl\u00e9e g\u00e9n\u00e9rale le 24 avril"},"content":{"rendered":"<p><span style=\"color: #993300; font-family: arial,helvetica,sans-serif; font-size: 14pt;\"><strong>L\u2019Assembl\u00e9e g\u00e9n\u00e9rale\u00a0de l\u2019Association se tiendra\u00a0le Vendredi\u00a024 avril 2015 \u00e0 19h30 \u00a0\u00e0 la Maison de quartier de Port Neuf &#8211; La Rochelle.<\/strong><\/span><\/p>\n<p><a href=\"http:\/\/www.unenfantuncartable17.fr\/wp-content\/uploads\/2011\/02\/Photo-146.jpg\"><img loading=\"lazy\" decoding=\"async\" class=\"alignnone size-full wp-image-263\" src=\"http:\/\/www.unenfantuncartable17.fr\/wp-content\/uploads\/2011\/02\/Photo-146.jpg\" alt=\"Photo-146\" width=\"300\" height=\"225\" \/><\/a><\/p>\n<p><span style=\"color: #808000; font-family: arial,helvetica,sans-serif; font-size: 14pt;\"><strong><em><span style=\"text-decoration: underline;\">Ordre du Jour:<\/span><\/em><\/strong><\/span><\/p>\n<p><span style=\"color: #993300; font-family: arial,helvetica,sans-serif; font-size: 14pt;\"><strong>19h00\u00a0: R\u00e9gularisation des cotisations<\/strong>.<\/span><\/p>\n<p><span style=\"color: #993300; font-family: arial,helvetica,sans-serif; font-size: 14pt;\"><strong>19h30\u00a0: Assembl\u00e9e g\u00e9n\u00e9rale<\/strong><\/span><\/p>\n<p><span style=\"color: #993300; font-family: arial,helvetica,sans-serif; font-size: 14pt;\"><strong>&#8211; Rapport moral, d\u2019orientations et d\u2019activit\u00e9s<\/strong><\/span><\/p>\n<p><span style=\"color: #993300; font-family: arial,helvetica,sans-serif; font-size: 14pt;\"><strong>&#8211;\u00a0\u00a0\u00a0\u00a0 &#8211;\u00a0<\/strong><strong>Rapport financier et quitus<\/strong><\/span><\/p>\n<p><span style=\"color: #993300; font-family: arial,helvetica,sans-serif; font-size: 14pt;\"><strong>&#8211;\u00a0\u00a0\u00a0\u00a0\u00a0&#8211;\u00a0<\/strong><strong>Elections au Conseil d\u2019Administration<\/strong><\/span><\/p>\n<p><span style=\"color: #993300; font-family: arial,helvetica,sans-serif; font-size: 14pt;\"><strong>&#8211;\u00a0\u00a0\u00a0\u00a0\u00a0&#8211;\u00a0<\/strong><strong>Questions diverses<\/strong><\/span><\/p>\n<p><span style=\"color: #993300; font-family: arial,helvetica,sans-serif; font-size: 14pt;\"><strong>&#8211;\u00a0\u00a0\u00a0\u00a0\u00a0&#8211; <\/strong><strong>Diaporama sur l&rsquo;action de l&rsquo;association\u00a0\u00e0 Mar Lodj<\/strong><\/span><\/p>\n<p><span style=\"color: #993300; font-family: arial,helvetica,sans-serif; font-size: 14pt;\">\u00a0<\/span><span style=\"color: #808000; text-decoration: underline;\"><span style=\"font-family: arial,helvetica,sans-serif; font-size: 14pt; text-decoration: underline;\"><strong>20h30\u00a0: Soir\u00e9e festive (voir plus bas)<\/strong><\/span><\/span><\/p>\n<p><span style=\"color: #993300; font-family: arial,helvetica,sans-serif; font-size: 14pt;\"><strong>Nous comptons sur votre pr\u00e9sence ou sur votre pouvoir.<\/strong><\/span><\/p>\n<p><span style=\"color: #993300; font-family: arial,helvetica,sans-serif; font-size: 14pt;\"><strong>A l\u2019issue de l\u2019Assembl\u00e9e g\u00e9n\u00e9rale, lors du repas convivial (20 \u00a3 sans la boisson) qui r\u00e9unira les adh\u00e9rents, un concert de jazz sera donn\u00e9 par les professeurs et les \u00e9l\u00e8ves des classes de saxophones et de cuivres du Conservatoire de Musique de La Rochelle.<\/strong><\/span><\/p>\n<p><span style=\"color: #993300; font-family: arial,helvetica,sans-serif; font-size: 14pt;\"><span style=\"color: #808000;\"><strong><em><span style=\"text-decoration: underline;\">R\u00e9servation par ch\u00e8que de 20 \u20ac\/ personne<\/span><\/em><\/strong><\/span><strong><span style=\"color: #808000;\"> \u00e0 envoyer \u00e0:<\/span> <\/strong><\/span><\/p>\n<p><span style=\"color: #993300; font-family: arial,helvetica,sans-serif; font-size: 14pt;\"><strong>\u00ab\u00a0Un enfant, Un cartable\u00a0\u00bb. Maison de Quartier de Port Neuf <\/strong><\/span><\/p>\n<p><span style=\"color: #993300; font-family: arial,helvetica,sans-serif; font-size: 14pt;\"><strong>Place de l\u2019Ile de France 17000 &#8211; La Rochelle.<\/strong><\/span><\/p>\n<p><span style=\"color: #808000; font-family: arial,helvetica,sans-serif; font-size: 12pt;\"><strong><span style=\"font-family: arial,helvetica,sans-serif; font-size: 14pt;\"><a style=\"color: #808000;\" href=\"http:\/\/www.unenfantuncartable17.fr\/wp-content\/uploads\/2015\/03\/pouvoir.docx\">pouvoir<\/a>\u00a0(cliquez)<\/span><\/strong><\/span><\/p>\n","protected":false},"excerpt":{"rendered":"<p>L\u2019Assembl\u00e9e g\u00e9n\u00e9rale\u00a0de l\u2019Association se tiendra\u00a0le Vendredi\u00a024 avril 2015 \u00e0 19h30 \u00a0\u00e0 la Maison de quartier de Port Neuf &#8211; La Rochelle. Ordre du Jour: 19h00\u00a0: R\u00e9gularisation des cotisations. 19h30\u00a0: Assembl\u00e9e g\u00e9n\u00e9rale &#8211; Rapport moral, d\u2019orientations et d\u2019activit\u00e9s &#8211;\u00a0\u00a0\u00a0\u00a0 &#8211;\u00a0Rapport financier et quitus &#8211;\u00a0\u00a0\u00a0\u00a0\u00a0&#8211;\u00a0Elections au Conseil d\u2019Administration &#8211;\u00a0\u00a0\u00a0\u00a0\u00a0&#8211;\u00a0Questions diverses &#8211;\u00a0\u00a0\u00a0\u00a0\u00a0&#8211; Diaporama sur l&rsquo;action de l&rsquo;association\u00a0\u00e0 Mar [&hellip;]<\/p>\n","protected":false},"author":2,"featured_media":0,"comment_status":"open","ping_status":"open","sticky":false,"template":"","format":"standard","meta":{"jetpack_post_was_ever_published":false,"_jetpack_newsletter_access":"","_jetpack_dont_email_post_to_subs":false,"_jetpack_newsletter_tier_id":0,"_jetpack_memberships_contains_paywalled_content":false,"_jetpack_memberships_contains_paid_content":false,"footnotes":""},"categories":[1],"tags":[],"class_list":["post-729","post","type-post","status-publish","format-standard","hentry","category-non-classe"],"jetpack_featured_media_url":"","jetpack_sharing_enabled":true,"jetpack_shortlink":"https:\/\/wp.me\/p5o8j7-bL","_links":{"self":[{"href":"http:\/\/www.unenfantuncartable17.fr\/index.php?rest_route=\/wp\/v2\/posts\/729","targetHints":{"allow":["GET"]}}],"collection":[{"href":"http:\/\/www.unenfantuncartable17.fr\/index.php?rest_route=\/wp\/v2\/posts"}],"about":[{"href":"http:\/\/www.unenfantuncartable17.fr\/index.php?rest_route=\/wp\/v2\/types\/post"}],"author":[{"embeddable":true,"href":"http:\/\/www.unenfantuncartable17.fr\/index.php?rest_route=\/wp\/v2\/users\/2"}],"replies":[{"embeddable":true,"href":"http:\/\/www.unenfantuncartable17.fr\/index.php?rest_route=%2Fwp%2Fv2%2Fcomments&post=729"}],"version-history":[{"count":6,"href":"http:\/\/www.unenfantuncartable17.fr\/index.php?rest_route=\/wp\/v2\/posts\/729\/revisions"}],"predecessor-version":[{"id":736,"href":"http:\/\/www.unenfantuncartable17.fr\/index.php?rest_route=\/wp\/v2\/posts\/729\/revisions\/736"}],"wp:attachment":[{"href":"http:\/\/www.unenfantuncartable17.fr\/index.php?rest_route=%2Fwp%2Fv2%2Fmedia&parent=729"}],"wp:term":[{"taxonomy":"category","embeddable":true,"href":"http:\/\/www.unenfantuncartable17.fr\/index.php?rest_route=%2Fwp%2Fv2%2Fcategories&post=729"},{"taxonomy":"post_tag","embeddable":true,"href":"http:\/\/www.unenfantuncartable17.fr\/index.php?rest_route=%2Fwp%2Fv2%2Ftags&post=729"}],"curies":[{"name":"wp","href":"https:\/\/api.w.org\/{rel}","templated":true}]}}