{"id":72,"date":"2010-05-17T16:32:00","date_gmt":"2010-05-17T16:32:00","guid":{"rendered":"http:\/\/www.unenfantuncartable17.fr\/?p=72"},"modified":"2015-01-28T16:54:38","modified_gmt":"2015-01-28T15:54:38","slug":"marsoulou-nouvelle-etape-journal-de-voyage-avril","status":"publish","type":"post","link":"http:\/\/www.unenfantuncartable17.fr\/?p=72","title":{"rendered":"Marsoulou, nouvelle \u00e9tape (journal de voyage avril 2010)"},"content":{"rendered":"<p><span style=\"font-family: arial,helvetica,sans-serif;\"><span style=\"line-height: 115%;\"><span style=\"font-size: 8pt;\"><span style=\"color: #99cc00;\"><span style=\"font-size: 12pt;\"><img loading=\"lazy\" decoding=\"async\" class=\"GcheTexte\" src=\"http:\/\/www.unenfantuncartable17.fr\/wp-content\/uploads\/2010\/05\/Wandie-057.jpg\" alt=\"Wandi\u00e9 057\" width=\"300\" height=\"225\" \/><span style=\"color: #993300; font-size: 10pt;\"><strong><span style=\"text-decoration: underline;\">L&rsquo;\u00e9cole en plein air \u00e0 Marsoulou<\/span><\/strong><\/span><\/span><\/span><\/span><\/span><\/span><\/p>\n<div class=\"ob-section ob-section-html\">\n<p style=\"margin: 0cm 0cm 10pt;\"><span style=\"color: #993300; font-size: 14pt;\"><strong><span style=\"font-family: arial,helvetica,sans-serif;\"><span style=\"line-height: 115%;\">Comme nous nous y\u00a0\u00e9tions\u00a0engag\u00e9s lors de\u00a0\u00a0 l\u2019assembl\u00e9e g\u00e9n\u00e9rale, nous avons pris contact avec l\u2019\u00e9cole de Marsoulou, distante de quelques kilom\u00e8tres de Wandi\u00e9.<span style=\"mso-spacerun: yes;\">\u00a0<\/span> Nous avons \u00e9t\u00e9 re\u00e7us par le directeur de l\u2019\u00e9cole primaire, le pr\u00e9sident des parents d\u2019\u00e9l\u00e8ves et un repr\u00e9sentant du chef du village.<\/span><\/span><\/strong><\/span><\/p>\n<p style=\"margin: 0cm 0cm 10pt; text-align: left;\"><span style=\"color: #808000; font-size: 14pt;\"><strong><span style=\"font-family: arial,helvetica,sans-serif;\"><span style=\"line-height: 115%;\">A Marsoulou,\u00a0en raison\u00a0du grand nombre d\u2019\u00e9l\u00e8ves, la situation est peut-\u00eatre\u00a0plus difficile\u00a0qu\u2019\u00e0 Wandi\u00e9, il y a 3 ans\u00a0: 125 \u00e9l\u00e8ves sont pr\u00e9vus pour la prochaine rentr\u00e9e, pour tous les niveaux jusqu\u2019au cours moyen 2<sup>\u00e8me<\/sup> ann\u00e9e. La bonne nouvelle, c&rsquo;est la pr\u00e9sence de six instituteurs qui encadrent environ 25 \u00e9l\u00e8ves par classe.<\/span><\/span><\/strong><\/span><\/p>\n<p style=\"margin: 0cm 0cm 10pt; text-align: left;\"><span style=\"font-family: arial,helvetica,sans-serif;\"><span style=\"line-height: 115%;\"><span style=\"font-size: 8pt;\"><span style=\"color: #99cc00;\"><span style=\"font-size: 12pt;\"><strong><span style=\"color: #993300; font-size: 14pt;\">Le directeur souhaite de notre part la m\u00eame intervention\u00a0qu\u2019\u00e0 Wandi\u00e9\u00a0: fournitures scolaires, livres <span style=\"mso-spacerun: yes;\">\u00a0<\/span>scolaires, mais aussi classes, latrines, cl\u00f4tures, panneaux solaires pour \u00e9lectrification. Nous <\/span><span style=\"font-size: 14pt;\"><span style=\"color: #993300;\">pr\u00e9cisons qu\u2019\u00e0 ce jour nous ne pouvons r\u00e9pondre positivement qu&rsquo;\u00e0 la demande de fournitures scolaires pour l\u2019ann\u00e9e prochaine. Nous pr\u00e9cisons qu&rsquo;un rapport d\u2019activit\u00e9 trimestriel permettant de suivre l\u2019assiduit\u00e9 et les progr\u00e8s de chacun est indispensable pour \u00e9tablir\u00a0la confiance comme nous avons r\u00e9ussi \u00e0 le faire a Wandi\u00e9.<\/span><\/span><\/strong><\/span><\/span><\/span><\/span><\/span><\/p>\n<p style=\"margin: 0cm 0cm 10pt; text-align: left;\"><span style=\"color: #993300; font-size: 14pt;\"><strong><span style=\"font-family: arial,helvetica,sans-serif;\"><span style=\"line-height: 115%;\">Nous nous quittons avec la promesse d\u2019une rencontre avant le 15 juillet pour distribuer, \u00e0 cette date, l\u2019ensemble des fournitures pour le rentr\u00e9e des classes.<\/span><\/span><\/strong><\/span><\/p>\n<p style=\"margin: 0cm 0cm 10pt;\"><span style=\"color: #808000; font-size: 14pt;\"><strong><span style=\"font-family: arial,helvetica,sans-serif;\"><strong style=\"mso-bidi-font-weight: normal;\"><span style=\"line-height: 115%;\">La dotation pour l\u2019\u00e9cole de Marsoulou<\/span><\/strong><\/span><\/strong><\/span><\/p>\n<p style=\"margin: 0cm 0cm 10pt;\"><span style=\"color: #993300; font-size: 14pt;\"><strong><span style=\"font-family: arial,helvetica,sans-serif;\"><span style=\"line-height: 115%;\">&#8211; 150 ardoises, 150 trousses, 150 double d\u00e9cim\u00e8tres, une bo\u00eete de 200 stylos bleus, une bo\u00eete de 200 stylos verts, une bo\u00eete de 200 stylos rouges, une bo\u00eete de 200 crayons \u00e0 papier, 200 taille crayons, une bo\u00eete de 200 b\u00e2tonnets de colle, 150 bo\u00eetes de crayons de couleurs, 150 gommes.<\/span><\/span><\/strong><\/span><\/p>\n<p style=\"margin: 0cm 0cm 10pt;\"><span style=\"color: #993300; font-family: arial,helvetica,sans-serif; font-size: 14pt;\"><span style=\"line-height: 115%;\">&#8211; <strong>150 prot\u00e8ges cahiers verts, 150 prot\u00e8ges cahiers jaunes, 150 prot\u00e8ges cahiers rouges<\/strong><\/span><\/span><\/p>\n<p style=\"margin: 0cm 0cm 10pt;\"><span style=\"color: #993300; font-size: 14pt;\"><strong><span style=\"font-family: arial,helvetica,sans-serif;\"><span style=\"line-height: 115%;\">&#8211; 105 compas, 105 \u00e9querres, 105 rapporteurs<\/span><\/span><\/strong><\/span><\/p>\n<p style=\"margin: 0cm 0cm 10pt;\"><span style=\"color: #993300; font-size: 14pt;\"><strong><span style=\"font-family: arial,helvetica,sans-serif;\"><span style=\"line-height: 115%;\">&#8211; 50 cahiers doubles lignes, 320 cahiers de 100 pages, 400 cahiers de 50 pages, 100 cahiers de 200 pages, 10 cahiers de journal de classe format A3 pour les ma\u00eetres.<\/span><\/span><\/strong><\/span><\/p>\n<p style=\"margin: 0cm 0cm 10pt;\"><span style=\"color: #993300; font-size: 14pt;\"><strong><span style=\"font-family: arial,helvetica,sans-serif;\"><span style=\"line-height: 115%;\">&#8211; 30 cartables de petites tailles, 30 cartables de tailles moyennes, 50 cartables de grandes tailles.<\/span><\/span><\/strong><\/span><\/p>\n<p style=\"margin: 0cm 0cm 10pt;\"><span style=\"color: #993300; font-size: 14pt;\"><strong><span style=\"font-family: arial,helvetica,sans-serif;\"><span style=\"line-height: 115%;\">&#8211; 50 boites de craies blanches, 30 boites de craies de couleurs.<\/span><\/span><\/strong><\/span><\/p>\n<p style=\"margin: 0cm 0cm 10pt;\"><span style=\"color: #993300; font-size: 14pt;\"><strong><span style=\"font-family: arial,helvetica,sans-serif;\"><span style=\"line-height: 115%;\">&#8211; 6 dictionnaires<span style=\"mso-spacerun: yes;\">\u00a0<\/span> pour les enseignants et 6 cartables pour les enseignants.<\/span><\/span><\/strong><\/span><\/p>\n<\/div>\n","protected":false},"excerpt":{"rendered":"<p>L&rsquo;\u00e9cole en plein air \u00e0 Marsoulou Comme nous nous y\u00a0\u00e9tions\u00a0engag\u00e9s lors de\u00a0\u00a0 l\u2019assembl\u00e9e g\u00e9n\u00e9rale, nous avons pris contact avec l\u2019\u00e9cole de Marsoulou, distante de quelques kilom\u00e8tres de Wandi\u00e9.\u00a0 Nous avons \u00e9t\u00e9 re\u00e7us par le directeur de l\u2019\u00e9cole primaire, le pr\u00e9sident des parents d\u2019\u00e9l\u00e8ves et un repr\u00e9sentant du chef du village. A Marsoulou,\u00a0en raison\u00a0du grand nombre [&hellip;]<\/p>\n","protected":false},"author":2,"featured_media":0,"comment_status":"open","ping_status":"open","sticky":false,"template":"","format":"standard","meta":{"jetpack_post_was_ever_published":false,"_jetpack_newsletter_access":"","_jetpack_dont_email_post_to_subs":false,"_jetpack_newsletter_tier_id":0,"_jetpack_memberships_contains_paywalled_content":false,"_jetpack_memberships_contains_paid_content":false,"footnotes":""},"categories":[1],"tags":[],"class_list":["post-72","post","type-post","status-publish","format-standard","hentry","category-non-classe"],"jetpack_featured_media_url":"","jetpack_sharing_enabled":true,"jetpack_shortlink":"https:\/\/wp.me\/p5o8j7-1a","_links":{"self":[{"href":"http:\/\/www.unenfantuncartable17.fr\/index.php?rest_route=\/wp\/v2\/posts\/72","targetHints":{"allow":["GET"]}}],"collection":[{"href":"http:\/\/www.unenfantuncartable17.fr\/index.php?rest_route=\/wp\/v2\/posts"}],"about":[{"href":"http:\/\/www.unenfantuncartable17.fr\/index.php?rest_route=\/wp\/v2\/types\/post"}],"author":[{"embeddable":true,"href":"http:\/\/www.unenfantuncartable17.fr\/index.php?rest_route=\/wp\/v2\/users\/2"}],"replies":[{"embeddable":true,"href":"http:\/\/www.unenfantuncartable17.fr\/index.php?rest_route=%2Fwp%2Fv2%2Fcomments&post=72"}],"version-history":[{"count":4,"href":"http:\/\/www.unenfantuncartable17.fr\/index.php?rest_route=\/wp\/v2\/posts\/72\/revisions"}],"predecessor-version":[{"id":691,"href":"http:\/\/www.unenfantuncartable17.fr\/index.php?rest_route=\/wp\/v2\/posts\/72\/revisions\/691"}],"wp:attachment":[{"href":"http:\/\/www.unenfantuncartable17.fr\/index.php?rest_route=%2Fwp%2Fv2%2Fmedia&parent=72"}],"wp:term":[{"taxonomy":"category","embeddable":true,"href":"http:\/\/www.unenfantuncartable17.fr\/index.php?rest_route=%2Fwp%2Fv2%2Fcategories&post=72"},{"taxonomy":"post_tag","embeddable":true,"href":"http:\/\/www.unenfantuncartable17.fr\/index.php?rest_route=%2Fwp%2Fv2%2Ftags&post=72"}],"curies":[{"name":"wp","href":"https:\/\/api.w.org\/{rel}","templated":true}]}}