{"id":704,"date":"2015-01-30T10:38:07","date_gmt":"2015-01-30T09:38:07","guid":{"rendered":"http:\/\/www.unenfantuncartable17.fr\/?p=704"},"modified":"2015-02-15T12:18:43","modified_gmt":"2015-02-15T11:18:43","slug":"soiree-reussie-chez-mirko","status":"publish","type":"post","link":"http:\/\/www.unenfantuncartable17.fr\/?p=704","title":{"rendered":"Soir\u00e9e r\u00e9ussie chez \u00ab\u00a0Mirko\u00a0\u00bb"},"content":{"rendered":"<p><a href=\"http:\/\/www.unenfantuncartable17.fr\/wp-content\/uploads\/2015\/01\/DSC04822.jpg\"><img loading=\"lazy\" decoding=\"async\" class=\"alignnone size-medium wp-image-718\" src=\"http:\/\/www.unenfantuncartable17.fr\/wp-content\/uploads\/2015\/01\/DSC04822-300x199.jpg\" alt=\"DSC04822\" width=\"300\" height=\"199\" srcset=\"http:\/\/www.unenfantuncartable17.fr\/wp-content\/uploads\/2015\/01\/DSC04822-300x199.jpg 300w, http:\/\/www.unenfantuncartable17.fr\/wp-content\/uploads\/2015\/01\/DSC04822.jpg 640w\" sizes=\"auto, (max-width: 300px) 100vw, 300px\" \/><\/a>\u00a0<span style=\"text-decoration: underline;\"><span style=\"color: #993300; font-size: 10pt; text-decoration: underline;\"><strong><span style=\"font-family: arial,helvetica,sans-serif;\">Mirko (en blanc)\u00a0\u00e0 c\u00f4t\u00e9 de Julie, Marc et Pat,\u00a0les musiciens, \u00e0 droite. Ga\u00e8tane Senez (fille de Jean-Pierre Signorotti)\u00a0au centre, deuxi\u00e8me rang. On reconna\u00eet\u00a0entre autres, Olivier Senez,\u00a0Jean-Fran\u00e7ois Juric, Jean-Pierre Viard, Jean-Claude Brossard.<\/span><\/strong><\/span><\/span><\/p>\n<p><span style=\"color: #993300;\"><strong><span style=\"font-family: arial,helvetica,sans-serif; font-size: 14pt;\"><span style=\"color: #808000;\">Le 28 janvier,<\/span> l&rsquo;association avait convi\u00e9 ses membres et leurs amis -90 personnes se sont d\u00e9plac\u00e9es-\u00a0\u00e0 une soir\u00e9e de gastronomie italienne et de jazz <span style=\"color: #808000;\">chez Mirko,<\/span> aux Boucholeurs \u00e0\u00a0Ch\u00e2telaillon.\u00a0<span style=\"color: #808000;\">Gr\u00e2ce au\u00a0repas et au concert\u00a0offerts par Mirko et\u00a0par les musiciens Julie Morillon, Pat Giraud et\u00a0Marc Antony,\u00a0<\/span> les b\u00e9n\u00e9fices pour l&rsquo;association pr\u00e9sente dans le Sin\u00e9 Saloum,\u00a0ont \u00e9t\u00e9\u00a0importants et seront r\u00e9investis prochainement dans la fabrication du sac d&rsquo;\u00e9colier\u00a0dont les participants ont pu d\u00e9couvrir un exemplaire lors du repas (voir articles pr\u00e9c\u00e9dents)<\/span><\/strong><\/span><\/p>\n<p><span style=\"color: #993300;\"><strong><span style=\"font-family: arial,helvetica,sans-serif; font-size: 14pt;\">Mais le plus important, a sans doute \u00e9t\u00e9 la pens\u00e9e que tous ceux qui l&rsquo;ont connu, ont eu pour <span style=\"color: #808000;\">Jean-Pierre Signorotti<\/span>, disparu l&rsquo;an pass\u00e9 et militant actif\u00a0de l&rsquo;association. C&rsquo;est un hommage -mot qu&rsquo;il aurait sans doute d\u00e9test\u00e9-\u00a0joyeux que chacun voulait lui rendre et qui a \u00e9t\u00e9 possible\u00a0gr\u00e2ce \u00e0 l&rsquo;interm\u00e9diaire de\u00a0ses enfants, Ga\u00e9tane et Vivien, aupr\u00e8s de Mirko, et pr\u00e9sents ce soir l\u00e0.<\/span><\/strong><\/span><\/p>\n<p><span style=\"color: #993300;\"><strong><a href=\"http:\/\/www.unenfantuncartable17.fr\/wp-content\/uploads\/2015\/01\/20150128_205022_resized.jpg\"><img loading=\"lazy\" decoding=\"async\" class=\"alignnone size-medium wp-image-708\" src=\"http:\/\/www.unenfantuncartable17.fr\/wp-content\/uploads\/2015\/01\/20150128_205022_resized-300x169.jpg\" alt=\"20150128_205022_resized\" width=\"300\" height=\"169\" srcset=\"http:\/\/www.unenfantuncartable17.fr\/wp-content\/uploads\/2015\/01\/20150128_205022_resized-300x169.jpg 300w, http:\/\/www.unenfantuncartable17.fr\/wp-content\/uploads\/2015\/01\/20150128_205022_resized.jpg 512w\" sizes=\"auto, (max-width: 300px) 100vw, 300px\" \/><\/a><span style=\"color: #808000; text-decoration: underline;\"><span style=\"font-family: arial,helvetica,sans-serif; font-size: 10pt;\">Pendant le repas, sept personnes ont adh\u00e9r\u00e9.<\/span><\/span><\/strong><\/span><\/p>\n<p><span style=\"color: #993300;\"><strong><span style=\"font-family: arial,helvetica,sans-serif; font-size: 14pt;\">La soir\u00e9e a donc tenu ses promesses de l\u00e9g\u00e8ret\u00e9, de joie, d&rsquo;\u00e9motion, mais aussi de souvenirs, de gravit\u00e9 et de promesses d&rsquo;avenir pour l&rsquo;engagement de chacun au S\u00e9n\u00e9gal.<\/span><\/strong><\/span><\/p>\n<p><span style=\"color: #993300;\"><strong><span style=\"font-family: arial,helvetica,sans-serif; font-size: 14pt;\">Le pr\u00e9sident a pr\u00e9sent\u00e9 les activit\u00e9s de l&rsquo;association, rappelant le chemin parcouru ensemble depuis 7 ans et qui\u00a0aboutira en fin d&rsquo;ann\u00e9e \u00e0 la prise en charge de la totalit\u00e9 des \u00e9l\u00e8ves d&rsquo;\u00e2ge primaire de l&rsquo;\u00eele de Mar Lodj, environ <span style=\"color: #808000;\">860 \u00e9l\u00e8ves (45, il y a 7 ans)<\/span> <\/span><\/strong><\/span><\/p>\n<p><span style=\"color: #993300;\"><strong><span style=\"font-family: arial,helvetica,sans-serif; font-size: 14pt;\">La solidarit\u00e9 que l&rsquo;association\u00a0veut incarner\u00a0au S\u00e9n\u00e9gal, s&rsquo;est v\u00e9rifi\u00e9e ce soir l\u00e0.<\/span><\/strong><\/span><\/p>\n<p><span style=\"color: #993300;\"><strong><span style=\"font-family: arial,helvetica,sans-serif; font-size: 14pt;\">Merci \u00e0 tous !<\/span><\/strong><\/span><\/p>\n","protected":false},"excerpt":{"rendered":"<p>\u00a0Mirko (en blanc)\u00a0\u00e0 c\u00f4t\u00e9 de Julie, Marc et Pat,\u00a0les musiciens, \u00e0 droite. Ga\u00e8tane Senez (fille de Jean-Pierre Signorotti)\u00a0au centre, deuxi\u00e8me rang. On reconna\u00eet\u00a0entre autres, Olivier Senez,\u00a0Jean-Fran\u00e7ois Juric, Jean-Pierre Viard, Jean-Claude Brossard. Le 28 janvier, l&rsquo;association avait convi\u00e9 ses membres et leurs amis -90 personnes se sont d\u00e9plac\u00e9es-\u00a0\u00e0 une soir\u00e9e de gastronomie italienne et de jazz [&hellip;]<\/p>\n","protected":false},"author":2,"featured_media":0,"comment_status":"open","ping_status":"open","sticky":false,"template":"","format":"standard","meta":{"jetpack_post_was_ever_published":false,"_jetpack_newsletter_access":"","_jetpack_dont_email_post_to_subs":false,"_jetpack_newsletter_tier_id":0,"_jetpack_memberships_contains_paywalled_content":false,"_jetpack_memberships_contains_paid_content":false,"footnotes":""},"categories":[1],"tags":[],"class_list":["post-704","post","type-post","status-publish","format-standard","hentry","category-non-classe"],"jetpack_featured_media_url":"","jetpack_sharing_enabled":true,"jetpack_shortlink":"https:\/\/wp.me\/p5o8j7-bm","_links":{"self":[{"href":"http:\/\/www.unenfantuncartable17.fr\/index.php?rest_route=\/wp\/v2\/posts\/704","targetHints":{"allow":["GET"]}}],"collection":[{"href":"http:\/\/www.unenfantuncartable17.fr\/index.php?rest_route=\/wp\/v2\/posts"}],"about":[{"href":"http:\/\/www.unenfantuncartable17.fr\/index.php?rest_route=\/wp\/v2\/types\/post"}],"author":[{"embeddable":true,"href":"http:\/\/www.unenfantuncartable17.fr\/index.php?rest_route=\/wp\/v2\/users\/2"}],"replies":[{"embeddable":true,"href":"http:\/\/www.unenfantuncartable17.fr\/index.php?rest_route=%2Fwp%2Fv2%2Fcomments&post=704"}],"version-history":[{"count":17,"href":"http:\/\/www.unenfantuncartable17.fr\/index.php?rest_route=\/wp\/v2\/posts\/704\/revisions"}],"predecessor-version":[{"id":726,"href":"http:\/\/www.unenfantuncartable17.fr\/index.php?rest_route=\/wp\/v2\/posts\/704\/revisions\/726"}],"wp:attachment":[{"href":"http:\/\/www.unenfantuncartable17.fr\/index.php?rest_route=%2Fwp%2Fv2%2Fmedia&parent=704"}],"wp:term":[{"taxonomy":"category","embeddable":true,"href":"http:\/\/www.unenfantuncartable17.fr\/index.php?rest_route=%2Fwp%2Fv2%2Fcategories&post=704"},{"taxonomy":"post_tag","embeddable":true,"href":"http:\/\/www.unenfantuncartable17.fr\/index.php?rest_route=%2Fwp%2Fv2%2Ftags&post=704"}],"curies":[{"name":"wp","href":"https:\/\/api.w.org\/{rel}","templated":true}]}}