{"id":69,"date":"2010-06-17T09:41:00","date_gmt":"2010-06-17T09:41:00","guid":{"rendered":"http:\/\/www.unenfantuncartable17.fr\/?p=69"},"modified":"2015-01-28T16:53:16","modified_gmt":"2015-01-28T15:53:16","slug":"assemblee-generale-extraordinaire","status":"publish","type":"post","link":"http:\/\/www.unenfantuncartable17.fr\/?p=69","title":{"rendered":"Assembl\u00e9e g\u00e9n\u00e9rale extraordinaire"},"content":{"rendered":"<p><span style=\"color: #993300; font-size: 14pt;\"><strong><span style=\"font-family: arial,helvetica,sans-serif;\">Le jeudi 24 juin \u00e0 18 heures \u00e0 l&rsquo;\u00e9cole de voile rochelaise se tiendra l&rsquo;assembl\u00e9e g\u00e9n\u00e9rale extraordinaire de l&rsquo;association.<\/span><\/strong><\/span><\/p>\n<div class=\"ob-section ob-section-html\">\n<p><span style=\"color: #808000; font-family: arial,helvetica,sans-serif; font-size: 14pt;\"><strong>Tous les adh\u00e9rents y sont convi\u00e9s pour voter la modification des statuts.<\/strong><\/span><\/p>\n<p><span style=\"color: #808000; font-family: arial,helvetica,sans-serif; font-size: 14pt;\"><strong>Ce changement est motiv\u00e9 par la n\u00e9cessit\u00e9 de pr\u00e9ciser et ajouter aux statuts existants, une \u00e9volution qui avait \u00e9t\u00e9 esquiss\u00e9e lors de l&rsquo;assemble\u00e9 g\u00e9n\u00e9rale ordinaire de mars.<\/strong><\/span><\/p>\n<p><span style=\"color: #808000; font-family: arial,helvetica,sans-serif; font-size: 14pt;\"><strong>Cette \u00e9volution porte sur l&rsquo;aide qu&rsquo;il appara\u00eet n\u00e9cessaire d&rsquo;apporter au village de Wandi\u00e9 au sujet de la disponibilit\u00e9 en eau potable. Celle-ci est en effet rare dans la r\u00e9gion du Sin\u00e9 Saloun et les habitants doivent utiliser les eaux de pluie recueillies durant la saison des pluies qui s&rsquo;annonce dans quelques semaines. Il y a donc urgence.<\/strong><\/span><\/p>\n<p><span style=\"color: #808000; font-family: arial,helvetica,sans-serif; font-size: 14pt;\"><strong>Le projet de l&rsquo;association vise \u00e0 restaurer des citernes qui sont aujourd&rsquo;hui totalement d\u00e9truites.<\/strong><\/span><\/p>\n<p><span style=\"color: #993300; font-family: arial,helvetica,sans-serif; font-size: 14pt;\"><strong>L&rsquo;article qu&rsquo; il est propos\u00e9 d&rsquo;ajouter \u00e0 l&rsquo;objet de l&rsquo;association est le suivant:<\/strong><\/span><\/p>\n<p><span style=\"color: #993300; font-family: arial,helvetica,sans-serif; font-size: 14pt;\"><strong>\u00a0\u00bb L&rsquo;association dans le cadre de sa mission principale de scolarisation et sur autorisation pr\u00e9alable du conseil d&rsquo;administration, pourra entreprendre et financer tous travaux permettant la mise en oeuvre ou la r\u00e9fection d&rsquo;infrastructures touchant \u00e0 la s\u00e9curit\u00e9, la salubrit\u00e9 et\/ l&rsquo;hygi\u00e8ne des enfants scolaris\u00e9s.\u00a0\u00bb\u00a0<\/strong><\/span><\/p>\n<p><span style=\"color: #808000; font-family: arial,helvetica,sans-serif; font-size: 14pt;\"><strong>Tous les autres articles demeurent inchang\u00e9s.<\/strong><\/span><\/p>\n<p><span style=\"color: #993300; font-family: arial,helvetica,sans-serif; font-size: 14pt;\"><strong>En cas d&rsquo;impossibilit\u00e9 pour \u00eatre pr\u00e9sent ce jour l\u00e0, les adh\u00e9rents peuvent donner pouvoir \u00e0 tout autre adh\u00e9rent de leur choix.<\/strong><\/span><\/p>\n<p><span style=\"color: #993300; font-family: arial,helvetica,sans-serif; font-size: 14pt;\"><strong>Si le quorum n&rsquo;est pas atteint, une nouvelle assembl\u00e9e g\u00e9n\u00e9rale extraordinaire sera convoqu\u00e9e le 6 juillet \u00e0 la m\u00eame heure et au m\u00eame lieu, quel que sera le nombre de pr\u00e9sents.\u00a0<\/strong><\/span><\/p>\n<\/div>\n","protected":false},"excerpt":{"rendered":"<p>Le jeudi 24 juin \u00e0 18 heures \u00e0 l&rsquo;\u00e9cole de voile rochelaise se tiendra l&rsquo;assembl\u00e9e g\u00e9n\u00e9rale extraordinaire de l&rsquo;association. Tous les adh\u00e9rents y sont convi\u00e9s pour voter la modification des statuts. Ce changement est motiv\u00e9 par la n\u00e9cessit\u00e9 de pr\u00e9ciser et ajouter aux statuts existants, une \u00e9volution qui avait \u00e9t\u00e9 esquiss\u00e9e lors de l&rsquo;assemble\u00e9 g\u00e9n\u00e9rale [&hellip;]<\/p>\n","protected":false},"author":2,"featured_media":0,"comment_status":"open","ping_status":"open","sticky":false,"template":"","format":"standard","meta":{"jetpack_post_was_ever_published":false,"_jetpack_newsletter_access":"","_jetpack_dont_email_post_to_subs":false,"_jetpack_newsletter_tier_id":0,"_jetpack_memberships_contains_paywalled_content":false,"_jetpack_memberships_contains_paid_content":false,"footnotes":""},"categories":[1],"tags":[],"class_list":["post-69","post","type-post","status-publish","format-standard","hentry","category-non-classe"],"jetpack_featured_media_url":"","jetpack_sharing_enabled":true,"jetpack_shortlink":"https:\/\/wp.me\/p5o8j7-17","_links":{"self":[{"href":"http:\/\/www.unenfantuncartable17.fr\/index.php?rest_route=\/wp\/v2\/posts\/69","targetHints":{"allow":["GET"]}}],"collection":[{"href":"http:\/\/www.unenfantuncartable17.fr\/index.php?rest_route=\/wp\/v2\/posts"}],"about":[{"href":"http:\/\/www.unenfantuncartable17.fr\/index.php?rest_route=\/wp\/v2\/types\/post"}],"author":[{"embeddable":true,"href":"http:\/\/www.unenfantuncartable17.fr\/index.php?rest_route=\/wp\/v2\/users\/2"}],"replies":[{"embeddable":true,"href":"http:\/\/www.unenfantuncartable17.fr\/index.php?rest_route=%2Fwp%2Fv2%2Fcomments&post=69"}],"version-history":[{"count":4,"href":"http:\/\/www.unenfantuncartable17.fr\/index.php?rest_route=\/wp\/v2\/posts\/69\/revisions"}],"predecessor-version":[{"id":689,"href":"http:\/\/www.unenfantuncartable17.fr\/index.php?rest_route=\/wp\/v2\/posts\/69\/revisions\/689"}],"wp:attachment":[{"href":"http:\/\/www.unenfantuncartable17.fr\/index.php?rest_route=%2Fwp%2Fv2%2Fmedia&parent=69"}],"wp:term":[{"taxonomy":"category","embeddable":true,"href":"http:\/\/www.unenfantuncartable17.fr\/index.php?rest_route=%2Fwp%2Fv2%2Fcategories&post=69"},{"taxonomy":"post_tag","embeddable":true,"href":"http:\/\/www.unenfantuncartable17.fr\/index.php?rest_route=%2Fwp%2Fv2%2Ftags&post=69"}],"curies":[{"name":"wp","href":"https:\/\/api.w.org\/{rel}","templated":true}]}}