{"id":65,"date":"2010-11-09T14:07:00","date_gmt":"2010-11-09T14:07:00","guid":{"rendered":"http:\/\/www.unenfantuncartable17.fr\/?p=65"},"modified":"2015-01-28T16:52:27","modified_gmt":"2015-01-28T15:52:27","slug":"un-enfant-un-cartable-a-la-semaine-internationale-de-solidarite","status":"publish","type":"post","link":"http:\/\/www.unenfantuncartable17.fr\/?p=65","title":{"rendered":"Un enfant un cartable \u00e0 la semaine internationale de solidarit\u00e9"},"content":{"rendered":"<div class=\"ob-section ob-section-html\">\n<p><span style=\"color: #993300; font-size: 14pt;\"><strong><span style=\"font-family: arial,helvetica,sans-serif;\">Du 18 au 20 novembre \u00ab\u00a0Un enfant, un cartable\u00a0\u00bb participe \u00e0 la semaine internationale de la solidarit\u00e9 \u00e0 La Rochelle<\/span><\/strong><\/span><\/p>\n<p><span style=\"color: #993300; font-size: 14pt;\"><strong><span style=\"font-family: arial,helvetica,sans-serif;\"><span style=\"color: #808000;\">Notre association pr\u00e9sentera le projet men\u00e9 par le lyc\u00e9e de Rompsay<\/span>.<\/span><\/strong><\/span><\/p>\n<p><span style=\"color: #993300; font-size: 14pt;\"><strong><span style=\"font-family: arial,helvetica,sans-serif;\">Pour en savoir plus cliquez sur le lien:<\/span><\/strong><\/span><\/p>\n<p><span style=\"color: #993300; font-family: arial,helvetica,sans-serif; font-size: 14pt;\"><strong><a style=\"color: #993300;\" href=\"http:\/\/www.ville-larochelle.fr\/fileadmin\/user_upload\/www.ville-larochelle.fr\/Actualites\/Documents\/SSI_programme_2010.pdf\">http:\/\/www.ville-larochelle.fr\/fileadmin\/user_upload\/www.ville-larochelle.fr\/Actualites\/Documents\/SSI_programme_2010.pdf<\/a><\/strong><\/span><\/p>\n<\/div>\n","protected":false},"excerpt":{"rendered":"<p>Du 18 au 20 novembre \u00ab\u00a0Un enfant, un cartable\u00a0\u00bb participe \u00e0 la semaine internationale de la solidarit\u00e9 \u00e0 La Rochelle Notre association pr\u00e9sentera le projet men\u00e9 par le lyc\u00e9e de Rompsay. Pour en savoir plus cliquez sur le lien: http:\/\/www.ville-larochelle.fr\/fileadmin\/user_upload\/www.ville-larochelle.fr\/Actualites\/Documents\/SSI_programme_2010.pdf<\/p>\n","protected":false},"author":2,"featured_media":0,"comment_status":"open","ping_status":"open","sticky":false,"template":"","format":"standard","meta":{"jetpack_post_was_ever_published":false,"_jetpack_newsletter_access":"","_jetpack_dont_email_post_to_subs":false,"_jetpack_newsletter_tier_id":0,"_jetpack_memberships_contains_paywalled_content":false,"_jetpack_memberships_contains_paid_content":false,"footnotes":""},"categories":[1],"tags":[],"class_list":["post-65","post","type-post","status-publish","format-standard","hentry","category-non-classe"],"jetpack_featured_media_url":"","jetpack_sharing_enabled":true,"jetpack_shortlink":"https:\/\/wp.me\/p5o8j7-13","_links":{"self":[{"href":"http:\/\/www.unenfantuncartable17.fr\/index.php?rest_route=\/wp\/v2\/posts\/65","targetHints":{"allow":["GET"]}}],"collection":[{"href":"http:\/\/www.unenfantuncartable17.fr\/index.php?rest_route=\/wp\/v2\/posts"}],"about":[{"href":"http:\/\/www.unenfantuncartable17.fr\/index.php?rest_route=\/wp\/v2\/types\/post"}],"author":[{"embeddable":true,"href":"http:\/\/www.unenfantuncartable17.fr\/index.php?rest_route=\/wp\/v2\/users\/2"}],"replies":[{"embeddable":true,"href":"http:\/\/www.unenfantuncartable17.fr\/index.php?rest_route=%2Fwp%2Fv2%2Fcomments&post=65"}],"version-history":[{"count":2,"href":"http:\/\/www.unenfantuncartable17.fr\/index.php?rest_route=\/wp\/v2\/posts\/65\/revisions"}],"predecessor-version":[{"id":688,"href":"http:\/\/www.unenfantuncartable17.fr\/index.php?rest_route=\/wp\/v2\/posts\/65\/revisions\/688"}],"wp:attachment":[{"href":"http:\/\/www.unenfantuncartable17.fr\/index.php?rest_route=%2Fwp%2Fv2%2Fmedia&parent=65"}],"wp:term":[{"taxonomy":"category","embeddable":true,"href":"http:\/\/www.unenfantuncartable17.fr\/index.php?rest_route=%2Fwp%2Fv2%2Fcategories&post=65"},{"taxonomy":"post_tag","embeddable":true,"href":"http:\/\/www.unenfantuncartable17.fr\/index.php?rest_route=%2Fwp%2Fv2%2Ftags&post=65"}],"curies":[{"name":"wp","href":"https:\/\/api.w.org\/{rel}","templated":true}]}}