{"id":64,"date":"2011-02-08T13:36:00","date_gmt":"2011-02-08T13:36:00","guid":{"rendered":"http:\/\/www.unenfantuncartable17.fr\/?p=64"},"modified":"2015-01-16T19:13:39","modified_gmt":"2015-01-16T18:13:39","slug":"une-barriere-pour-l-ecole-de-wandie","status":"publish","type":"post","link":"http:\/\/www.unenfantuncartable17.fr\/?p=64","title":{"rendered":"Une cl\u00f4ture pour l&rsquo;\u00e9cole de Wandi\u00e9"},"content":{"rendered":"<p><span style=\"color: #993300; font-family: arial,helvetica,sans-serif; font-size: 14pt;\"><strong>Douze \u00e9l\u00e8ves du lyc\u00e9e de Rompsay et leurs professeurs ont r\u00e9alis\u00e9 la\u00a0construction d&rsquo;une\u00a0cl\u00f4ture autour de l&rsquo;\u00e9cole de Wandi\u00e9.<\/strong><\/span><\/p>\n<div class=\"ob-section ob-section-html\">\n<p><span style=\"color: #993300; font-size: 14pt;\"><strong><span style=\"font-family: arial,helvetica,sans-serif;\">Des mois qu&rsquo;ils en r\u00eavaient !<\/span><\/strong><\/span><\/p>\n<p><span style=\"color: #808000; font-size: 14pt;\"><strong><span style=\"font-family: arial,helvetica,sans-serif;\">Du 23 au 31 janvier, <span style=\"color: #993300;\">12 \u00e9l\u00e8ves de 1\u00e8re chaudronnerie\u00a0du lyc\u00e9e de Rompsay<\/span> ont enfin pu passer \u00e0 l&rsquo;action. Avec <span style=\"color: #993300;\">4 professeurs,<\/span> qui les suivent depuis l&rsquo;an pass\u00e9, ils ont\u00a0pos\u00e9 la grille de protection autour de l&rsquo;\u00e9cole de Wandi\u00e9.<\/span><\/strong><\/span><\/p>\n<p><span style=\"color: #808000; font-size: 14pt;\"><strong><span style=\"font-family: arial,helvetica,sans-serif;\">Gr\u00e2ce au travail pr\u00e9paratoire r\u00e9alis\u00e9 \u00e0 La Rochelle mais aussi sur place par les enseignants qui ont install\u00e9 l&rsquo;atelier de brousse il y a quelques mois, la t\u00e2che s&rsquo;est parfaitement d\u00e9roul\u00e9e. Soudage, d\u00e9coupage, lecture de plan et collaboration entre toutes les \u00e9quipes <span style=\"color: #993300;\">et avec le ma\u00e7on s\u00e9n\u00e9galais qui a coul\u00e9 le b\u00e9ton n\u00e9cessaire \u00e0 l&rsquo;implantation des poteaux&#8230;tout ce qui fera leur futur m\u00e9tier y est pass\u00e9.<\/span><\/span><\/strong><\/span><\/p>\n<p><span style=\"font-family: arial,helvetica,sans-serif; color: #99cc00; font-size: 12pt;\">\u00a0<\/span> <img loading=\"lazy\" decoding=\"async\" class=\"GcheTexte\" src=\"http:\/\/www.unenfantuncartable17.fr\/wp-content\/uploads\/2011\/02\/Photo-084.jpg\" alt=\"Photo-084.jpg\" width=\"300\" height=\"225\" \/><\/p>\n<p><span style=\"color: #808000; font-size: 14pt;\"><strong><span style=\"font-family: arial,helvetica,sans-serif;\">Les enfants de l&rsquo;\u00e9cole et leurs instituteurs, dont\u00a0c&rsquo;\u00e9tait la demande, pourront ainsi planter des arbres \u00e0 l&rsquo;ombre bienfaisante et m\u00eame cultiver quelques l\u00e9gumes, sans craindre le pi\u00e9tinement des animaux domestiques ou sauvages.<\/span><\/strong><\/span><\/p>\n<p><span style=\"color: #993300; font-size: 14pt;\"><strong><span style=\"font-family: arial,helvetica,sans-serif;\">L&rsquo;association \u00ab\u00a0Un enfant, un cartable\u00a0\u00bb, qui a construit l&rsquo;\u00e9cole, il y a maintenant 2 ans dans cette toute petite \u00eele du Sin\u00e9 Saloum, a particip\u00e9 pour 4000 euros (sur un total de 31000) au projet du lyc\u00e9e initi\u00e9 par son proviseur et dans lequel l&rsquo;\u00e9quipe de professeurs s&rsquo;est largement impliqu\u00e9e.<\/span><\/strong><\/span><\/p>\n<p><span style=\"color: #808000; font-size: 14pt;\"><strong><span style=\"font-family: arial,helvetica,sans-serif;\">L&rsquo;atelier de brousse construit \u00e0 cette occasion et\u00a0implant\u00e9 au camp de p\u00eache de Hakuna Matata permettra aux futurs projets d&rsquo;avoir une base technique avec un groupe \u00e9lectrog\u00e8ne et un poste de soudure qui restent la propri\u00e9t\u00e9 de l&rsquo;association.<\/span><\/strong><\/span><\/p>\n<p><span style=\"color: #993300; font-size: 14pt;\"><strong><span style=\"font-family: arial,helvetica,sans-serif;\">Le s\u00e9jour des lyc\u00e9ens s&rsquo;est\u00a0achev\u00e9 par une visite de l&rsquo;\u00eele de Gor\u00e9e, lieu de m\u00e9moire de la d\u00e9portation et de l&rsquo;esclavage des\u00a0Africains vers les Am\u00e9riques.<\/span><\/strong><\/span><\/p>\n<\/div>\n","protected":false},"excerpt":{"rendered":"<p>Douze \u00e9l\u00e8ves du lyc\u00e9e de Rompsay et leurs professeurs ont r\u00e9alis\u00e9 la\u00a0construction d&rsquo;une\u00a0cl\u00f4ture autour de l&rsquo;\u00e9cole de Wandi\u00e9. Des mois qu&rsquo;ils en r\u00eavaient ! Du 23 au 31 janvier, 12 \u00e9l\u00e8ves de 1\u00e8re chaudronnerie\u00a0du lyc\u00e9e de Rompsay ont enfin pu passer \u00e0 l&rsquo;action. Avec 4 professeurs, qui les suivent depuis l&rsquo;an pass\u00e9, ils ont\u00a0pos\u00e9 la [&hellip;]<\/p>\n","protected":false},"author":2,"featured_media":0,"comment_status":"open","ping_status":"open","sticky":false,"template":"","format":"standard","meta":{"jetpack_post_was_ever_published":false,"_jetpack_newsletter_access":"","_jetpack_dont_email_post_to_subs":false,"_jetpack_newsletter_tier_id":0,"_jetpack_memberships_contains_paywalled_content":false,"_jetpack_memberships_contains_paid_content":false,"footnotes":""},"categories":[1],"tags":[],"class_list":["post-64","post","type-post","status-publish","format-standard","hentry","category-non-classe"],"jetpack_featured_media_url":"","jetpack_sharing_enabled":true,"jetpack_shortlink":"https:\/\/wp.me\/p5o8j7-12","_links":{"self":[{"href":"http:\/\/www.unenfantuncartable17.fr\/index.php?rest_route=\/wp\/v2\/posts\/64","targetHints":{"allow":["GET"]}}],"collection":[{"href":"http:\/\/www.unenfantuncartable17.fr\/index.php?rest_route=\/wp\/v2\/posts"}],"about":[{"href":"http:\/\/www.unenfantuncartable17.fr\/index.php?rest_route=\/wp\/v2\/types\/post"}],"author":[{"embeddable":true,"href":"http:\/\/www.unenfantuncartable17.fr\/index.php?rest_route=\/wp\/v2\/users\/2"}],"replies":[{"embeddable":true,"href":"http:\/\/www.unenfantuncartable17.fr\/index.php?rest_route=%2Fwp%2Fv2%2Fcomments&post=64"}],"version-history":[{"count":3,"href":"http:\/\/www.unenfantuncartable17.fr\/index.php?rest_route=\/wp\/v2\/posts\/64\/revisions"}],"predecessor-version":[{"id":532,"href":"http:\/\/www.unenfantuncartable17.fr\/index.php?rest_route=\/wp\/v2\/posts\/64\/revisions\/532"}],"wp:attachment":[{"href":"http:\/\/www.unenfantuncartable17.fr\/index.php?rest_route=%2Fwp%2Fv2%2Fmedia&parent=64"}],"wp:term":[{"taxonomy":"category","embeddable":true,"href":"http:\/\/www.unenfantuncartable17.fr\/index.php?rest_route=%2Fwp%2Fv2%2Fcategories&post=64"},{"taxonomy":"post_tag","embeddable":true,"href":"http:\/\/www.unenfantuncartable17.fr\/index.php?rest_route=%2Fwp%2Fv2%2Ftags&post=64"}],"curies":[{"name":"wp","href":"https:\/\/api.w.org\/{rel}","templated":true}]}}