{"id":61,"date":"2011-02-11T07:41:00","date_gmt":"2011-02-11T07:41:00","guid":{"rendered":"http:\/\/www.unenfantuncartable17.fr\/?p=61"},"modified":"2015-01-28T16:51:23","modified_gmt":"2015-01-28T15:51:23","slug":"l-assemblee-generale-le-mars","status":"publish","type":"post","link":"http:\/\/www.unenfantuncartable17.fr\/?p=61","title":{"rendered":"L&rsquo;assembl\u00e9e g\u00e9n\u00e9rale, le 3 mars !"},"content":{"rendered":"<p><span style=\"color: #993300;\"><span style=\"font-size: 14pt;\"><strong><span style=\"line-height: 115%; font-family: arial,helvetica,sans-serif;\">L\u2019Assembl\u00e9e G\u00e9n\u00e9rale\u00a0de \u00ab\u00a0Un Enfant, Un Cartable, association Jean-Louis Baroin\u00a0\u00bb\u00a0se tiendra <\/span><\/strong><\/span><span style=\"font-size: 14pt;\"><strong><span style=\"line-height: 115%; font-family: arial,helvetica,sans-serif;\">Jeudi 3 mars prochain, \u00e0 18 heures, <\/span><\/strong><\/span><span style=\"font-size: 14pt;\"><strong><span style=\"font-family: arial,helvetica,sans-serif;\">SRR, quai de la Capitainerie, Les Minimes, La Rochelle.<\/span><\/strong><\/span><\/span><\/p>\n<div class=\"ob-section ob-section-html\">\n<p style=\"margin: 0cm -1cm 10pt 0cm;\"><span style=\"color: #993300; font-size: 14pt;\"><strong><span style=\"font-family: arial,helvetica,sans-serif;\">Si le quorum n\u2019\u00e9tait pas atteint, une deuxi\u00e8me AG est automatiquement<span style=\"mso-spacerun: yes;\">\u00a0<\/span> convoqu\u00e9e \u00e0 la m\u00eame date, m\u00eame lieu, \u00e0 18h45.<\/span><\/strong><\/span><\/p>\n<p style=\"margin: 0cm -1cm 10pt 0cm;\"><span style=\"color: #993300; font-size: 14pt;\"><strong><span style=\"font-family: arial,helvetica,sans-serif;\"><span style=\"mso-spacerun: yes;\">\u00a0\u00a0\u00a0\u00a0\u00a0\u00a0\u00a0\u00a0\u00a0\u00a0\u00a0<\/span> <span style=\"text-decoration: underline;\">Ordre du jour\u00a0:<\/span><\/span><\/strong><\/span><\/p>\n<p class=\"ListParagraphCxSpFirst\" style=\"line-height: normal; text-indent: -18pt; margin: 0cm -1cm 0pt 36pt; mso-add-space: auto; mso-list: l1 level1 lfo1;\"><span style=\"color: #808000; font-size: 14pt;\"><strong><span style=\"font-family: arial,helvetica,sans-serif;\"><span style=\"mso-fareast-font-family: Symbol; mso-bidi-font-family: Symbol;\"><span style=\"mso-list: Ignore;\">\u00b7\u00a0\u00a0\u00a0\u00a0\u00a0\u00a0\u00a0\u00a0<\/span><\/span> Rapport d\u2019activit\u00e9 2010 par le Pr\u00e9sident<\/span><\/strong><\/span><\/p>\n<p class=\"ListParagraphCxSpMiddle\" style=\"line-height: normal; text-indent: -18pt; margin: 0cm -1cm 0pt 36pt; mso-add-space: auto; mso-list: l1 level1 lfo1;\"><span style=\"color: #808000; font-size: 14pt;\"><strong><span style=\"font-family: arial,helvetica,sans-serif;\"><span style=\"mso-fareast-font-family: Symbol; mso-bidi-font-family: Symbol;\"><span style=\"mso-list: Ignore;\">\u00b7\u00a0\u00a0\u00a0\u00a0\u00a0\u00a0\u00a0\u00a0<\/span><\/span> Bilan financier 2010 par le Tr\u00e9sorier<\/span><\/strong><\/span><\/p>\n<p class=\"ListParagraphCxSpMiddle\" style=\"line-height: normal; text-indent: -18pt; margin: 0cm -1cm 0pt 36pt; mso-add-space: auto; mso-list: l1 level1 lfo1;\"><span style=\"color: #808000; font-size: 14pt;\"><strong><span style=\"font-family: arial,helvetica,sans-serif;\"><span style=\"mso-fareast-font-family: Symbol; mso-bidi-font-family: Symbol;\"><span style=\"mso-list: Ignore;\">\u00b7\u00a0\u00a0\u00a0\u00a0\u00a0\u00a0\u00a0\u00a0<\/span><\/span> Bilan p\u00e9dagogique de notre action par un membre du bureau<\/span><\/strong><\/span><\/p>\n<p class=\"ListParagraphCxSpMiddle\" style=\"line-height: normal; text-indent: -18pt; margin: 0cm -1cm 0pt 36pt; mso-add-space: auto; mso-list: l1 level1 lfo1;\"><span style=\"color: #808000; font-size: 14pt;\"><strong><span style=\"font-family: arial,helvetica,sans-serif;\"><span style=\"mso-fareast-font-family: Symbol; mso-bidi-font-family: Symbol;\"><span style=\"mso-list: Ignore;\">\u00b7\u00a0\u00a0\u00a0\u00a0\u00a0\u00a0\u00a0\u00a0<\/span><\/span> Bilan du projet Wandsay par Monsieur le Proviseur du Lyc\u00e9e de Romsay<\/span><\/strong><\/span><\/p>\n<p class=\"ListParagraphCxSpMiddle\" style=\"line-height: normal; text-indent: -18pt; margin: 0cm -1cm 0pt 36pt; mso-add-space: auto; mso-list: l1 level1 lfo1;\"><span style=\"color: #808000; font-size: 14pt;\"><strong><span style=\"font-family: arial,helvetica,sans-serif;\"><span style=\"mso-fareast-font-family: Symbol; mso-bidi-font-family: Symbol;\"><span style=\"mso-list: Ignore;\">\u00b7\u00a0\u00a0\u00a0\u00a0\u00a0\u00a0\u00a0\u00a0<\/span><\/span> Quitus au Bureau sur sa gestion<\/span><\/strong><\/span><\/p>\n<p class=\"ListParagraphCxSpMiddle\" style=\"line-height: normal; text-indent: -18pt; margin: 0cm -1cm 0pt 36pt; mso-add-space: auto; mso-list: l1 level1 lfo1;\"><span style=\"color: #808000; font-size: 14pt;\"><strong><span style=\"font-family: arial,helvetica,sans-serif;\"><span style=\"mso-fareast-font-family: Symbol; mso-bidi-font-family: Symbol;\"><span style=\"mso-list: Ignore;\">\u00a0<\/span><\/span><span style=\"mso-fareast-font-family: Symbol; mso-bidi-font-family: Symbol;\"><span style=\"mso-list: Ignore;\">\u00b7\u00a0\u00a0\u00a0\u00a0\u00a0\u00a0\u00a0\u00a0<\/span><\/span>Renouvellement partiel du bureau (les 9 membres du bureau sont\u00a0renouvelables\u00a0par\u00a0tiers tous les 2 ans)\u00a0: 3 si\u00e8ges sont \u00e0 pourvoir plus\u00a0\u00a0\u00a0\u00a0\u00a0\u00a0\u00a0\u00a0\u00a0\u00a0\u00a0 \u00a0un remplacement pour d\u00e9mission pour raisons personnelles.<\/span><\/strong><\/span><\/p>\n<p class=\"ListParagraphCxSpMiddle\" style=\"line-height: normal; text-indent: -18pt; margin: 0cm -1cm 0pt 36pt; mso-add-space: auto; mso-list: l1 level1 lfo1;\"><span style=\"color: #808000; font-size: 14pt;\"><strong><span style=\"font-family: arial,helvetica,sans-serif;\"><span style=\"mso-fareast-font-family: Symbol; mso-bidi-font-family: Symbol;\"><span style=\"mso-list: Ignore;\">\u00b7\u00a0\u00a0\u00a0\u00a0\u00a0\u00a0\u00a0\u00a0<\/span><\/span> Perspectives\/ projets\/ programme d\u2019actions 2010<\/span><\/strong><\/span><\/p>\n<p class=\"ListParagraphCxSpMiddle\" style=\"line-height: normal; text-indent: -18pt; margin: 0cm -1cm 0pt 36pt; mso-add-space: auto; mso-list: l0 level1 lfo2;\"><span style=\"color: #808000; font-size: 14pt;\"><strong><span style=\"font-family: arial,helvetica,sans-serif;\"><span style=\"mso-fareast-font-family: Symbol; mso-bidi-font-family: Symbol;\"><span style=\"mso-list: Ignore;\">\u00b7\u00a0\u00a0\u00a0\u00a0\u00a0\u00a0\u00a0\u00a0<\/span><\/span> Fixation du montant de la cotisation<\/span><\/strong><\/span><\/p>\n<p class=\"ListParagraphCxSpLast\" style=\"line-height: normal; text-indent: -18pt; margin: 0cm -1cm 0pt 36pt; mso-add-space: auto; mso-list: l0 level1 lfo2;\"><span style=\"color: #808000; font-size: 14pt;\"><strong><span style=\"font-family: arial,helvetica,sans-serif;\"><span style=\"mso-fareast-font-family: Symbol; mso-bidi-font-family: Symbol;\"><span style=\"mso-list: Ignore;\">\u00b7\u00a0\u00a0\u00a0\u00a0\u00a0\u00a0\u00a0\u00a0<\/span><\/span> Questions diverses<\/span><\/strong><\/span><\/p>\n<p class=\"ListParagraphCxSpLast\" style=\"line-height: normal; text-indent: -18pt; margin: 0cm -1cm 0pt 36pt; mso-add-space: auto; mso-list: l0 level1 lfo2;\">\u00a0<\/p>\n<p style=\"margin: 0cm -1cm 10pt 0cm;\"><span style=\"color: #993300; font-size: 14pt;\"><strong><span style=\"font-family: arial,helvetica,sans-serif;\">Au cas o\u00f9 vous seriez dans l\u2019impossibilit\u00e9 de participer \u00e0 l\u2019AG du 3 mars, je vous serais reconnaissant de retourner le pouvoir ci-joint chez:<\/span><\/strong><\/span><\/p>\n<p style=\"margin: 0cm -1cm 10pt 0cm;\"><span style=\"color: #99cc00; font-family: arial,helvetica,sans-serif; font-size: 12pt;\"><span style=\"color: #993300;\"><strong>Pierre Andrey<\/strong> <strong>27 rue Philippe Vincent 17000 La Rochelle<\/strong><\/span><\/span><\/p>\n<p style=\"margin: 0cm -1cm 10pt 0cm;\"><span style=\"font-family: arial,helvetica,sans-serif; color: #99cc00;\"><span style=\"font-family: Calibri;\"><span style=\"font-size: 12pt;\"><span style=\"color: #993300; font-size: 14pt;\"><strong><span style=\"font-family: arial,helvetica,sans-serif;\">Le Pr\u00e9sident<span style=\"mso-tab-count: 4;\">\u00a0\u00a0\u00a0\u00a0\u00a0\u00a0\u00a0\u00a0\u00a0\u00a0\u00a0\u00a0\u00a0\u00a0\u00a0\u00a0\u00a0\u00a0\u00a0\u00a0\u00a0\u00a0\u00a0\u00a0\u00a0\u00a0\u00a0\u00a0\u00a0\u00a0\u00a0\u00a0\u00a0\u00a0\u00a0\u00a0\u00a0\u00a0\u00a0\u00a0\u00a0\u00a0\u00a0\u00a0\u00a0\u00a0\u00a0\u00a0\u00a0\u00a0\u00a0\u00a0\u00a0\u00a0\u00a0\u00a0\u00a0\u00a0\u00a0\u00a0<\/span><\/span><\/strong><\/span><\/span><\/span><\/span><\/p>\n<p style=\"margin: 0cm -1cm 10pt 0cm;\"><span style=\"color: #993300; font-size: 14pt;\"><strong><span style=\"font-family: arial,helvetica,sans-serif;\">Pierre ANDREY<\/span><\/strong><\/span><\/p>\n<div style=\"border-bottom: windowtext 1pt solid; border-left: medium none; margin-left: 18pt; border-top: medium none; margin-right: -1cm; border-right: medium none; mso-border-bottom-alt: solid windowtext .75pt; padding: 0cm 0cm 1pt 0cm;\">\n<p class=\"ListParagraph\" style=\"text-indent: -18pt; margin: 0cm 0cm 10pt 18pt; mso-add-space: auto; mso-list: l0 level1 lfo2; mso-border-bottom-alt: solid windowtext .75pt; mso-padding-alt: 0cm 0cm 1.0pt 0cm; padding: 0cm;\"><span style=\"color: #808000; font-size: 14pt;\"><strong><span style=\"font-family: arial,helvetica,sans-serif;\">Seuls<span style=\"mso-spacerun: yes;\">\u00a0<\/span> les membres \u00e0 jour de leur cotisation peuvent vot\u00e9s\u00a0\u00ab\u00a0Pensez \u00e0 r\u00e9gulariser\u00a0\u00bb<\/span><\/strong><\/span><\/p>\n<p class=\"ListParagraph\" style=\"margin: 0cm 0cm 10pt 18pt; padding: 0cm; text-align: justify; text-indent: -18pt; mso-padding-alt: 0cm 0cm 1.0pt 0cm; mso-add-space: auto; mso-list: l0 level1 lfo2; mso-border-bottom-alt: solid windowtext .75pt;\"><span style=\"color: #993300; font-size: 14pt;\"><strong><span style=\"font-family: arial,helvetica,sans-serif;\"><span style=\"line-height: 115%;\">Pour que l\u2019ann\u00e9e 2011 nous trouve encore plus mobilis\u00e9s nous <\/span><\/span><span style=\"font-family: arial,helvetica,sans-serif;\"><span style=\"line-height: 115%;\">organisons <\/span><\/span><\/strong><\/span><span style=\"color: #993300; font-size: 14pt;\"><strong><span style=\"line-height: 115%; font-family: arial,helvetica,sans-serif;\">une soir\u00e9e festive afin de vivre un moment d\u2019\u00e9change et de fraternit\u00e9,<span style=\"mso-spacerun: yes;\">\u00a0<\/span>tout en contribuant <\/span><\/strong><\/span><span style=\"color: #993300; font-size: 14pt;\"><strong><span style=\"line-height: 115%; font-family: arial,helvetica,sans-serif;\">au d\u00e9veloppement de nos actions.<\/span><\/strong><\/span><\/p>\n<p style=\"margin: 0cm 0cm 10pt; text-align: left;\"><span style=\"color: #993300; font-size: 14pt;\"><strong><span style=\"line-height: 115%; font-family: arial,helvetica,sans-serif;\">Ce moment de rencontre sera anim\u00e9 par MARC &amp; JULIE<span style=\"mso-spacerun: yes;\">\u00a0<\/span> qui nous proposeront <\/span><\/strong><\/span><span style=\"color: #993300; font-size: 14pt;\"><strong><span style=\"line-height: 115%; font-family: arial,helvetica,sans-serif;\">leur spectacle JAZZY.<\/span><\/strong><\/span><\/p>\n<p style=\"margin: 0cm 0cm 10pt; text-align: left;\"><span style=\"color: #993300; font-size: 14pt;\"><strong><span style=\"font-family: arial,helvetica,sans-serif;\"><span style=\"line-height: 115%;\">Comme vous l\u2019avez vu lors des v\u0153ux que nous vous avons adress\u00e9s, nous avons de nombreux <\/span><\/span><\/strong><\/span><span style=\"color: #993300; font-size: 14pt;\"><strong><span style=\"font-family: arial,helvetica,sans-serif;\"><span style=\"line-height: 115%;\">projets pour aider nos amis de Wandi\u00e9 et maintenant de Marsoulou. <\/span><\/span><\/strong><\/span><span style=\"color: #993300; font-size: 14pt;\"><strong><span style=\"line-height: 115%; font-family: arial,helvetica,sans-serif;\">Cette soir\u00e9e est l\u2019occasion de resserrer nos liens afin<span style=\"mso-spacerun: yes;\">\u00a0<\/span> d\u2019augmenter notre efficacit\u00e9.<\/span><\/strong><\/span><\/p>\n<p style=\"margin: 0cm 0cm 10pt;\"><span style=\"color: #993300; font-size: 14pt;\"><strong><span style=\"line-height: 115%; font-family: arial,helvetica,sans-serif;\">Nous comptons sur votre pr\u00e9sence.<\/span><\/strong><\/span><\/p>\n<p style=\"margin: 0cm 0cm 10pt;\"><span style=\"text-decoration: underline;\"><span style=\"font-size: 14pt;\"><strong><span style=\"color: #808000; line-height: 115%; font-family: arial,helvetica,sans-serif; text-decoration: underline;\">Bulletin d\u2019inscription au repas.<\/span><\/strong><\/span><\/span><\/p>\n<p style=\"margin: 0cm 0cm 10pt;\"><span style=\"font-size: 14pt;\"><strong><span style=\"color: #808000; line-height: 115%; font-family: arial,helvetica,sans-serif;\">Madame, Monsieur&#8230;&#8230; &#8230;&#8230;&#8230;&#8230;..assisteront au nombre de \u2026\u2026\u2026\u00a0<\/span><\/strong><\/span><\/p>\n<p style=\"margin: 0cm 0cm 10pt;\"><span style=\"font-size: 14pt;\"><strong><span style=\"color: #808000; line-height: 115%; font-family: arial,helvetica,sans-serif;\">\u00c0 la soir\u00e9e du 03\/03\/2011.<\/span><\/strong><\/span><\/p>\n<p style=\"margin: 0cm 0cm 10pt;\"><span style=\"font-size: 14pt;\"><strong><span style=\"color: #808000; line-height: 115%; font-family: arial,helvetica,sans-serif;\">Qui se d\u00e9roulera \u00e0 la salle <span style=\"mso-spacerun: yes;\">\u00a0<\/span>de la SRR, Quai de la Capitainerie, Les Minimes,<\/span><\/strong><\/span><\/p>\n<p style=\"margin: 0cm 0cm 10pt;\"><span style=\"font-size: 14pt;\"><strong><span style=\"color: #808000; line-height: 115%; font-family: arial,helvetica,sans-serif;\">17000 La Rochelle (\u00e0 cot\u00e9 de la\u00a0Capitainerie du port des Minimes)<\/span><\/strong><\/span><\/p>\n<p style=\"margin: 0cm 0cm 10pt;\"><span style=\"font-size: 14pt;\"><strong><span style=\"color: #808000; line-height: 115%; font-family: arial,helvetica,sans-serif;\">\u00e0 la suite de L\u2019AG de l\u2019association <span style=\"mso-spacerun: yes;\">\u00a0<\/span>Jean Louis Baroin \u00ab\u00a0Un Enfant Un Cartable\u00a0\u00bb<\/span><\/strong><\/span><\/p>\n<p style=\"margin: 0cm 0cm 10pt;\"><span style=\"font-size: 14pt;\"><strong><span style=\"color: #808000; line-height: 115%; font-family: arial,helvetica,sans-serif;\">Participation :\u00a035\u20ac par personne.<\/span><\/strong><\/span><\/p>\n<p style=\"margin: 0cm 0cm 10pt;\"><span style=\"font-size: 14pt;\"><strong><span style=\"color: #808000; line-height: 115%; font-family: arial,helvetica,sans-serif;\">Inscription \u00e0 adresser par courrier accompagn\u00e9 d\u2019un ch\u00e8que de r\u00e9servation\u00a0chez\u00a0:<\/span><\/strong><\/span><\/p>\n<p style=\"margin: 0cm 0cm 10pt;\"><span style=\"font-size: 14pt;\"><strong><span style=\"color: #808000; line-height: 115%; font-family: arial,helvetica,sans-serif;\"><span style=\"color: #993300;\">Jean-Jacques Moulinet, 96 grande rue de Grolleau, 17220 La Jarrie<\/span><span style=\"mso-spacerun: yes;\">\u00a0\u00a0\u00a0<\/span><\/span><\/strong><\/span><\/p>\n<\/div>\n<\/div>\n","protected":false},"excerpt":{"rendered":"<p>L\u2019Assembl\u00e9e G\u00e9n\u00e9rale\u00a0de \u00ab\u00a0Un Enfant, Un Cartable, association Jean-Louis Baroin\u00a0\u00bb\u00a0se tiendra Jeudi 3 mars prochain, \u00e0 18 heures, SRR, quai de la Capitainerie, Les Minimes, La Rochelle. Si le quorum n\u2019\u00e9tait pas atteint, une deuxi\u00e8me AG est automatiquement\u00a0 convoqu\u00e9e \u00e0 la m\u00eame date, m\u00eame lieu, \u00e0 18h45. \u00a0\u00a0\u00a0\u00a0\u00a0\u00a0\u00a0\u00a0\u00a0\u00a0\u00a0 Ordre du jour\u00a0: \u00b7\u00a0\u00a0\u00a0\u00a0\u00a0\u00a0\u00a0\u00a0 Rapport d\u2019activit\u00e9 2010 par [&hellip;]<\/p>\n","protected":false},"author":2,"featured_media":0,"comment_status":"open","ping_status":"open","sticky":false,"template":"","format":"standard","meta":{"jetpack_post_was_ever_published":false,"_jetpack_newsletter_access":"","_jetpack_dont_email_post_to_subs":false,"_jetpack_newsletter_tier_id":0,"_jetpack_memberships_contains_paywalled_content":false,"_jetpack_memberships_contains_paid_content":false,"footnotes":""},"categories":[1],"tags":[],"class_list":["post-61","post","type-post","status-publish","format-standard","hentry","category-non-classe"],"jetpack_featured_media_url":"","jetpack_sharing_enabled":true,"jetpack_shortlink":"https:\/\/wp.me\/p5o8j7-Z","_links":{"self":[{"href":"http:\/\/www.unenfantuncartable17.fr\/index.php?rest_route=\/wp\/v2\/posts\/61","targetHints":{"allow":["GET"]}}],"collection":[{"href":"http:\/\/www.unenfantuncartable17.fr\/index.php?rest_route=\/wp\/v2\/posts"}],"about":[{"href":"http:\/\/www.unenfantuncartable17.fr\/index.php?rest_route=\/wp\/v2\/types\/post"}],"author":[{"embeddable":true,"href":"http:\/\/www.unenfantuncartable17.fr\/index.php?rest_route=\/wp\/v2\/users\/2"}],"replies":[{"embeddable":true,"href":"http:\/\/www.unenfantuncartable17.fr\/index.php?rest_route=%2Fwp%2Fv2%2Fcomments&post=61"}],"version-history":[{"count":8,"href":"http:\/\/www.unenfantuncartable17.fr\/index.php?rest_route=\/wp\/v2\/posts\/61\/revisions"}],"predecessor-version":[{"id":687,"href":"http:\/\/www.unenfantuncartable17.fr\/index.php?rest_route=\/wp\/v2\/posts\/61\/revisions\/687"}],"wp:attachment":[{"href":"http:\/\/www.unenfantuncartable17.fr\/index.php?rest_route=%2Fwp%2Fv2%2Fmedia&parent=61"}],"wp:term":[{"taxonomy":"category","embeddable":true,"href":"http:\/\/www.unenfantuncartable17.fr\/index.php?rest_route=%2Fwp%2Fv2%2Fcategories&post=61"},{"taxonomy":"post_tag","embeddable":true,"href":"http:\/\/www.unenfantuncartable17.fr\/index.php?rest_route=%2Fwp%2Fv2%2Ftags&post=61"}],"curies":[{"name":"wp","href":"https:\/\/api.w.org\/{rel}","templated":true}]}}