{"id":59,"date":"2011-03-15T07:15:00","date_gmt":"2011-03-15T07:15:00","guid":{"rendered":"http:\/\/www.unenfantuncartable17.fr\/?p=59"},"modified":"2015-01-28T16:50:38","modified_gmt":"2015-01-28T15:50:38","slug":"le-bureau-renouvele","status":"publish","type":"post","link":"http:\/\/www.unenfantuncartable17.fr\/?p=59","title":{"rendered":"L&rsquo;assembl\u00e9e g\u00e9n\u00e9rale du 3 mars 2011"},"content":{"rendered":"<p><span style=\"color: #993300; font-size: 14pt;\"><strong><span style=\"font-family: arial,helvetica,sans-serif;\">L\u2019assembl\u00e9e g\u00e9n\u00e9rale de l\u2019association s\u2019est r\u00e9unie le 3 mars 2011 \u00e0 18h30 au si\u00e8ge de la Soci\u00e9t\u00e9 des R\u00e9gates Rochelaises, Quai de la Capitainerie \u00e0 La Rochelle.<\/span><\/strong><\/span><\/p>\n<div class=\"ob-section ob-section-html\">\n<p style=\"text-align: justify; margin: 0cm 0cm 10pt; tab-stops: 2.0cm;\"><span style=\"color: #808000; font-size: 14pt;\"><strong><span style=\"font-family: arial,helvetica,sans-serif;\">Le quorum \u00e9tant atteint (61 personnes pr\u00e9sentes ou repr\u00e9sent\u00e9es) Pierre Andrey, <span style=\"mso-tab-count: 1;\">a<\/span>pr\u00e8s avoir rappel\u00e9 le contenu\u00a0des deux premi\u00e8res ann\u00e9es d\u2019existence de l\u2019association,<span style=\"mso-spacerun: yes;\">\u00a0\u00a0a\u00a0\u00e9num\u00e9r\u00e9<\/span>\u00a0les actions men\u00e9es en 2010\u00a0:<\/span><\/strong><\/span><\/p>\n<p style=\"text-align: justify; margin: 0cm 0cm 10pt; tab-stops: 2.0cm;\"><span style=\"color: #993300; font-size: 14pt;\"><strong><span style=\"font-family: arial,helvetica,sans-serif;\">&#8211; P\u00e9rennisation de l\u2019aide \u00e0 l\u2019\u00e9cole de Wandie.<\/span><\/strong><\/span><\/p>\n<p style=\"text-align: justify; margin: 0cm 0cm 10pt;\"><span style=\"color: #993300; font-size: 14pt;\"><strong><span style=\"font-family: arial,helvetica,sans-serif;\">&#8211; Concr\u00e9tisation du projet Wandsay conjointement avec le Lyc\u00e9e Rompsay.<\/span><\/strong><\/span><\/p>\n<p style=\"text-align: justify; margin: 0cm 0cm 10pt;\"><span style=\"color: #993300; font-size: 14pt;\"><strong><span style=\"font-family: arial,helvetica,sans-serif;\">&#8211; Construction des citernes \u00e0 Wandie.<\/span><\/strong><\/span><\/p>\n<p style=\"text-align: justify; margin: 0cm 0cm 10pt; tab-stops: 2.0cm;\"><span style=\"color: #993300; font-size: 14pt;\"><strong><span style=\"font-family: arial,helvetica,sans-serif;\">&#8211; Amorce du soutien scolaire de l\u2019\u00e9cole des enfants du village voisin de Marsoulou\u00a0: distribution de fournitures scolaires.<\/span><\/strong><\/span><\/p>\n<p style=\"text-align: justify; margin: 0cm 0cm 10pt;\"><span style=\"color: #993300; font-size: 14pt;\"><strong><span style=\"font-family: arial,helvetica,sans-serif;\">&#8211; D\u00e9veloppement du projet de construction de deux classes \u00e0 Marsoulou.<\/span><\/strong><\/span><\/p>\n<p style=\"text-align: justify; margin: 0cm 0cm 10pt;\"><span style=\"color: #993300; font-size: 14pt;\"><strong><span style=\"font-family: arial,helvetica,sans-serif;\">&#8211; Pr\u00e9sence de l\u2019association \u00e0 la semaine de la Solidarit\u00e9 Internationale organis\u00e9e par la ville de La Rochelle en novembre.<\/span><\/strong><\/span><\/p>\n<p style=\"text-align: justify; margin: 0cm 0cm 10pt; tab-stops: 2.0cm;\"><span style=\"color: #993300; font-size: 14pt;\"><strong><span style=\"font-family: arial,helvetica,sans-serif;\">&#8211; Cr\u00e9ation et mise en ligne du blog.<\/span><\/strong><\/span><\/p>\n<p style=\"text-align: justify; margin: 0cm 0cm 10pt;\"><span style=\"font-size: 14pt;\"><strong><span style=\"color: #ff9900; font-family: arial,helvetica,sans-serif;\"><span style=\"color: #ff6600;\"><span style=\"color: #993300;\">Mis aux voix, ce rapport moral\u00a0a\u00a0\u00e9t\u00e9\u00a0approuv\u00e9 \u00e0 l\u2019unani<\/span><\/span><span style=\"color: #993300;\">mit\u00e9.<\/span><\/span><\/strong><\/span><\/p>\n<p style=\"text-align: justify; margin: 0cm 0cm 10pt;\"><span style=\"color: #808000; font-size: 14pt;\"><strong><span style=\"font-family: arial,helvetica,sans-serif;\">Jean-Jacques MOULINET, le tr\u00e9sorier, a pr\u00e9sent\u00e9\u00a0le rapport financier\u00a0:<\/span><\/strong><\/span><\/p>\n<p style=\"text-align: justify; margin: 0cm 0cm 10pt; tab-stops: 2.0cm;\"><span style=\"color: #ff6600;\"><strong><span style=\"font-size: 12pt;\">&#8211;<span style=\"color: #993300; font-family: arial,helvetica,sans-serif; font-size: 14pt;\"> A ce jour, l\u2019association compte 151 adh\u00e9rents.<\/span><\/span><\/strong><\/span><\/p>\n<p style=\"text-align: justify; margin: 0cm 0cm 10pt;\"><span style=\"color: #993300; font-family: arial,helvetica,sans-serif; font-size: 14pt;\"><strong>&#8211; Le montant des fournitures scolaires pour les \u00e9coles de Wandie et Marsoulou s\u2019est \u00e9lev\u00e9 \u00e0 2300 euros.<\/strong><\/span><\/p>\n<p style=\"text-align: justify; margin: 0cm 0cm 10pt;\"><span style=\"color: #993300; font-family: arial,helvetica,sans-serif; font-size: 14pt;\"><strong>&#8211; La participation \u00e0 l\u2019op\u00e9ration Wandsay\u00a0a \u00e9t\u00e9\u00a0de 2932 euros.<\/strong><\/span><\/p>\n<p style=\"text-align: justify; margin: 0cm 0cm 10pt;\"><span style=\"color: #993300; font-family: arial,helvetica,sans-serif; font-size: 14pt;\"><strong>&#8211; L\u2019op\u00e9ration \u00ab\u00a0citernes\u00a0\u00bb n\u2019\u00e9tant pas du ressort de l\u2019Association (d\u00e9cision unanime du bureau), le pr\u00e9sident Pierre ANDREY<span style=\"mso-spacerun: yes;\">\u00a0\u00a0<\/span> a rembours\u00e9 l\u2019avance consentie soit la somme de 1397euros.<\/strong><\/span><\/p>\n<p style=\"text-align: justify; margin: 0cm 0cm 10pt;\"><span style=\"color: #993300; font-family: arial,helvetica,sans-serif; font-size: 14pt;\"><strong>&#8211; Au 31 d\u00e9cembre 2010, la tr\u00e9sorerie pr\u00e9sente un exc\u00e9dent de 4279,91euros.<\/strong><\/span><\/p>\n<p style=\"text-align: justify; margin: 0cm 0cm 10pt;\"><span style=\"color: #993300; font-family: arial,helvetica,sans-serif; font-size: 14pt;\"><strong>Sur proposition du pr\u00e9sident le rapport financier\u00a0a \u00e9t\u00e9\u00a0adopt\u00e9 \u00e0 l\u2019unanimit\u00e9.<\/strong><\/span><\/p>\n<p style=\"text-align: justify; margin: 0cm 0cm 10pt; tab-stops: 2.0cm;\"><span style=\"color: #993300; font-family: arial,helvetica,sans-serif; font-size: 14pt;\"><strong>Jean- Claude BROSSARD a pr\u00e9sent\u00e9 une synth\u00e8se des rapports r\u00e9dig\u00e9s par l\u2019instituteur de Wandie sur l\u2019assiduit\u00e9 et le travail scolaire des 42 enfants de C.I. (Cours d\u2019initiation), C.E.2<span style=\"mso-spacerun: yes;\">\u00a0<\/span> et C.M.1.<\/strong><\/span><\/p>\n<p style=\"text-align: justify; margin: 0cm 0cm 10pt;\"><span style=\"color: #993300; font-family: arial,helvetica,sans-serif; font-size: 14pt;\"><strong>L\u2019assiduit\u00e9 avoisine les 100%\u00a0; en CM1,<span style=\"mso-spacerun: yes;\">\u00a0<\/span> 12 \u00e9l\u00e8ves sur 18 d\u00e9passent<span style=\"mso-spacerun: yes;\">\u00a0<\/span> la moyenne dans les<span style=\"mso-spacerun: yes;\">\u00a0<\/span> mati\u00e8res principales. En CE2, 5 \u00e9l\u00e8ves sur 15 sont dans le m\u00eame cas.<span style=\"mso-spacerun: yes;\">\u00a0\u00a0<\/span><\/strong><\/span><\/p>\n<p style=\"text-align: justify; margin: 0cm 0cm 10pt;\"><span style=\"color: #808000; font-size: 14pt;\"><strong><span style=\"font-family: arial,helvetica,sans-serif;\">Pierre ANDREY a\u00a0fait part de son souhait de quitter la pr\u00e9sidence de l\u2019association pour des raisons professionnelles, tout en maintenant sa pr\u00e9sence au sein du bureau.<\/span><\/strong><\/span><\/p>\n<p style=\"text-align: justify; margin: 0cm 0cm 10pt;\"><span style=\"color: #808000; font-size: 14pt;\"><strong><span style=\"font-family: arial,helvetica,sans-serif;\">Le relais sera assur\u00e9 par Jean-Claude BROSSARD, entour\u00e9 d\u2019un Conseil d\u2019administration en partie renouvel\u00e9, suite aux d\u00e9missions de certains membres.<span style=\"mso-spacerun: yes;\">\u00a0<\/span><\/span><\/strong><\/span><\/p>\n<p style=\"text-align: justify; margin: 0cm 0cm 10pt;\"><span style=\"color: #993300; font-size: 14pt;\"><strong><span style=\"font-family: arial,helvetica,sans-serif;\">Jean-Claude BROSSARD a pr\u00e9sent\u00e9 quelques pistes de travail qu\u2019il entend d\u00e9velopper avec le nouveau conseil.<\/span><\/strong><\/span><\/p>\n<p style=\"text-align: justify; margin: 0cm 0cm 10pt;\"><span style=\"color: #993300; font-size: 14pt;\"><strong><span style=\"font-family: arial,helvetica,sans-serif;\">&#8211; Resserrer les liens entre adh\u00e9rents par le biais d\u2019un courrier (papier) et de rencontres r\u00e9guli\u00e8res.<\/span><\/strong><\/span><\/p>\n<p style=\"text-align: justify; margin: 0cm 0cm 10pt;\"><span style=\"color: #993300; font-size: 14pt;\"><strong><span style=\"font-family: arial,helvetica,sans-serif;\">&#8211; Affecter exclusivement les cotisations aux fournitures scolaires.<\/span><\/strong><\/span><\/p>\n<p style=\"text-align: justify; margin: 0cm 0cm 10pt;\"><span style=\"color: #993300; font-size: 14pt;\"><strong><span style=\"font-family: arial,helvetica,sans-serif;\">&#8211; Rechercher des fonds sp\u00e9cifiques<span style=\"mso-spacerun: yes;\">\u00a0<\/span> pour les op\u00e9rations d\u2019investissement comme la construction d\u2019\u00e9coles.<\/span><\/strong><\/span><\/p>\n<p style=\"text-align: justify; margin: 0cm 0cm 10pt;\"><span style=\"color: #993300; font-size: 14pt;\"><strong><span style=\"font-family: arial,helvetica,sans-serif;\">&#8211; Maintenir \u00e0 un niveau tr\u00e8s faible les frais g\u00e9n\u00e9raux et de d\u00e9placement.<\/span><\/strong><\/span><\/p>\n<p style=\"text-align: justify; margin: 0cm 0cm 10pt;\"><span style=\"color: #993300; font-size: 14pt;\"><strong><span style=\"font-family: arial,helvetica,sans-serif;\"><span style=\"font-family: Calibri;\"><span style=\"font-family: arial,helvetica,sans-serif;\">&#8211; Finaliser le projet de construction d\u2019une \u00e9cole \u00e0 Marsoulou<\/span>.<\/span><\/span><\/strong><\/span><\/p>\n<p style=\"text-align: justify; margin: 0cm 0cm 10pt;\"><span style=\"color: #808000; font-size: 14pt;\"><strong><span style=\"font-family: arial,helvetica,sans-serif;\"><span style=\"mso-tab-count: 1;\">L<\/span>es nouveaux candidats au futur conseil d\u2019administration\u00a0:<\/span><\/strong><\/span><\/p>\n<p style=\"text-align: justify; margin: 0cm 0cm 10pt; tab-stops: 2.0cm;\"><span style=\"color: #993300; font-size: 14pt;\"><strong><span style=\"font-family: arial,helvetica,sans-serif;\">Andr\u00e9 MESNARD, Guy NAKACHE, Denis HENAULT, Christian PASQUIET, Claude BIARDEAU qui<span style=\"mso-spacerun: yes;\">\u00a0<\/span> sont \u00e9lus \u00e0 l\u2019unanimit\u00e9.<\/span><\/strong><\/span><\/p>\n<p style=\"text-align: justify; margin: 0cm 0cm 10pt;\"><span style=\"color: #993300; font-size: 14pt;\"><strong><span style=\"font-family: arial,helvetica,sans-serif;\">Le prochain<span style=\"mso-spacerun: yes;\">\u00a0<\/span> Conseil d\u2019Administration \u00e9lira le bureau le 11 mars\u00a0:\u00a0\u00a0\u00a0\u00a0\u00a0\u00a0\u00a0\u00a0\u00a0\u00a0\u00a0\u00a0\u00a0\u00a0\u00a0\u00a0\u00a0 Pr\u00e9sident, Vice-Pr\u00e9sident, Secr\u00e9taire, Tr\u00e9sorier.<\/span><\/strong><\/span><\/p>\n<\/div>\n","protected":false},"excerpt":{"rendered":"<p>L\u2019assembl\u00e9e g\u00e9n\u00e9rale de l\u2019association s\u2019est r\u00e9unie le 3 mars 2011 \u00e0 18h30 au si\u00e8ge de la Soci\u00e9t\u00e9 des R\u00e9gates Rochelaises, Quai de la Capitainerie \u00e0 La Rochelle. Le quorum \u00e9tant atteint (61 personnes pr\u00e9sentes ou repr\u00e9sent\u00e9es) Pierre Andrey, apr\u00e8s avoir rappel\u00e9 le contenu\u00a0des deux premi\u00e8res ann\u00e9es d\u2019existence de l\u2019association,\u00a0\u00a0a\u00a0\u00e9num\u00e9r\u00e9\u00a0les actions men\u00e9es en 2010\u00a0: &#8211; P\u00e9rennisation [&hellip;]<\/p>\n","protected":false},"author":2,"featured_media":0,"comment_status":"open","ping_status":"open","sticky":false,"template":"","format":"standard","meta":{"jetpack_post_was_ever_published":false,"_jetpack_newsletter_access":"","_jetpack_dont_email_post_to_subs":false,"_jetpack_newsletter_tier_id":0,"_jetpack_memberships_contains_paywalled_content":false,"_jetpack_memberships_contains_paid_content":false,"footnotes":""},"categories":[1],"tags":[],"class_list":["post-59","post","type-post","status-publish","format-standard","hentry","category-non-classe"],"jetpack_featured_media_url":"","jetpack_sharing_enabled":true,"jetpack_shortlink":"https:\/\/wp.me\/p5o8j7-X","_links":{"self":[{"href":"http:\/\/www.unenfantuncartable17.fr\/index.php?rest_route=\/wp\/v2\/posts\/59","targetHints":{"allow":["GET"]}}],"collection":[{"href":"http:\/\/www.unenfantuncartable17.fr\/index.php?rest_route=\/wp\/v2\/posts"}],"about":[{"href":"http:\/\/www.unenfantuncartable17.fr\/index.php?rest_route=\/wp\/v2\/types\/post"}],"author":[{"embeddable":true,"href":"http:\/\/www.unenfantuncartable17.fr\/index.php?rest_route=\/wp\/v2\/users\/2"}],"replies":[{"embeddable":true,"href":"http:\/\/www.unenfantuncartable17.fr\/index.php?rest_route=%2Fwp%2Fv2%2Fcomments&post=59"}],"version-history":[{"count":4,"href":"http:\/\/www.unenfantuncartable17.fr\/index.php?rest_route=\/wp\/v2\/posts\/59\/revisions"}],"predecessor-version":[{"id":686,"href":"http:\/\/www.unenfantuncartable17.fr\/index.php?rest_route=\/wp\/v2\/posts\/59\/revisions\/686"}],"wp:attachment":[{"href":"http:\/\/www.unenfantuncartable17.fr\/index.php?rest_route=%2Fwp%2Fv2%2Fmedia&parent=59"}],"wp:term":[{"taxonomy":"category","embeddable":true,"href":"http:\/\/www.unenfantuncartable17.fr\/index.php?rest_route=%2Fwp%2Fv2%2Fcategories&post=59"},{"taxonomy":"post_tag","embeddable":true,"href":"http:\/\/www.unenfantuncartable17.fr\/index.php?rest_route=%2Fwp%2Fv2%2Ftags&post=59"}],"curies":[{"name":"wp","href":"https:\/\/api.w.org\/{rel}","templated":true}]}}