{"id":58,"date":"2011-03-15T07:41:00","date_gmt":"2011-03-15T07:41:00","guid":{"rendered":"http:\/\/www.unenfantuncartable17.fr\/?p=58"},"modified":"2015-01-16T18:21:16","modified_gmt":"2015-01-16T17:21:16","slug":"nouveau-conseil-d-administration-nouveau-bureau","status":"publish","type":"post","link":"http:\/\/www.unenfantuncartable17.fr\/?p=58","title":{"rendered":"Nouveau conseil d&rsquo;administration, nouveau bureau"},"content":{"rendered":"<p><span style=\"color: #808000;\"><strong><span style=\"font-family: arial,helvetica,sans-serif; font-size: 14pt;\">Le nouveau conseil a\u00a0\u00e9lu le bureau de l&rsquo;association le 11 mars et pr\u00e9cis\u00e9 les responsabilit\u00e9s de chacun.<\/span><\/strong><\/span><\/p>\n<div class=\"ob-section ob-section-html\">\n<p style=\"margin: 0cm 0cm 0pt;\"><span style=\"color: #993300;\"><strong><span style=\"font-family: arial,helvetica,sans-serif; font-size: 14pt;\">\u00a0<\/span><\/strong><\/span><\/p>\n<p style=\"margin: 0cm 0cm 0pt;\"><span style=\"color: #993300; font-size: 14pt;\"><strong><span style=\"font-family: arial,helvetica,sans-serif;\">Jean-Claude Brossard pr\u00e9sident,<\/span><\/strong><\/span><\/p>\n<p style=\"margin: 0cm 0cm 0pt;\"><span style=\"color: #993300; font-size: 14pt;\"><strong><span style=\"font-family: arial,helvetica,sans-serif;\">\u00a0<\/span><\/strong><\/span><\/p>\n<p style=\"margin: 0cm 0cm 0pt;\"><span style=\"color: #993300; font-size: 14pt;\"><strong><span style=\"font-family: arial,helvetica,sans-serif;\">Jean-Jacques Moulinet, vice-pr\u00e9sident,<\/span><\/strong><\/span><\/p>\n<p style=\"margin: 0cm 0cm 0pt;\"><span style=\"color: #993300; font-size: 14pt;\"><strong><span style=\"font-family: arial,helvetica,sans-serif;\">\u00a0<\/span><\/strong><\/span><\/p>\n<p style=\"margin: 0cm 0cm 0pt;\"><span style=\"color: #993300; font-size: 14pt;\"><strong><span style=\"font-family: arial,helvetica,sans-serif;\">Guy Nakache, secr\u00e9taire,<\/span><\/strong><\/span><\/p>\n<p style=\"margin: 0cm 0cm 0pt;\"><span style=\"color: #993300; font-size: 14pt;\"><strong><span style=\"font-family: arial,helvetica,sans-serif;\">\u00a0<\/span><\/strong><\/span><\/p>\n<p style=\"margin: 0cm 0cm 0pt;\"><span style=\"color: #993300; font-size: 14pt;\"><strong><span style=\"font-family: arial,helvetica,sans-serif;\">Denis H\u00e9nault, tr\u00e9sorier.<\/span><\/strong><\/span><\/p>\n<p style=\"margin: 0cm 0cm 0pt;\"><span style=\"color: #ff9900; font-size: 12pt;\"><span style=\"font-size: 12pt;\">\u00a0<\/span><\/span><\/p>\n<p style=\"margin: 0cm 0cm 0pt;\"><span style=\"color: #808000; font-size: 14pt;\"><strong><span style=\"font-family: arial,helvetica,sans-serif;\"><span style=\"text-decoration: underline;\">Puis par ordre alphab\u00e9tique\u00a0:<\/span><\/span><\/strong><\/span><\/p>\n<p style=\"margin: 0cm 0cm 0pt;\"><span style=\"color: #ff9900; font-size: 12pt;\"><span style=\"text-decoration: underline;\"><span style=\"font-size: 12pt;\">\u00a0<\/span><\/span><\/span><\/p>\n<p style=\"margin: 0cm 0cm 0pt;\"><span style=\"color: #993300; font-family: arial,helvetica,sans-serif;\"><strong><span style=\"font-size: 14pt;\">Pierre Andrey, charg\u00e9 des relations avec les entreprises,<\/span><\/strong><\/span><\/p>\n<p style=\"margin: 0cm 0cm 0pt;\"><span style=\"color: #993300; font-family: arial,helvetica,sans-serif;\"><strong><span style=\"font-size: 14pt;\">\u00a0<\/span><\/strong><\/span><\/p>\n<p style=\"margin: 0cm 0cm 0pt;\"><span style=\"color: #993300; font-family: arial,helvetica,sans-serif;\"><strong><span style=\"font-size: 14pt;\">Claude Biardeau, charg\u00e9 des relations avec le monde scolaire,<\/span><\/strong><\/span><\/p>\n<p style=\"margin: 0cm 0cm 0pt;\"><span style=\"color: #993300; font-family: arial,helvetica,sans-serif;\"><strong><span style=\"font-size: 14pt;\">\u00a0<\/span><\/strong><\/span><\/p>\n<p style=\"margin: 0cm 0cm 0pt;\"><span style=\"color: #993300; font-family: arial,helvetica,sans-serif;\"><strong><span style=\"font-size: 14pt;\">Georges Fournet, charg\u00e9 des relations avec les associations,<\/span><\/strong><\/span><\/p>\n<p style=\"margin: 0cm 0cm 0pt;\"><span style=\"color: #993300; font-family: arial,helvetica,sans-serif;\"><strong><span style=\"font-size: 14pt;\">\u00a0<\/span><\/strong><\/span><\/p>\n<p style=\"margin: 0cm 0cm 0pt;\"><span style=\"color: #993300; font-family: arial,helvetica,sans-serif;\"><strong><span style=\"font-size: 14pt;\">Andr\u00e9 Mesnard, charg\u00e9 de la communication,<\/span><\/strong><\/span><\/p>\n<p style=\"margin: 0cm 0cm 0pt;\"><span style=\"color: #993300; font-family: arial,helvetica,sans-serif;\"><strong><span style=\"font-size: 14pt;\">\u00a0<\/span><\/strong><\/span><\/p>\n<p style=\"margin: 0cm 0cm 0pt;\"><span style=\"color: #993300; font-family: arial,helvetica,sans-serif;\"><strong><span style=\"font-size: 14pt;\">Christian Pasquet, charg\u00e9 du suivi technique des constructions.<\/span><\/strong><\/span><\/p>\n<p style=\"margin: 0cm 0cm 0pt;\"><span style=\"color: #ff9900; font-size: 12pt;\"><span style=\"font-family: Times New Roman; font-size: 12pt;\">\u00a0<\/span><\/span><\/p>\n<\/div>\n","protected":false},"excerpt":{"rendered":"<p>Le nouveau conseil a\u00a0\u00e9lu le bureau de l&rsquo;association le 11 mars et pr\u00e9cis\u00e9 les responsabilit\u00e9s de chacun. \u00a0 Jean-Claude Brossard pr\u00e9sident, \u00a0 Jean-Jacques Moulinet, vice-pr\u00e9sident, \u00a0 Guy Nakache, secr\u00e9taire, \u00a0 Denis H\u00e9nault, tr\u00e9sorier. \u00a0 Puis par ordre alphab\u00e9tique\u00a0: \u00a0 Pierre Andrey, charg\u00e9 des relations avec les entreprises, \u00a0 Claude Biardeau, charg\u00e9 des relations avec le [&hellip;]<\/p>\n","protected":false},"author":2,"featured_media":0,"comment_status":"open","ping_status":"open","sticky":false,"template":"","format":"standard","meta":{"jetpack_post_was_ever_published":false,"_jetpack_newsletter_access":"","_jetpack_dont_email_post_to_subs":false,"_jetpack_newsletter_tier_id":0,"_jetpack_memberships_contains_paywalled_content":false,"_jetpack_memberships_contains_paid_content":false,"footnotes":""},"categories":[1],"tags":[],"class_list":["post-58","post","type-post","status-publish","format-standard","hentry","category-non-classe"],"jetpack_featured_media_url":"","jetpack_sharing_enabled":true,"jetpack_shortlink":"https:\/\/wp.me\/p5o8j7-W","_links":{"self":[{"href":"http:\/\/www.unenfantuncartable17.fr\/index.php?rest_route=\/wp\/v2\/posts\/58","targetHints":{"allow":["GET"]}}],"collection":[{"href":"http:\/\/www.unenfantuncartable17.fr\/index.php?rest_route=\/wp\/v2\/posts"}],"about":[{"href":"http:\/\/www.unenfantuncartable17.fr\/index.php?rest_route=\/wp\/v2\/types\/post"}],"author":[{"embeddable":true,"href":"http:\/\/www.unenfantuncartable17.fr\/index.php?rest_route=\/wp\/v2\/users\/2"}],"replies":[{"embeddable":true,"href":"http:\/\/www.unenfantuncartable17.fr\/index.php?rest_route=%2Fwp%2Fv2%2Fcomments&post=58"}],"version-history":[{"count":3,"href":"http:\/\/www.unenfantuncartable17.fr\/index.php?rest_route=\/wp\/v2\/posts\/58\/revisions"}],"predecessor-version":[{"id":511,"href":"http:\/\/www.unenfantuncartable17.fr\/index.php?rest_route=\/wp\/v2\/posts\/58\/revisions\/511"}],"wp:attachment":[{"href":"http:\/\/www.unenfantuncartable17.fr\/index.php?rest_route=%2Fwp%2Fv2%2Fmedia&parent=58"}],"wp:term":[{"taxonomy":"category","embeddable":true,"href":"http:\/\/www.unenfantuncartable17.fr\/index.php?rest_route=%2Fwp%2Fv2%2Fcategories&post=58"},{"taxonomy":"post_tag","embeddable":true,"href":"http:\/\/www.unenfantuncartable17.fr\/index.php?rest_route=%2Fwp%2Fv2%2Ftags&post=58"}],"curies":[{"name":"wp","href":"https:\/\/api.w.org\/{rel}","templated":true}]}}