{"id":57,"date":"2011-03-23T07:50:00","date_gmt":"2011-03-23T07:50:00","guid":{"rendered":"http:\/\/www.unenfantuncartable17.fr\/?p=57"},"modified":"2015-01-28T16:49:47","modified_gmt":"2015-01-28T15:49:47","slug":"lettre-aux-adherents","status":"publish","type":"post","link":"http:\/\/www.unenfantuncartable17.fr\/?p=57","title":{"rendered":"Lettre aux adh\u00e9rents"},"content":{"rendered":"<p><span style=\"color: #808000; font-size: 14pt;\"><strong><span style=\"font-family: arial,helvetica,sans-serif;\">Voici la lettre envoy\u00e9e\u00a0aux adh\u00e9rents\u00a0du nouveau pr\u00e9sident, <\/span><\/strong><\/span><span style=\"color: #808000; font-size: 14pt;\"><strong><span style=\"font-family: arial,helvetica,sans-serif;\">Jean-Claude Brossard.<\/span><\/strong><\/span><\/p>\n<div class=\"ob-section ob-section-html\">\n<p style=\"margin: 0cm 0cm 0pt;\"><span style=\"color: #993300; font-size: 14pt;\"><strong><span style=\"font-family: arial,helvetica,sans-serif;\">Madame, Monsieur, chers amis,<\/span><\/strong><\/span><\/p>\n<p style=\"margin: 0cm 0cm 0pt;\"><span style=\"color: #993300; font-size: 14pt;\"><strong><span style=\"font-family: arial,helvetica,sans-serif;\">\u00a0<\/span><\/strong><\/span><\/p>\n<p style=\"margin: 0cm 0cm 0pt;\"><span style=\"color: #993300; font-size: 14pt;\"><strong><span style=\"font-family: arial,helvetica,sans-serif;\">Comme je l\u2019avais annonc\u00e9 lors de l\u2019assembl\u00e9e g\u00e9n\u00e9rale du 3 mars, je me suis pr\u00e9sent\u00e9 aux fonctions de pr\u00e9sident de notre association au cours du conseil d\u2019administration du 11 mars. Celui-ci m\u2019a fait l\u2019honneur de m\u2019\u00e9lire. A ce jour, se m\u00ealent en moi, la gratitude pour la confiance t\u00e9moign\u00e9e et le poids des responsabilit\u00e9s qui m\u2019incombent d\u00e9sormais. <span style=\"color: #808000;\">Des responsabilit\u00e9s que j\u2019entends partager avec l\u2019\u00e9quipe du conseil d\u2019administration qui m\u2019entoure.<\/span><\/span><\/strong><\/span><\/p>\n<p style=\"margin: 0cm 0cm 0pt;\"><span style=\"color: #993300; font-size: 14pt;\"><strong><span style=\"font-family: arial,helvetica,sans-serif;\">\u00a0<\/span><\/strong><\/span><\/p>\n<p style=\"margin: 0cm 0cm 0pt;\"><span style=\"color: #993300; font-size: 14pt;\"><strong><span style=\"font-family: arial,helvetica,sans-serif;\">Avant de vous pr\u00e9senter les orientations de travail que je compte mettre en \u0153uvre avec les membres du conseil d\u2019administration, je tiens \u00e0 saluer le r\u00f4le essentiel qu\u2019a tenu Pierre Andrey dans l\u2019\u00e9dification progressive de notre association. Pierre, restera le pr\u00e9sident \u00e0 qui nous devons les fondements de notre action \u00e0 Wandi\u00e9.<\/span><\/strong><\/span><\/p>\n<p style=\"margin: 0cm 0cm 0pt;\"><span style=\"color: #993300; font-size: 14pt;\"><strong><span style=\"font-family: arial,helvetica,sans-serif;\">\u00a0<\/span><\/strong><\/span><\/p>\n<p style=\"margin: 0cm 0cm 0pt;\"><span style=\"color: #993300; font-size: 14pt;\"><strong><span style=\"font-family: arial,helvetica,sans-serif;\">Ma m\u00e9moire n\u2019oubliera pas non plus Jean-Louis Baroin, qui fut notre inspirateur et \u00e0 qui nous devons de nous \u00eatre mis en marche.<\/span><\/strong><\/span><\/p>\n<p style=\"margin: 0cm 0cm 0pt;\"><span style=\"color: #993300; font-size: 14pt;\"><strong><span style=\"font-family: arial,helvetica,sans-serif;\">\u00a0<\/span>\u00a0<\/strong><\/span><\/p>\n<p style=\"margin: 0cm 0cm 0pt;\"><strong><span style=\"color: #ff9900; font-family: arial,helvetica,sans-serif; font-size: 12pt;\"><span style=\"font-size: 12pt;\"><span style=\"color: #993300; font-size: 14pt;\">Je continuerai la t\u00e2che entreprise &#8211; et le conseil d\u2019administration avec moi- dans l\u2019esprit qui a pr\u00e9sid\u00e9 \u00e0 la cr\u00e9ation de \u00ab\u00a0Un enfant, un cartable\u00a0\u00bb\u00a0: <\/span><span style=\"color: #808000;\"><span style=\"font-size: 14pt;\">solidarit\u00e9 avec les habitants du Sin\u00e9 Saloum pour que tous leurs enfants \u2013gar\u00e7ons et filles- acc\u00e8dent \u00e0 une \u00e9ducation publique, la\u00efque et \u00e9mancipatrice<\/span><span style=\"font-size: 14pt;\">. Cette action respectera bien s\u00fbr les institutions s\u00e9n\u00e9galaises, leurs enseignants et leurs programmes. Notre volont\u00e9 ne peut s\u2019entendre qu\u2019en appui de leurs objectifs.<\/span><\/span><\/span><\/span><\/strong><\/p>\n<p style=\"margin: 0cm 0cm 0pt;\"><span style=\"color: #993300; font-size: 14pt;\">\u00a0<\/span><\/p>\n<p style=\"margin: 0cm 0cm 0pt;\"><span style=\"color: #993300; font-size: 14pt;\"><strong><span style=\"font-family: arial,helvetica,sans-serif;\">Enfin, je veux particuli\u00e8rement saluer ici, l\u2019engagement d\u2019Olivier Gu\u00e9rin, notre correspondant et directeur du camp de p\u00eache Hakuna Matata sur l\u2019\u00eele de Mar Lodj, sans qui rien de ce qui a \u00e9t\u00e9 r\u00e9alis\u00e9 n\u2019aurait pu voir le jour.<\/span><\/strong><\/span><\/p>\n<p style=\"margin: 0cm 0cm 0pt;\"><span style=\"color: #993300; font-size: 14pt;\"><strong><span style=\"font-family: arial,helvetica,sans-serif;\">\u00a0<\/span><\/strong><\/span><\/p>\n<p style=\"margin: 0cm 0cm 0pt;\"><span style=\"color: #993300; font-size: 14pt;\"><strong><span style=\"font-family: arial,helvetica,sans-serif;\">Voici maintenant quelques pistes de travail que le conseil d\u2019administration et moi-m\u00eame entendons d\u00e9velopper.<\/span><\/strong><\/span><\/p>\n<p style=\"margin: 0cm 0cm 0pt;\"><span style=\"color: #993300; font-family: arial,helvetica,sans-serif; font-size: 14pt;\">\u00a0<\/span><\/p>\n<p style=\"margin: 0cm 0cm 0pt;\"><span style=\"color: #993300; font-family: arial,helvetica,sans-serif; font-size: 14pt;\">&#8211; <strong>Afin de resserrer les liens entre les adh\u00e9rents, en plus du blog qui a \u00e9t\u00e9 cr\u00e9\u00e9 l\u2019an pass\u00e9, nous \u00e9diterons au moins une lettre \u00ab\u00a0papier\u00a0\u00bb qui fera le point sur l\u2019avancement des actions et des travaux. Dans le m\u00eame esprit de collaboration et d\u2019\u00e9coute, nous provoquerons aussi une rencontre annuelle entre adh\u00e9rents autour d\u2019un th\u00e8me propre \u00e0 notre action dans le Sin\u00e9 Saloum ou plus large et relatif \u00e0 l\u2019Afrique en g\u00e9n\u00e9ral.<\/strong><\/span><\/p>\n<p style=\"margin: 0cm 0cm 0pt;\"><span style=\"color: #993300; font-size: 14pt;\"><strong><span style=\"font-family: arial,helvetica,sans-serif;\">\u00a0<\/span><\/strong><\/span><\/p>\n<p style=\"margin: 0cm 0cm 0pt;\"><span style=\"color: #993300; font-family: arial,helvetica,sans-serif; font-size: 14pt;\"><strong>&#8211; <span style=\"color: #808000;\">Je veux affirmer avec force le principe de gestion suivant\u00a0: les cotisations des adh\u00e9rents seront strictement et exclusivement affect\u00e9es \u00e0 l\u2019achat des fournitures scolaires n\u00e9cessaires aux enfants des \u00e9coles de l\u2019\u00eele de Mar Lodj. Toute autre action, comme la construction de classes, devra se faire en sollicitant les sommes n\u00e9cessaires aupr\u00e8s de partenaires ponctuels.<\/span><\/strong><span style=\"color: #808000;\"> <strong>L\u2019assistance aux \u00e9coles et aux \u00e9l\u00e8ves comme la construction de locaux scolaires resteront donc notre \u00ab\u00a0c\u0153ur de m\u00e9tier\u00a0<\/strong>\u00bb.<\/span><\/span><\/p>\n<p style=\"margin: 0cm 0cm 0pt;\"><span style=\"font-family: arial,helvetica,sans-serif; color: #ff9900;\"><span style=\"font-size: 12pt;\"><span style=\"font-size: 12pt;\">\u00a0<\/span><\/span><\/span><\/p>\n<p style=\"margin: 0cm 0cm 0pt;\"><span style=\"color: #993300; font-family: arial,helvetica,sans-serif; font-size: 14pt;\">&#8211; <strong>Jusqu\u2019\u00e0 pr\u00e9sent, moins de 4 % de notre budget ont \u00e9t\u00e9 consacr\u00e9s aux frais g\u00e9n\u00e9raux et rien aux d\u00e9placements. Cela a suppos\u00e9 un tr\u00e8s grand investissement financier de la part des administrateurs qui font le voyage au S\u00e9n\u00e9gal 1 \u00e0 2 fois par an. Cela continuera. Un euro investi dans l\u2019action de \u00ab\u00a0Un enfant, un cartable\u00a0\u00bb sera un euro utile.<\/strong><\/span><\/p>\n<p style=\"margin: 0cm 0cm 0pt;\"><span style=\"color: #993300; font-size: 14pt;\"><strong><span style=\"font-family: arial,helvetica,sans-serif;\">\u00a0<\/span><\/strong><\/span><\/p>\n<p style=\"margin: 0cm 0cm 0pt;\"><span style=\"color: #993300; font-size: 14pt;\"><strong><span style=\"font-family: arial,helvetica,sans-serif;\">&#8211; Un grand projet nous mobilise particuli\u00e8rement pour l\u2019ann\u00e9e qui vient\u00a0: <span style=\"color: #808000;\">la construction d\u2019une \u00e9cole \u00e0 Marsoulou.<\/span> Nous vous tiendrons inform\u00e9s de son avancement qui se fait avec les enseignants et la population du village et pour lequel nous n\u2019avons pas encore la totalit\u00e9 de la somme n\u00e9cessaire, <span style=\"color: #808000;\">environ 8000 euros.<\/span><\/span><\/strong><\/span><\/p>\n<p style=\"margin: 0cm 0cm 0pt;\"><span style=\"color: #993300; font-size: 14pt;\"><strong><span style=\"font-family: arial,helvetica,sans-serif;\">\u00a0<\/span><\/strong><\/span><\/p>\n<p style=\"margin: 0cm 0cm 0pt;\"><span style=\"color: #993300; font-size: 14pt;\"><strong><span style=\"font-family: arial,helvetica,sans-serif;\">A l\u2019aube de ce nouveau mandat, il me semblait n\u00e9cessaire de vous informer des principes, des orientations que le conseil d\u2019administration va mettre en \u0153uvre. Sachez que vous pourrez toujours communiquer avec nous gr\u00e2ce \u00e0 la messagerie internet et \u00e0 notre blog.<\/span><\/strong><\/span><\/p>\n<p style=\"margin: 0cm 0cm 0pt;\"><span style=\"color: #993300; font-size: 14pt;\"><strong><span style=\"font-family: arial,helvetica,sans-serif;\">\u00a0<\/span><\/strong><\/span><\/p>\n<p style=\"margin: 0cm 0cm 0pt;\"><span style=\"color: #993300; font-size: 14pt;\"><strong><span style=\"font-family: arial,helvetica,sans-serif;\">Enfin, vous trouverez, jointe \u00e0 cette lettre, votre carte d\u2019adh\u00e9rent pour 2011. Cette carte fera bient\u00f4t l\u2019objet d\u2019un renouvellement graphique (et gratuit) qui inspirera tous les documents dont nous nous servirons pour communiquer avec vous et avec le grand public pour installer notre image et notre action durablement.<\/span><\/strong><\/span><\/p>\n<p style=\"margin: 0cm 0cm 0pt;\"><span style=\"color: #993300; font-size: 14pt;\"><strong><span style=\"font-family: arial,helvetica,sans-serif;\">\u00a0<\/span><\/strong><\/span><\/p>\n<p style=\"margin: 0cm 0cm 0pt;\"><span style=\"color: #808000; font-size: 14pt;\"><strong><span style=\"font-family: arial,helvetica,sans-serif;\">Nous restons \u00e0 votre \u00e9coute. A bient\u00f4t.<\/span><\/strong><\/span><\/p>\n<\/div>\n","protected":false},"excerpt":{"rendered":"<p>Voici la lettre envoy\u00e9e\u00a0aux adh\u00e9rents\u00a0du nouveau pr\u00e9sident, Jean-Claude Brossard. Madame, Monsieur, chers amis, \u00a0 Comme je l\u2019avais annonc\u00e9 lors de l\u2019assembl\u00e9e g\u00e9n\u00e9rale du 3 mars, je me suis pr\u00e9sent\u00e9 aux fonctions de pr\u00e9sident de notre association au cours du conseil d\u2019administration du 11 mars. Celui-ci m\u2019a fait l\u2019honneur de m\u2019\u00e9lire. A ce jour, se m\u00ealent [&hellip;]<\/p>\n","protected":false},"author":2,"featured_media":0,"comment_status":"open","ping_status":"open","sticky":false,"template":"","format":"standard","meta":{"jetpack_post_was_ever_published":false,"_jetpack_newsletter_access":"","_jetpack_dont_email_post_to_subs":false,"_jetpack_newsletter_tier_id":0,"_jetpack_memberships_contains_paywalled_content":false,"_jetpack_memberships_contains_paid_content":false,"footnotes":""},"categories":[1],"tags":[],"class_list":["post-57","post","type-post","status-publish","format-standard","hentry","category-non-classe"],"jetpack_featured_media_url":"","jetpack_sharing_enabled":true,"jetpack_shortlink":"https:\/\/wp.me\/p5o8j7-V","_links":{"self":[{"href":"http:\/\/www.unenfantuncartable17.fr\/index.php?rest_route=\/wp\/v2\/posts\/57","targetHints":{"allow":["GET"]}}],"collection":[{"href":"http:\/\/www.unenfantuncartable17.fr\/index.php?rest_route=\/wp\/v2\/posts"}],"about":[{"href":"http:\/\/www.unenfantuncartable17.fr\/index.php?rest_route=\/wp\/v2\/types\/post"}],"author":[{"embeddable":true,"href":"http:\/\/www.unenfantuncartable17.fr\/index.php?rest_route=\/wp\/v2\/users\/2"}],"replies":[{"embeddable":true,"href":"http:\/\/www.unenfantuncartable17.fr\/index.php?rest_route=%2Fwp%2Fv2%2Fcomments&post=57"}],"version-history":[{"count":6,"href":"http:\/\/www.unenfantuncartable17.fr\/index.php?rest_route=\/wp\/v2\/posts\/57\/revisions"}],"predecessor-version":[{"id":685,"href":"http:\/\/www.unenfantuncartable17.fr\/index.php?rest_route=\/wp\/v2\/posts\/57\/revisions\/685"}],"wp:attachment":[{"href":"http:\/\/www.unenfantuncartable17.fr\/index.php?rest_route=%2Fwp%2Fv2%2Fmedia&parent=57"}],"wp:term":[{"taxonomy":"category","embeddable":true,"href":"http:\/\/www.unenfantuncartable17.fr\/index.php?rest_route=%2Fwp%2Fv2%2Fcategories&post=57"},{"taxonomy":"post_tag","embeddable":true,"href":"http:\/\/www.unenfantuncartable17.fr\/index.php?rest_route=%2Fwp%2Fv2%2Ftags&post=57"}],"curies":[{"name":"wp","href":"https:\/\/api.w.org\/{rel}","templated":true}]}}