{"id":56,"date":"2011-05-10T15:04:00","date_gmt":"2011-05-10T15:04:00","guid":{"rendered":"http:\/\/www.unenfantuncartable17.fr\/?p=56"},"modified":"2015-01-28T16:47:24","modified_gmt":"2015-01-28T15:47:24","slug":"nouveau-siege-social","status":"publish","type":"post","link":"http:\/\/www.unenfantuncartable17.fr\/?p=56","title":{"rendered":"Nouveau si\u00e8ge social"},"content":{"rendered":"<p><span style=\"color: #993300; font-size: 14pt;\"><strong><span style=\"font-family: arial,helvetica,sans-serif;\">Notre association poss\u00e8de depuis quelques jours d&rsquo;un nouveau si\u00e8ge social.<\/span><\/strong><\/span><span style=\"color: #993300; font-size: 14pt;\"><strong>\u00a0<\/strong><\/span><\/p>\n<div class=\"ob-section ob-section-html\">\n<p><span style=\"color: #808000; font-family: arial,helvetica,sans-serif; font-size: 14pt;\"><strong>Il s&rsquo;agit de la maison de quartier centre social du quartier de Port Neuf,\u00a0dont le\u00a0conseil d&rsquo;administration\u00a0a\u00a0d\u00e9cid\u00e9 de nous h\u00e9berger sur notre demande. Notre accueil a donc \u00e9t\u00e9 tr\u00e8s chaleureux.<\/strong><\/span><\/p>\n<p><span style=\"color: #993300; font-size: 14pt;\"><strong><span style=\"font-family: arial,helvetica,sans-serif;\">Nous pourrons b\u00e9n\u00e9ficier de locaux mis <span style=\"color: #808000;\">gracieusement<\/span> \u00e0 notre disposition pour les diverses r\u00e9unions du conseil d&rsquo;administration tout au long de l&rsquo;ann\u00e9e ainsi que d&rsquo;une salle pouvant accueillir notre <span style=\"color: #808000;\">assembl\u00e9e g\u00e9n\u00e9rale annuelle et le repas qui la suit g\u00e9n\u00e9ralement.<\/span><\/span><\/strong><\/span><\/p>\n<p><span style=\"color: #808000; font-size: 14pt;\"><strong><span style=\"font-family: arial,helvetica,sans-serif;\">Notre courrier sera lui aussi domicili\u00e9 \u00e0 Port Neuf.<\/span><\/strong><\/span><\/p>\n<p><span style=\"color: #993300; font-size: 14pt;\"><strong><span style=\"font-family: arial,helvetica,sans-serif;\">Bien entendu, nous avons adh\u00e9r\u00e9 \u00e0 la maison de quartier, dont plusieurs membres de \u00ab\u00a0Un enfant, Un cartable\u00a0\u00bb\u00a0sont des habitants. <span style=\"color: #808000;\">Mais, cette adh\u00e9sion est aussi une adh\u00e9sion \u00e0 des valeurs communes de solidarit\u00e9, d&rsquo;humanisme et de lien social.<\/span><\/span><\/strong><\/span><\/p>\n<p><span style=\"color: #993300; font-size: 14pt;\"><strong><span style=\"font-family: arial,helvetica,sans-serif;\">Comme toutes les associations adh\u00e9rentes, nous pourrons participer aux instances du centre social. Nous aurons l&rsquo;occasion d&rsquo;en reparler.<\/span><\/strong><\/span><\/p>\n<\/div>\n","protected":false},"excerpt":{"rendered":"<p>Notre association poss\u00e8de depuis quelques jours d&rsquo;un nouveau si\u00e8ge social.\u00a0 Il s&rsquo;agit de la maison de quartier centre social du quartier de Port Neuf,\u00a0dont le\u00a0conseil d&rsquo;administration\u00a0a\u00a0d\u00e9cid\u00e9 de nous h\u00e9berger sur notre demande. Notre accueil a donc \u00e9t\u00e9 tr\u00e8s chaleureux. Nous pourrons b\u00e9n\u00e9ficier de locaux mis gracieusement \u00e0 notre disposition pour les diverses r\u00e9unions du conseil [&hellip;]<\/p>\n","protected":false},"author":2,"featured_media":0,"comment_status":"open","ping_status":"open","sticky":false,"template":"","format":"standard","meta":{"jetpack_post_was_ever_published":false,"_jetpack_newsletter_access":"","_jetpack_dont_email_post_to_subs":false,"_jetpack_newsletter_tier_id":0,"_jetpack_memberships_contains_paywalled_content":false,"_jetpack_memberships_contains_paid_content":false,"footnotes":""},"categories":[1],"tags":[],"class_list":["post-56","post","type-post","status-publish","format-standard","hentry","category-non-classe"],"jetpack_featured_media_url":"","jetpack_sharing_enabled":true,"jetpack_shortlink":"https:\/\/wp.me\/p5o8j7-U","_links":{"self":[{"href":"http:\/\/www.unenfantuncartable17.fr\/index.php?rest_route=\/wp\/v2\/posts\/56","targetHints":{"allow":["GET"]}}],"collection":[{"href":"http:\/\/www.unenfantuncartable17.fr\/index.php?rest_route=\/wp\/v2\/posts"}],"about":[{"href":"http:\/\/www.unenfantuncartable17.fr\/index.php?rest_route=\/wp\/v2\/types\/post"}],"author":[{"embeddable":true,"href":"http:\/\/www.unenfantuncartable17.fr\/index.php?rest_route=\/wp\/v2\/users\/2"}],"replies":[{"embeddable":true,"href":"http:\/\/www.unenfantuncartable17.fr\/index.php?rest_route=%2Fwp%2Fv2%2Fcomments&post=56"}],"version-history":[{"count":4,"href":"http:\/\/www.unenfantuncartable17.fr\/index.php?rest_route=\/wp\/v2\/posts\/56\/revisions"}],"predecessor-version":[{"id":683,"href":"http:\/\/www.unenfantuncartable17.fr\/index.php?rest_route=\/wp\/v2\/posts\/56\/revisions\/683"}],"wp:attachment":[{"href":"http:\/\/www.unenfantuncartable17.fr\/index.php?rest_route=%2Fwp%2Fv2%2Fmedia&parent=56"}],"wp:term":[{"taxonomy":"category","embeddable":true,"href":"http:\/\/www.unenfantuncartable17.fr\/index.php?rest_route=%2Fwp%2Fv2%2Fcategories&post=56"},{"taxonomy":"post_tag","embeddable":true,"href":"http:\/\/www.unenfantuncartable17.fr\/index.php?rest_route=%2Fwp%2Fv2%2Ftags&post=56"}],"curies":[{"name":"wp","href":"https:\/\/api.w.org\/{rel}","templated":true}]}}