{"id":5135,"date":"2025-12-26T10:58:33","date_gmt":"2025-12-26T09:58:33","guid":{"rendered":"http:\/\/www.unenfantuncartable17.fr\/?p=5135"},"modified":"2026-03-02T10:10:57","modified_gmt":"2026-03-02T09:10:57","slug":"bonne-annee-2026-solidaire","status":"publish","type":"post","link":"http:\/\/www.unenfantuncartable17.fr\/?p=5135","title":{"rendered":"Bonne ann\u00e9e 2026, solidaire !"},"content":{"rendered":"\n\n\n<p><span style=\"color: #993300;\"><strong><span style=\"font-family: arial, helvetica, sans-serif;\">Ch\u00e8res adh\u00e9rentes, chers adh\u00e9rents,<\/span><\/strong>\u00a0<\/span><\/p>\n<p><span style=\"color: #993300;\"><strong><span style=\"font-family: arial, helvetica, sans-serif;\">L\u2019association vous pr\u00e9sente ses v\u0153ux de bonne ann\u00e9e 2026.<\/span><\/strong><\/span><\/p>\n<p><span style=\"color: #993300;\"><strong><span style=\"font-family: arial, helvetica, sans-serif;\">En juillet, Donald Trump r\u00e9unissait cinq pr\u00e9sidents africains pour un \u00ab mini-sommet \u00bb \u00e9conomique qui ent\u00e9rinait la suppression de l&rsquo;aide humanitaire au profit du commerce, vantant \u00ab l\u2019\u00e9norme potentiel \u00e9conomique de l\u2019Afrique. \u00c0 long terme, cela sera bien plus efficace, durable et b\u00e9n\u00e9fique, disait-il. \u00bb\u00a0<\/span><\/strong><\/span><\/p>\n<p><span style=\"color: #993300;\"><strong><span style=\"font-family: arial, helvetica, sans-serif;\">Mais, quid de l\u2019\u00e9ducation, pilier du d\u00e9veloppement ?<\/span><\/strong><\/span><\/p>\n<p><span style=\"color: #993300;\"><strong><span style=\"font-family: arial, helvetica, sans-serif;\">Dans la m\u00eame p\u00e9riode, au S\u00e9n\u00e9gal, la dette \u00e9tait estim\u00e9e \u00e0 30% du budget de l\u2019Etat, plus que celui de l\u2019\u00e9ducation. La rentr\u00e9e des classes en octobre est donc intervenue dans un contexte d&rsquo;inflation, avec arbitrage des familles entre nourriture et frais de scolarit\u00e9.<\/span><\/strong><\/span><\/p>\n<p><span style=\"color: #993300;\"><strong><span style=\"font-family: arial, helvetica, sans-serif;\">Devant cette situation, votre engagement est primordial. Chaque geste compte et permet d&rsquo;accompagner plus d\u2019\u00e9l\u00e8ves, plus de filles vers un avenir meilleur.<\/span><\/strong><\/span><\/p>\n<p><span style=\"color: #993300;\"><strong><span style=\"font-family: arial, helvetica, sans-serif;\">Merci de votre solidarit\u00e9 qui transforme des vies. La solidarit\u00e9 est la base d&rsquo;un monde plus juste.<\/span><\/strong><\/span><\/p>\n<div id=\"attachment_3260\" style=\"width: 400px\" class=\"wp-caption alignleft\"><a href=\"http:\/\/www.unenfantuncartable17.fr\/wp-content\/uploads\/2022\/04\/DSC_1017.jpg\"><img loading=\"lazy\" decoding=\"async\" aria-describedby=\"caption-attachment-3260\" class=\" wp-image-3260\" src=\"http:\/\/www.unenfantuncartable17.fr\/wp-content\/uploads\/2022\/04\/DSC_1017-300x199.jpg\" alt=\"\" width=\"390\" height=\"259\" srcset=\"http:\/\/www.unenfantuncartable17.fr\/wp-content\/uploads\/2022\/04\/DSC_1017-300x199.jpg 300w, http:\/\/www.unenfantuncartable17.fr\/wp-content\/uploads\/2022\/04\/DSC_1017-768x509.jpg 768w, http:\/\/www.unenfantuncartable17.fr\/wp-content\/uploads\/2022\/04\/DSC_1017.jpg 1024w\" sizes=\"auto, (max-width: 390px) 100vw, 390px\" \/><\/a><p id=\"caption-attachment-3260\" class=\"wp-caption-text\"><span style=\"color: #993300;\"><em><span style=\"font-family: arial, helvetica, sans-serif;\">Une classe \u00e0 Fafaco<\/span><\/em><\/span><\/p><\/div>\n<p><span style=\"color: #993300;\"><strong><span style=\"font-family: arial, helvetica, sans-serif;\">\u00a0 \u00a0 <\/span><\/strong><\/span><\/p>\n<p>\u00a0<\/p>\n<p>\u00a0<\/p>\n<p>\u00a0<\/p>\n<p>\u00a0<\/p>\n<p>\u00a0<\/p>\n<p>\u00a0<\/p>\n<p>\u00a0<\/p>\n<p>\u00a0<\/p>\n<p>\u00a0<\/p>\n<p><span style=\"color: #993300;\"><strong><span style=\"font-family: arial, helvetica, sans-serif;\">Un petit coup d\u2019\u0153il dans le r\u00e9troviseur permet de constater le chemin parcouru depuis 2008. Dans l&rsquo;enseignement public exclusivement.<\/span><\/strong><\/span><\/p>\n<ul>\n<li><span style=\"color: #993300;\"><strong><span style=\"font-family: arial, helvetica, sans-serif;\">En <span style=\"color: #808000;\">18\u00a0ans de travail<\/span> et de pr\u00e9sence aux c\u00f4t\u00e9s des enseignants et des \u00e9l\u00e8ves de Mar Lodj, nous sommes pass\u00e9s d\u2019une trentaine d\u2019\u00e9l\u00e8ves \u00e0 <span style=\"text-decoration: underline; color: #808000;\">1450 aujourd\u2019hui,<\/span> d\u2019une seule \u00e9cole \u00e0 classe unique \u00e0 cinq \u00e9coles \u00e9l\u00e9mentaires &#8211;<span style=\"color: #808000;\">38 classes- <\/span><\/span><\/strong><strong><span style=\"font-family: arial, helvetica, sans-serif;\">et deux \u00e9coles maternelles<\/span><\/strong><strong><span style=\"font-family: arial, helvetica, sans-serif;\"><span style=\"color: #808000;\"> -6 classes.<\/span><\/span><\/strong><\/span><\/li>\n<li><span style=\"color: #993300;\"><strong><span style=\"font-family: arial, helvetica, sans-serif;\">Depuis 6 ans, nous accompagnons, selon les ann\u00e9es, entre <span style=\"color: #808000;\">30 et 40 \u00e9l\u00e8ves<\/span> en formation professionnelle par an<\/span><\/strong>.<\/span><\/li>\n<li><span style=\"color: #993300;\"><strong><span style=\"font-family: arial, helvetica, sans-serif;\">Cette ann\u00e9e, nous avons achet\u00e9 des livres pour <span style=\"color: #808000;\">700 \u00e9l\u00e8ves<\/span> des deux \u00e9tablissements secondaires.<\/span><\/strong><\/span><\/li>\n<\/ul>\n<p><span style=\"color: #993300;\"><strong>T<span style=\"font-family: arial, helvetica, sans-serif;\">out cela nous vous le devons.<\/span><\/strong><\/span><\/p>\n<p><span style=\"color: #993300;\"><strong><span style=\"font-family: arial, helvetica, sans-serif;\">Bonne ann\u00e9e \u00e0 tous.<\/span><\/strong><\/span><\/p>\n<p><span style=\"color: #993300;\"><strong><span style=\"font-family: arial, helvetica, sans-serif;\">Pour le conseil d&rsquo;administration,<\/span><\/strong><\/span><\/p>\n<p><span style=\"color: #993300;\"><strong><span style=\"font-family: arial, helvetica, sans-serif;\">Jean-Claude Brossard<\/span><\/strong><\/span><\/p>\n\n\n\n<div class=\"wp-block-columns is-layout-flex wp-container-core-columns-is-layout-9d6595d7 wp-block-columns-is-layout-flex\">\n<div class=\"wp-block-column is-layout-flow wp-block-column-is-layout-flow\" style=\"flex-basis:100%\"><\/div>\n<\/div>\n\n\n\n\n","protected":false},"excerpt":{"rendered":"<p>Ch\u00e8res adh\u00e9rentes, chers adh\u00e9rents,\u00a0 L\u2019association vous pr\u00e9sente ses v\u0153ux de bonne ann\u00e9e 2026. En juillet, Donald Trump r\u00e9unissait cinq pr\u00e9sidents africains pour un \u00ab mini-sommet \u00bb \u00e9conomique qui ent\u00e9rinait la suppression de l&rsquo;aide humanitaire au profit du commerce, vantant \u00ab l\u2019\u00e9norme potentiel \u00e9conomique de l\u2019Afrique. \u00c0 long terme, cela sera bien plus efficace, durable et [&hellip;]<\/p>\n","protected":false},"author":2,"featured_media":0,"comment_status":"open","ping_status":"open","sticky":false,"template":"","format":"standard","meta":{"jetpack_post_was_ever_published":false,"_jetpack_newsletter_access":"","_jetpack_dont_email_post_to_subs":false,"_jetpack_newsletter_tier_id":0,"_jetpack_memberships_contains_paywalled_content":false,"_jetpack_memberships_contains_paid_content":false,"footnotes":""},"categories":[1],"tags":[],"class_list":["post-5135","post","type-post","status-publish","format-standard","hentry","category-non-classe"],"jetpack_featured_media_url":"","jetpack_sharing_enabled":true,"jetpack_shortlink":"https:\/\/wp.me\/p5o8j7-1kP","_links":{"self":[{"href":"http:\/\/www.unenfantuncartable17.fr\/index.php?rest_route=\/wp\/v2\/posts\/5135","targetHints":{"allow":["GET"]}}],"collection":[{"href":"http:\/\/www.unenfantuncartable17.fr\/index.php?rest_route=\/wp\/v2\/posts"}],"about":[{"href":"http:\/\/www.unenfantuncartable17.fr\/index.php?rest_route=\/wp\/v2\/types\/post"}],"author":[{"embeddable":true,"href":"http:\/\/www.unenfantuncartable17.fr\/index.php?rest_route=\/wp\/v2\/users\/2"}],"replies":[{"embeddable":true,"href":"http:\/\/www.unenfantuncartable17.fr\/index.php?rest_route=%2Fwp%2Fv2%2Fcomments&post=5135"}],"version-history":[{"count":17,"href":"http:\/\/www.unenfantuncartable17.fr\/index.php?rest_route=\/wp\/v2\/posts\/5135\/revisions"}],"predecessor-version":[{"id":5189,"href":"http:\/\/www.unenfantuncartable17.fr\/index.php?rest_route=\/wp\/v2\/posts\/5135\/revisions\/5189"}],"wp:attachment":[{"href":"http:\/\/www.unenfantuncartable17.fr\/index.php?rest_route=%2Fwp%2Fv2%2Fmedia&parent=5135"}],"wp:term":[{"taxonomy":"category","embeddable":true,"href":"http:\/\/www.unenfantuncartable17.fr\/index.php?rest_route=%2Fwp%2Fv2%2Fcategories&post=5135"},{"taxonomy":"post_tag","embeddable":true,"href":"http:\/\/www.unenfantuncartable17.fr\/index.php?rest_route=%2Fwp%2Fv2%2Ftags&post=5135"}],"curies":[{"name":"wp","href":"https:\/\/api.w.org\/{rel}","templated":true}]}}