{"id":4927,"date":"2025-10-08T10:50:57","date_gmt":"2025-10-08T09:50:57","guid":{"rendered":"http:\/\/www.unenfantuncartable17.fr\/?p=4927"},"modified":"2026-03-02T10:29:44","modified_gmt":"2026-03-02T09:29:44","slug":"cest-la-rentree-a-mar-lodj","status":"publish","type":"post","link":"http:\/\/www.unenfantuncartable17.fr\/?p=4927","title":{"rendered":"C&rsquo;est la rentr\u00e9e \u00e0 Mar Lodj !"},"content":{"rendered":"\n<p style=\"text-align: left;\"><span style=\"color: #993300; font-size: 14pt;\"><strong><span style=\"font-family: arial, helvetica, sans-serif;\">Le 6 octobre, c&rsquo;\u00e9tait la rentr\u00e9e scolaire au S\u00e9n\u00e9gal et notamment pour les sept \u00e9coles et les deux coll\u00e8ges de Mar Lodj. <span style=\"color: #808000;\">Soit 1200 \u00e9l\u00e8ves- 760 dans les \u00e9coles \u00e9l\u00e9mentaires et maternelles et 440 dans les deux coll\u00e8ges-<\/span>\u00a0pour lesquels l&rsquo;association a achet\u00e9 fournitures, livres et cartables. <span style=\"color: #808000;\">12.000 euros<\/span> investis chez des commer\u00e7ants locaux.<\/span><\/strong><\/span><\/p>\n<div id=\"attachment_4987\" style=\"width: 310px\" class=\"wp-caption alignleft\"><a href=\"http:\/\/www.unenfantuncartable17.fr\/wp-content\/uploads\/2025\/10\/3.jpg\"><img loading=\"lazy\" decoding=\"async\" aria-describedby=\"caption-attachment-4987\" class=\"size-medium wp-image-4987\" src=\"http:\/\/www.unenfantuncartable17.fr\/wp-content\/uploads\/2025\/10\/3-300x207.jpg\" alt=\"\" width=\"300\" height=\"207\" srcset=\"http:\/\/www.unenfantuncartable17.fr\/wp-content\/uploads\/2025\/10\/3-300x207.jpg 300w, http:\/\/www.unenfantuncartable17.fr\/wp-content\/uploads\/2025\/10\/3.jpg 472w\" sizes=\"auto, (max-width: 300px) 100vw, 300px\" \/><\/a><p id=\"caption-attachment-4987\" class=\"wp-caption-text\"><strong><em><span style=\"font-family: arial, helvetica, sans-serif; color: #993300;\">Quelques trousses&#8230;<\/span><\/em><\/strong><\/p><\/div>\n<div id=\"attachment_4989\" style=\"width: 310px\" class=\"wp-caption alignright\"><a href=\"http:\/\/www.unenfantuncartable17.fr\/wp-content\/uploads\/2025\/10\/4.jpg\"><img loading=\"lazy\" decoding=\"async\" aria-describedby=\"caption-attachment-4989\" class=\"size-medium wp-image-4989\" src=\"http:\/\/www.unenfantuncartable17.fr\/wp-content\/uploads\/2025\/10\/4-300x214.jpg\" alt=\"\" width=\"300\" height=\"214\" srcset=\"http:\/\/www.unenfantuncartable17.fr\/wp-content\/uploads\/2025\/10\/4-300x214.jpg 300w, http:\/\/www.unenfantuncartable17.fr\/wp-content\/uploads\/2025\/10\/4.jpg 685w\" sizes=\"auto, (max-width: 300px) 100vw, 300px\" \/><\/a><p id=\"caption-attachment-4989\" class=\"wp-caption-text\"><span style=\"color: #993300;\"><em><strong><span style=\"font-family: arial, helvetica, sans-serif;\">&#8230;et quelques sacs pour les nouveaux \u00e9l\u00e8ves<\/span><\/strong><\/em><\/span><\/p><\/div>\n<p>\u00a0<\/p>\n<p>\u00a0<\/p>\n<p>\u00a0<\/p>\n<p>\u00a0<\/p>\n<p>\u00a0<\/p>\n<p>\u00a0<\/p>\n<p>\u00a0<\/p>\n<p><span style=\"color: #993300; font-size: 14pt;\"><strong><span style=\"font-family: arial, helvetica, sans-serif;\">Aujourd&rsquo;hui, notre aide concerne sept classes maternelles, trente et une \u00e9l\u00e9mentaires. Depuis quelques ann\u00e9es, notre pr\u00e9sence s&rsquo;est renforc\u00e9e aupr\u00e8s des deux coll\u00e8ges et leurs 430 \u00e9l\u00e8ves (6\u00e8me\/ 3\u00e8me). <\/span><\/strong><\/span><\/p>\n<p><span style=\"color: #993300; font-size: 14pt;\"><strong><span style=\"font-family: arial, helvetica, sans-serif;\"><span style=\"color: #808000;\">L&rsquo;association r\u00e9pond ainsi aux besoins de l&rsquo;\u00e9ducation de base pour tous les \u00e9l\u00e8ves du secteur public.<\/span><\/span><\/strong><\/span><\/p>\n<p><span style=\"color: #993300; font-size: 14pt;\"><strong><span style=\"font-family: arial, helvetica, sans-serif;\">C&rsquo;\u00e9tait aussi la rentr\u00e9e au Centre de Formation Professionnelle (CFP) de Diofior, notre partenaire depuis 2019. En fin de 4\u00e8me ou de 3\u00e8me, les \u00e9l\u00e8ves des deux coll\u00e8ges qui le souhaitent peuvent trouver une perspective. Ils feront leur entr\u00e9e dans cet \u00e9tablissement public (en plus des \u00e9l\u00e8ves de 2\u00e8me et 3\u00e8me ann\u00e9e) pour y passer un CAP, un BEP ou un brevet de technicien (niveau bac pro). Les fili\u00e8res sont la restauration, l&rsquo;\u00e9lectricit\u00e9, la ma\u00e7onnerie, la plomberie et l&rsquo;horticulture\/maraichage. <span style=\"color: #808000;\">Vingt nouvelles places ont \u00e9t\u00e9 budg\u00e9t\u00e9es.<\/span><\/span><\/strong><\/span><\/p>\n<div id=\"attachment_4665\" style=\"width: 310px\" class=\"wp-caption alignleft\"><a href=\"http:\/\/www.unenfantuncartable17.fr\/wp-content\/uploads\/2024\/12\/cuisine7.jpg\"><img loading=\"lazy\" decoding=\"async\" aria-describedby=\"caption-attachment-4665\" class=\"size-medium wp-image-4665\" src=\"http:\/\/www.unenfantuncartable17.fr\/wp-content\/uploads\/2024\/12\/cuisine7-300x225.jpg\" alt=\"\" width=\"300\" height=\"225\" srcset=\"http:\/\/www.unenfantuncartable17.fr\/wp-content\/uploads\/2024\/12\/cuisine7-300x225.jpg 300w, http:\/\/www.unenfantuncartable17.fr\/wp-content\/uploads\/2024\/12\/cuisine7.jpg 512w\" sizes=\"auto, (max-width: 300px) 100vw, 300px\" \/><\/a><p id=\"caption-attachment-4665\" class=\"wp-caption-text\"><span style=\"color: #993300;\"><em><strong><span style=\"font-family: arial, helvetica, sans-serif;\">Pr\u00e9paration de repas pour les cuisiniers et cuisini\u00e8res<\/span><\/strong><\/em><\/span><\/p><\/div>\n<p><span style=\"color: #993300; font-size: 18pt;\"><strong><span style=\"font-family: arial, helvetica, sans-serif;\"><span style=\"color: #808000;\"><span style=\"font-size: 14pt;\">Pour cette action compl\u00e9mentaire, une somme de 7500 euros<\/span><\/span><span style=\"font-size: 14pt;\"> <span style=\"color: #808000;\">est pr\u00e9vue pour<\/span> <span style=\"color: #808000;\">cinquante \u00e9l\u00e8ves au total.<\/span> Notre engagement au CFP permet de payer les frais annuels d&rsquo;inscription, l&rsquo;outillage et la tenue de travail. Une aide de 150 euros par an permet aux \u00e9l\u00e8ves de l&rsquo;\u00eele (\u00e9loign\u00e9e du CFP qui n&rsquo;a pas d&rsquo;internat) de trouver un h\u00e9bergement \u00e0 Diofior.<\/span><\/span><\/strong><\/span><\/p>\n<p><span style=\"font-size: 14pt;\"><span style=\"text-decoration: underline; color: #808000;\"><strong><span style=\"font-family: arial, helvetica, sans-serif;\">En tout l&rsquo;association permet une scolarit\u00e9 \u00e0 1200 \u00e9l\u00e8ves de Mar Lodj\u00a0 <\/span><\/strong><\/span><span style=\"text-decoration: underline; color: #808000;\"><strong><span style=\"font-family: arial, helvetica, sans-serif;\">pour 19.500 euros.<\/span><\/strong><\/span><\/span><\/p>\n<p><span style=\"text-decoration: underline;\"><em><span style=\"color: #993300;\"><strong><span style=\"font-family: arial, helvetica, sans-serif;\">Voici quelques photos du transport en pirogue sur le fleuve, l&rsquo;arriv\u00e9e \u00e0 Mar Lodj, le d\u00e9barquement des fournitures, leur tri et les directeurs d&rsquo;\u00e9cole avec les fournisseurs.<\/span><\/strong><\/span><\/em><\/span><\/p>\n<p><a href=\"http:\/\/www.unenfantuncartable17.fr\/wp-content\/uploads\/2025\/10\/IMG-20251004-WA0004.jpg\"><img loading=\"lazy\" decoding=\"async\" class=\" wp-image-4940 alignright\" src=\"http:\/\/www.unenfantuncartable17.fr\/wp-content\/uploads\/2025\/10\/IMG-20251004-WA0004-300x225.jpg\" alt=\"\" width=\"319\" height=\"239\" srcset=\"http:\/\/www.unenfantuncartable17.fr\/wp-content\/uploads\/2025\/10\/IMG-20251004-WA0004-300x225.jpg 300w, http:\/\/www.unenfantuncartable17.fr\/wp-content\/uploads\/2025\/10\/IMG-20251004-WA0004-1024x768.jpg 1024w, http:\/\/www.unenfantuncartable17.fr\/wp-content\/uploads\/2025\/10\/IMG-20251004-WA0004-768x576.jpg 768w, http:\/\/www.unenfantuncartable17.fr\/wp-content\/uploads\/2025\/10\/IMG-20251004-WA0004.jpg 1080w\" sizes=\"auto, (max-width: 319px) 100vw, 319px\" \/><\/a><\/p>\n<div id=\"attachment_4939\" style=\"width: 324px\" class=\"wp-caption alignleft\"><a href=\"http:\/\/www.unenfantuncartable17.fr\/wp-content\/uploads\/2025\/10\/IMG-20251004-WA0002.jpg\"><img loading=\"lazy\" decoding=\"async\" aria-describedby=\"caption-attachment-4939\" class=\" wp-image-4939\" src=\"http:\/\/www.unenfantuncartable17.fr\/wp-content\/uploads\/2025\/10\/IMG-20251004-WA0002-300x225.jpg\" alt=\"\" width=\"314\" height=\"235\" srcset=\"http:\/\/www.unenfantuncartable17.fr\/wp-content\/uploads\/2025\/10\/IMG-20251004-WA0002-300x225.jpg 300w, http:\/\/www.unenfantuncartable17.fr\/wp-content\/uploads\/2025\/10\/IMG-20251004-WA0002-1024x768.jpg 1024w, http:\/\/www.unenfantuncartable17.fr\/wp-content\/uploads\/2025\/10\/IMG-20251004-WA0002-768x576.jpg 768w, http:\/\/www.unenfantuncartable17.fr\/wp-content\/uploads\/2025\/10\/IMG-20251004-WA0002.jpg 1080w\" sizes=\"auto, (max-width: 314px) 100vw, 314px\" \/><\/a><p id=\"caption-attachment-4939\" class=\"wp-caption-text\">\u00a0 \u00a0 \u00a0 \u00a0 \u00a0 \u00a0 \u00a0 \u00a0 \u00a0 \u00a0 \u00a0 \u00a0 \u00a0 \u00a0 \u00a0 \u00a0 \u00a0 \u00a0 \u00a0 \u00a0 \u00a0 \u00a0 \u00a0 \u00a0 \u00a0 \u00a0 \u00a0 \u00a0 \u00a0 \u00a0 \u00a0 \u00a0 \u00a0 \u00a0 \u00a0\u00a0<\/p><\/div>\n<p>\u00a0<\/p>\n<p>\u00a0<\/p>\n<p>\u00a0<\/p>\n<p>\u00a0<\/p>\n\n\n<div class=\"wp-block-image\">\n<figure class=\"alignright size-large is-resized\"><a href=\"http:\/\/www.unenfantuncartable17.fr\/wp-content\/uploads\/2025\/10\/IMG-20251004-WA0011-1.jpg\"><img loading=\"lazy\" decoding=\"async\" width=\"1024\" height=\"768\" src=\"http:\/\/www.unenfantuncartable17.fr\/wp-content\/uploads\/2025\/10\/IMG-20251004-WA0011-1-1024x768.jpg\" alt=\"\" class=\"wp-image-4944\" style=\"width:323px;height:243px\" srcset=\"http:\/\/www.unenfantuncartable17.fr\/wp-content\/uploads\/2025\/10\/IMG-20251004-WA0011-1-1024x768.jpg 1024w, http:\/\/www.unenfantuncartable17.fr\/wp-content\/uploads\/2025\/10\/IMG-20251004-WA0011-1-300x225.jpg 300w, http:\/\/www.unenfantuncartable17.fr\/wp-content\/uploads\/2025\/10\/IMG-20251004-WA0011-1-768x576.jpg 768w, http:\/\/www.unenfantuncartable17.fr\/wp-content\/uploads\/2025\/10\/IMG-20251004-WA0011-1.jpg 1080w\" sizes=\"auto, (max-width: 1024px) 100vw, 1024px\" \/><\/a><\/figure>\n<\/div>\n\n<div class=\"wp-block-image\">\n<figure class=\"alignleft size-large is-resized\"><a href=\"http:\/\/www.unenfantuncartable17.fr\/wp-content\/uploads\/2025\/10\/IMG-20251005-WA0003.jpg\"><img loading=\"lazy\" decoding=\"async\" width=\"768\" height=\"1024\" src=\"http:\/\/www.unenfantuncartable17.fr\/wp-content\/uploads\/2025\/10\/IMG-20251005-WA0003-768x1024.jpg\" alt=\"\" class=\"wp-image-4948\" style=\"width:321px;height:428px\" srcset=\"http:\/\/www.unenfantuncartable17.fr\/wp-content\/uploads\/2025\/10\/IMG-20251005-WA0003-768x1024.jpg 768w, http:\/\/www.unenfantuncartable17.fr\/wp-content\/uploads\/2025\/10\/IMG-20251005-WA0003-225x300.jpg 225w, http:\/\/www.unenfantuncartable17.fr\/wp-content\/uploads\/2025\/10\/IMG-20251005-WA0003.jpg 810w\" sizes=\"auto, (max-width: 768px) 100vw, 768px\" \/><\/a><\/figure>\n<\/div>\n\n\n<figure class=\"wp-block-image size-full\"><a href=\"http:\/\/www.unenfantuncartable17.fr\/wp-content\/uploads\/2025\/10\/2.jpg\"><img loading=\"lazy\" decoding=\"async\" width=\"960\" height=\"539\" src=\"http:\/\/www.unenfantuncartable17.fr\/wp-content\/uploads\/2025\/10\/2.jpg\" alt=\"\" class=\"wp-image-4975\" srcset=\"http:\/\/www.unenfantuncartable17.fr\/wp-content\/uploads\/2025\/10\/2.jpg 960w, http:\/\/www.unenfantuncartable17.fr\/wp-content\/uploads\/2025\/10\/2-300x168.jpg 300w, http:\/\/www.unenfantuncartable17.fr\/wp-content\/uploads\/2025\/10\/2-768x431.jpg 768w\" sizes=\"auto, (max-width: 960px) 100vw, 960px\" \/><\/a><\/figure>\n","protected":false},"excerpt":{"rendered":"<p>Le 6 octobre, c&rsquo;\u00e9tait la rentr\u00e9e scolaire au S\u00e9n\u00e9gal et notamment pour les sept \u00e9coles et les deux coll\u00e8ges de Mar Lodj. Soit 1200 \u00e9l\u00e8ves- 760 dans les \u00e9coles \u00e9l\u00e9mentaires et maternelles et 440 dans les deux coll\u00e8ges-\u00a0pour lesquels l&rsquo;association a achet\u00e9 fournitures, livres et cartables. 12.000 euros investis chez des commer\u00e7ants locaux. \u00a0 \u00a0 [&hellip;]<\/p>\n","protected":false},"author":2,"featured_media":0,"comment_status":"open","ping_status":"open","sticky":false,"template":"","format":"standard","meta":{"jetpack_post_was_ever_published":false,"_jetpack_newsletter_access":"","_jetpack_dont_email_post_to_subs":false,"_jetpack_newsletter_tier_id":0,"_jetpack_memberships_contains_paywalled_content":false,"_jetpack_memberships_contains_paid_content":false,"footnotes":""},"categories":[1],"tags":[],"class_list":["post-4927","post","type-post","status-publish","format-standard","hentry","category-non-classe"],"jetpack_featured_media_url":"","jetpack_sharing_enabled":true,"jetpack_shortlink":"https:\/\/wp.me\/p5o8j7-1ht","_links":{"self":[{"href":"http:\/\/www.unenfantuncartable17.fr\/index.php?rest_route=\/wp\/v2\/posts\/4927","targetHints":{"allow":["GET"]}}],"collection":[{"href":"http:\/\/www.unenfantuncartable17.fr\/index.php?rest_route=\/wp\/v2\/posts"}],"about":[{"href":"http:\/\/www.unenfantuncartable17.fr\/index.php?rest_route=\/wp\/v2\/types\/post"}],"author":[{"embeddable":true,"href":"http:\/\/www.unenfantuncartable17.fr\/index.php?rest_route=\/wp\/v2\/users\/2"}],"replies":[{"embeddable":true,"href":"http:\/\/www.unenfantuncartable17.fr\/index.php?rest_route=%2Fwp%2Fv2%2Fcomments&post=4927"}],"version-history":[{"count":76,"href":"http:\/\/www.unenfantuncartable17.fr\/index.php?rest_route=\/wp\/v2\/posts\/4927\/revisions"}],"predecessor-version":[{"id":5200,"href":"http:\/\/www.unenfantuncartable17.fr\/index.php?rest_route=\/wp\/v2\/posts\/4927\/revisions\/5200"}],"wp:attachment":[{"href":"http:\/\/www.unenfantuncartable17.fr\/index.php?rest_route=%2Fwp%2Fv2%2Fmedia&parent=4927"}],"wp:term":[{"taxonomy":"category","embeddable":true,"href":"http:\/\/www.unenfantuncartable17.fr\/index.php?rest_route=%2Fwp%2Fv2%2Fcategories&post=4927"},{"taxonomy":"post_tag","embeddable":true,"href":"http:\/\/www.unenfantuncartable17.fr\/index.php?rest_route=%2Fwp%2Fv2%2Ftags&post=4927"}],"curies":[{"name":"wp","href":"https:\/\/api.w.org\/{rel}","templated":true}]}}