{"id":4860,"date":"2025-07-31T10:06:10","date_gmt":"2025-07-31T09:06:10","guid":{"rendered":"http:\/\/www.unenfantuncartable17.fr\/?p=4860"},"modified":"2025-07-31T10:25:53","modified_gmt":"2025-07-31T09:25:53","slug":"commandes-de-rentree-et-resultats-aux-examens","status":"publish","type":"post","link":"http:\/\/www.unenfantuncartable17.fr\/?p=4860","title":{"rendered":"Commandes de rentr\u00e9e et r\u00e9sultats aux examens"},"content":{"rendered":"\n<p><span style=\"color: #993300; font-family: 'arial black', sans-serif;\">Apr\u00e8s les courses solidaires qui ont permis de r\u00e9colter 18.700 euros, les commandes -livres, fournitures d&rsquo;\u00e9l\u00e8ves et de classes et cartables- ont \u00e9t\u00e9 pass\u00e9es et pourront \u00eatre livr\u00e9es d\u00e9but octobre. Voici leurs montants :<\/span><\/p>\n<p><span style=\"font-family: 'arial black', sans-serif; color: #808000;\">Sacs et trousses: 823 \u20ac<a href=\"http:\/\/www.unenfantuncartable17.fr\/wp-content\/uploads\/2022\/10\/IMG-20221001-WA0040.jpg\"><img loading=\"lazy\" decoding=\"async\" class=\"alignleft size-medium wp-image-3842\" src=\"http:\/\/www.unenfantuncartable17.fr\/wp-content\/uploads\/2022\/10\/IMG-20221001-WA0040-225x300.jpg\" alt=\"\" width=\"225\" height=\"300\" srcset=\"http:\/\/www.unenfantuncartable17.fr\/wp-content\/uploads\/2022\/10\/IMG-20221001-WA0040-225x300.jpg 225w, http:\/\/www.unenfantuncartable17.fr\/wp-content\/uploads\/2022\/10\/IMG-20221001-WA0040-768x1024.jpg 768w, http:\/\/www.unenfantuncartable17.fr\/wp-content\/uploads\/2022\/10\/IMG-20221001-WA0040.jpg 780w\" sizes=\"auto, (max-width: 225px) 100vw, 225px\" \/><\/a><\/span><\/p>\n<p><span style=\"color: #808000; font-family: 'arial black', sans-serif;\">Livres : 3820 \u20ac<\/span><\/p>\n<p><span style=\"font-family: 'arial black', sans-serif; color: #808000;\">Fournitures \u00e9l\u00e8ves\/classes (\u00e9l\u00e9mentaires et maternelles) : 6537 \u20ac<\/span><\/p>\n<p><span style=\"color: #808000; font-family: 'arial black', sans-serif;\">Coll\u00e8ge\/lyc\u00e9e : 500 \u20ac<\/span>\u00a0<\/p>\n<p>\u00a0<\/p>\n<p>\u00a0<\/p>\n<p>\u00a0<\/p>\n<p><span style=\"font-family: 'arial black', sans-serif; color: #993300;\">La prise en charge des nouveaux \u00e9l\u00e8ves au CFP (une trentaine de plus) ne sera connue que vers le 20 septembre. <strong><span style=\"color: #808000;\">Co\u00fbt estim\u00e9 avec les \u00e9l\u00e8ves en deuxi\u00e8me et troisi\u00e8me ann\u00e9es : 7500 euros.<\/span><\/strong><\/span><\/p>\n<p><a href=\"http:\/\/www.unenfantuncartable17.fr\/wp-content\/uploads\/2024\/12\/electriciiens.jpg\"><img loading=\"lazy\" decoding=\"async\" class=\"alignleft size-medium wp-image-4651\" src=\"http:\/\/www.unenfantuncartable17.fr\/wp-content\/uploads\/2024\/12\/electriciiens-225x300.jpg\" alt=\"\" width=\"225\" height=\"300\" srcset=\"http:\/\/www.unenfantuncartable17.fr\/wp-content\/uploads\/2024\/12\/electriciiens-225x300.jpg 225w, http:\/\/www.unenfantuncartable17.fr\/wp-content\/uploads\/2024\/12\/electriciiens.jpg 526w\" sizes=\"auto, (max-width: 225px) 100vw, 225px\" \/><\/a><\/p>\n<p><span style=\"font-family: 'arial black', sans-serif; color: #993300;\">Nous avons re\u00e7u les r\u00e9sultats des examens en fin de CM2 (Certificat de fin d&rsquo;\u00e9tudes \u00e9l\u00e9mentaires et passage en 6\u00e8me) pour lesquels nous finan\u00e7ons le renforcement<strong> <span style=\"color: #808000;\">(700 euros). Le taux global de r\u00e9ussite atteint 60 % mais varie de 35 \u00e0 95 % selon les \u00e9coles. Soit 56 re\u00e7us pour 94 candidats de quatre \u00e9coles. La cinqui\u00e8me (Wandi\u00e9) n&rsquo;avait pas de candidats cette ann\u00e9e.<\/span><\/strong><\/span><\/p>\n<p><span style=\"font-family: 'arial black', sans-serif; color: #993300;\">Les r\u00e9sultats des \u00e9l\u00e8ves du CFP (CAP\/ BEP\/ BT) que nous accompagnons, seront connus d&rsquo;ici quelques semaines.<\/span><\/p>\n<p>\u00a0<\/p>\n","protected":false},"excerpt":{"rendered":"<p>Apr\u00e8s les courses solidaires qui ont permis de r\u00e9colter 18.700 euros, les commandes -livres, fournitures d&rsquo;\u00e9l\u00e8ves et de classes et cartables- ont \u00e9t\u00e9 pass\u00e9es et pourront \u00eatre livr\u00e9es d\u00e9but octobre. Voici leurs montants : Sacs et trousses: 823 \u20ac Livres : 3820 \u20ac Fournitures \u00e9l\u00e8ves\/classes (\u00e9l\u00e9mentaires et maternelles) : 6537 \u20ac Coll\u00e8ge\/lyc\u00e9e : 500 \u20ac\u00a0 [&hellip;]<\/p>\n","protected":false},"author":2,"featured_media":0,"comment_status":"open","ping_status":"open","sticky":false,"template":"","format":"standard","meta":{"jetpack_post_was_ever_published":false,"_jetpack_newsletter_access":"","_jetpack_dont_email_post_to_subs":false,"_jetpack_newsletter_tier_id":0,"_jetpack_memberships_contains_paywalled_content":false,"_jetpack_memberships_contains_paid_content":false,"footnotes":""},"categories":[1],"tags":[],"class_list":["post-4860","post","type-post","status-publish","format-standard","hentry","category-non-classe"],"jetpack_featured_media_url":"","jetpack_sharing_enabled":true,"jetpack_shortlink":"https:\/\/wp.me\/p5o8j7-1go","_links":{"self":[{"href":"http:\/\/www.unenfantuncartable17.fr\/index.php?rest_route=\/wp\/v2\/posts\/4860","targetHints":{"allow":["GET"]}}],"collection":[{"href":"http:\/\/www.unenfantuncartable17.fr\/index.php?rest_route=\/wp\/v2\/posts"}],"about":[{"href":"http:\/\/www.unenfantuncartable17.fr\/index.php?rest_route=\/wp\/v2\/types\/post"}],"author":[{"embeddable":true,"href":"http:\/\/www.unenfantuncartable17.fr\/index.php?rest_route=\/wp\/v2\/users\/2"}],"replies":[{"embeddable":true,"href":"http:\/\/www.unenfantuncartable17.fr\/index.php?rest_route=%2Fwp%2Fv2%2Fcomments&post=4860"}],"version-history":[{"count":23,"href":"http:\/\/www.unenfantuncartable17.fr\/index.php?rest_route=\/wp\/v2\/posts\/4860\/revisions"}],"predecessor-version":[{"id":4887,"href":"http:\/\/www.unenfantuncartable17.fr\/index.php?rest_route=\/wp\/v2\/posts\/4860\/revisions\/4887"}],"wp:attachment":[{"href":"http:\/\/www.unenfantuncartable17.fr\/index.php?rest_route=%2Fwp%2Fv2%2Fmedia&parent=4860"}],"wp:term":[{"taxonomy":"category","embeddable":true,"href":"http:\/\/www.unenfantuncartable17.fr\/index.php?rest_route=%2Fwp%2Fv2%2Fcategories&post=4860"},{"taxonomy":"post_tag","embeddable":true,"href":"http:\/\/www.unenfantuncartable17.fr\/index.php?rest_route=%2Fwp%2Fv2%2Ftags&post=4860"}],"curies":[{"name":"wp","href":"https:\/\/api.w.org\/{rel}","templated":true}]}}