{"id":4770,"date":"2025-07-03T13:09:05","date_gmt":"2025-07-03T12:09:05","guid":{"rendered":"http:\/\/www.unenfantuncartable17.fr\/?p=4770"},"modified":"2025-07-15T19:09:00","modified_gmt":"2025-07-15T18:09:00","slug":"les-eleves-charentais-solidaires","status":"publish","type":"post","link":"http:\/\/www.unenfantuncartable17.fr\/?p=4770","title":{"rendered":"Les \u00e9l\u00e8ves charentais solidaires"},"content":{"rendered":"\n<p>\u00a0<\/p>\n<div id=\"attachment_4828\" style=\"width: 336px\" class=\"wp-caption alignright\"><a href=\"http:\/\/www.unenfantuncartable17.fr\/wp-content\/uploads\/2025\/06\/Laleu33.jpg\"><img loading=\"lazy\" decoding=\"async\" aria-describedby=\"caption-attachment-4828\" class=\" wp-image-4828\" src=\"http:\/\/www.unenfantuncartable17.fr\/wp-content\/uploads\/2025\/06\/Laleu33-300x200.jpg\" alt=\"\" width=\"326\" height=\"217\" srcset=\"http:\/\/www.unenfantuncartable17.fr\/wp-content\/uploads\/2025\/06\/Laleu33-300x200.jpg 300w, http:\/\/www.unenfantuncartable17.fr\/wp-content\/uploads\/2025\/06\/Laleu33-768x512.jpg 768w, http:\/\/www.unenfantuncartable17.fr\/wp-content\/uploads\/2025\/06\/Laleu33.jpg 1024w\" sizes=\"auto, (max-width: 326px) 100vw, 326px\" \/><\/a><p id=\"caption-attachment-4828\" class=\"wp-caption-text\"><span style=\"color: #993300;\"><em><span style=\"font-family: arial, helvetica, sans-serif;\">Marie Marvingt<\/span><\/em><\/span><\/p><\/div>\n<div id=\"attachment_4834\" style=\"width: 310px\" class=\"wp-caption alignleft\"><a href=\"http:\/\/www.unenfantuncartable17.fr\/wp-content\/uploads\/2025\/06\/puil10.jpg\"><img loading=\"lazy\" decoding=\"async\" aria-describedby=\"caption-attachment-4834\" class=\"size-medium wp-image-4834\" src=\"http:\/\/www.unenfantuncartable17.fr\/wp-content\/uploads\/2025\/06\/puil10-300x225.jpg\" alt=\"\" width=\"300\" height=\"225\" srcset=\"http:\/\/www.unenfantuncartable17.fr\/wp-content\/uploads\/2025\/06\/puil10-300x225.jpg 300w, http:\/\/www.unenfantuncartable17.fr\/wp-content\/uploads\/2025\/06\/puil10-1024x768.jpg 1024w, http:\/\/www.unenfantuncartable17.fr\/wp-content\/uploads\/2025\/06\/puil10-768x576.jpg 768w, http:\/\/www.unenfantuncartable17.fr\/wp-content\/uploads\/2025\/06\/puil10.jpg 1152w\" sizes=\"auto, (max-width: 300px) 100vw, 300px\" \/><\/a><p id=\"caption-attachment-4834\" class=\"wp-caption-text\"><span style=\"color: #993300;\"><em><span style=\"font-family: arial, helvetica, sans-serif;\">Puilboreau<\/span><\/em><\/span><\/p><\/div>\n<p>\u00a0<\/p>\n<p>\u00a0<\/p>\n<p>\u00a0<\/p>\n<p>\u00a0<\/p>\n<p>\u00a0<\/p>\n<p>\u00a0<\/p>\n<p>\u00a0<\/p>\n<p><span style=\"font-family: 'arial black', sans-serif; color: #993300;\">Entre avril et juin, <span style=\"text-decoration: underline;\"><strong><span style=\"color: #808000; text-decoration: underline;\">1580 \u00e9l\u00e8ves<\/span><\/strong><\/span> venant de<strong><span style=\"text-decoration: underline;\"><span style=\"color: #808000; text-decoration: underline;\"> huit \u00e9coles <\/span><\/span><\/strong>\u00e9l\u00e9mentaires ont particip\u00e9 \u00e0 des ateliers et couru pour les \u00e9l\u00e8ves de l&rsquo;\u00eele de Mar Lodj.<\/span><\/p>\n<p><span style=\"font-family: 'arial black', sans-serif; color: #993300;\">L&rsquo;association a sensibilis\u00e9 ces \u00e9l\u00e8ves \u00e0 la solidarit\u00e9, gr\u00e2ce \u00e0 l&rsquo;engagement des directeurs et des enseignants des \u00e9coles \u00e9l\u00e9mentaires de La Rochelle (Marie Marvingt, Simone Veil) Marsilly (Jean Ferrat), Lagord (Le Treuil des Filles), Puilboreau (Jack Proust) Nieul sur Mer (Chobelet et Devaud), Surg\u00e8res (Jules Ferry), Aulnay de Saintonge (Bernadette Guillard).<\/span><\/p>\n<div id=\"attachment_4803\" style=\"width: 359px\" class=\"wp-caption aligncenter\"><a href=\"http:\/\/www.unenfantuncartable17.fr\/wp-content\/uploads\/2025\/06\/lagord5.jpg\"><img loading=\"lazy\" decoding=\"async\" aria-describedby=\"caption-attachment-4803\" class=\" wp-image-4803\" src=\"http:\/\/www.unenfantuncartable17.fr\/wp-content\/uploads\/2025\/06\/lagord5-300x225.jpg\" alt=\"\" width=\"349\" height=\"262\" srcset=\"http:\/\/www.unenfantuncartable17.fr\/wp-content\/uploads\/2025\/06\/lagord5-300x225.jpg 300w, http:\/\/www.unenfantuncartable17.fr\/wp-content\/uploads\/2025\/06\/lagord5-1024x768.jpg 1024w, http:\/\/www.unenfantuncartable17.fr\/wp-content\/uploads\/2025\/06\/lagord5-768x576.jpg 768w, http:\/\/www.unenfantuncartable17.fr\/wp-content\/uploads\/2025\/06\/lagord5.jpg 1152w\" sizes=\"auto, (max-width: 349px) 100vw, 349px\" \/><\/a><p id=\"caption-attachment-4803\" class=\"wp-caption-text\"><span style=\"color: #993300;\"><em><span style=\"font-family: arial, helvetica, sans-serif;\">Lagord<\/span><\/em><\/span><\/p><\/div>\n<p><span style=\"font-family: 'arial black', sans-serif; color: #993300;\">\u00a0<\/span><span style=\"font-family: 'arial black', sans-serif; color: #993300;\">Une neuvi\u00e8me \u00e9cole (La Flotte en R\u00e9) se joindra \u00e0 ces derni\u00e8res \u00e0 l&rsquo;automne avec ses 120 \u00e9l\u00e8ves. <\/span><\/p>\n<p><span style=\"font-family: 'arial black', sans-serif; color: #993300;\"><span style=\"text-decoration: underline;\"><strong><span style=\"color: #808000; text-decoration: underline;\">1700 au total !<\/span><\/strong><\/span><\/span><\/p>\n<div id=\"attachment_4838\" style=\"width: 420px\" class=\"wp-caption alignleft\"><a href=\"http:\/\/www.unenfantuncartable17.fr\/wp-content\/uploads\/2025\/06\/aulnay-articlebasse-def.jpg\"><img loading=\"lazy\" decoding=\"async\" aria-describedby=\"caption-attachment-4838\" class=\" wp-image-4838\" src=\"http:\/\/www.unenfantuncartable17.fr\/wp-content\/uploads\/2025\/06\/aulnay-articlebasse-def-215x300.jpg\" alt=\"\" width=\"410\" height=\"572\" srcset=\"http:\/\/www.unenfantuncartable17.fr\/wp-content\/uploads\/2025\/06\/aulnay-articlebasse-def-215x300.jpg 215w, http:\/\/www.unenfantuncartable17.fr\/wp-content\/uploads\/2025\/06\/aulnay-articlebasse-def.jpg 550w\" sizes=\"auto, (max-width: 410px) 100vw, 410px\" \/><\/a><p id=\"caption-attachment-4838\" class=\"wp-caption-text\"><span style=\"color: #993300;\"><em><span style=\"font-family: arial, helvetica, sans-serif;\">L<\/span><\/em><em><span style=\"font-family: arial, helvetica, sans-serif;\">&lsquo;association dans l&rsquo;Ang\u00e9rien Libre\u00a0 \u00a0 \u00a0 \u00a0 \u00a0 \u00a0 \u00a0 \u00a0 \u00a0 \u00a0 \u00a0\u00a0<\/span><\/em><\/span><\/p><\/div>\n<p>\u00a0<\/p>\n<p style=\"text-align: right;\">\u00a0<\/p>\n<p>\u00a0<\/p>\n<p>\u00a0<\/p>\n<p>\u00a0<\/p>\n<p>\u00a0<\/p>\n<p>\u00a0<\/p>\n<p>\u00a0<\/p>\n<p>\u00a0<\/p>\n<p>\u00a0<\/p>\n<p>\u00a0<\/p>\n<p>\u00a0<\/p>\n<p>\u00a0<\/p>\n<p>\u00a0<\/p>\n<p>\u00a0<\/p>\n<p>\u00a0<\/p>\n<p><span style=\"font-family: 'arial black', sans-serif; color: #993300;\">Pour d\u00e9buter ce cycle, l&rsquo;association a anim\u00e9 des ateliers en classe, en diffusant des diaporamas illustrant la vie dans les \u00e9coles de Mar Lodj.<strong><span style=\"color: #808000;\"> L&rsquo;occasion \u00e9tait ainsi donn\u00e9e de d\u00e9couvrir une culture et des conditions de vie tr\u00e8s diff\u00e9rentes.<\/span><\/strong><\/span><\/p>\n<div id=\"attachment_4804\" style=\"width: 402px\" class=\"wp-caption aligncenter\"><a href=\"http:\/\/www.unenfantuncartable17.fr\/wp-content\/uploads\/2025\/06\/sveil-6.jpg\"><img loading=\"lazy\" decoding=\"async\" aria-describedby=\"caption-attachment-4804\" class=\" wp-image-4804\" src=\"http:\/\/www.unenfantuncartable17.fr\/wp-content\/uploads\/2025\/06\/sveil-6-300x225.jpg\" alt=\"\" width=\"392\" height=\"294\" srcset=\"http:\/\/www.unenfantuncartable17.fr\/wp-content\/uploads\/2025\/06\/sveil-6-300x225.jpg 300w, http:\/\/www.unenfantuncartable17.fr\/wp-content\/uploads\/2025\/06\/sveil-6-1024x768.jpg 1024w, http:\/\/www.unenfantuncartable17.fr\/wp-content\/uploads\/2025\/06\/sveil-6-768x576.jpg 768w, http:\/\/www.unenfantuncartable17.fr\/wp-content\/uploads\/2025\/06\/sveil-6.jpg 1152w\" sizes=\"auto, (max-width: 392px) 100vw, 392px\" \/><\/a><p id=\"caption-attachment-4804\" class=\"wp-caption-text\"><span style=\"color: #993300;\"><em><span style=\"font-family: arial, helvetica, sans-serif;\">Simone Veil<\/span><\/em><\/span><\/p><\/div>\n<p><span style=\"font-family: 'arial black', sans-serif; color: #993300;\"><strong><span style=\"color: #808000;\">\u00a0<\/span><\/strong><\/span><span style=\"font-family: 'arial black', sans-serif; color: #993300;\">Puis, comme depuis 8 ans <strong><span style=\"color: #808000;\">(Marie Marvingt fut la premi\u00e8re \u00e9cole en 2017)<\/span><\/strong> les \u00e9l\u00e8ves ont particip\u00e9 \u00e0 une course encadr\u00e9e par les enseignants, o\u00f9 la seule consigne \u00e9tait de tenir de six \u00e0 quatorze minutes selon leurs \u00e2ges. Les parents, familles, voisins ont \u00e9t\u00e9 sollicit\u00e9s \u00e0 cette occasion pour un don d&rsquo;un montant libre.<\/span><\/p>\n<div id=\"attachment_4805\" style=\"width: 402px\" class=\"wp-caption aligncenter\"><a href=\"http:\/\/www.unenfantuncartable17.fr\/wp-content\/uploads\/2025\/06\/surgeres4.jpg\"><img loading=\"lazy\" decoding=\"async\" aria-describedby=\"caption-attachment-4805\" class=\" wp-image-4805\" src=\"http:\/\/www.unenfantuncartable17.fr\/wp-content\/uploads\/2025\/06\/surgeres4-300x225.jpg\" alt=\"\" width=\"392\" height=\"294\" srcset=\"http:\/\/www.unenfantuncartable17.fr\/wp-content\/uploads\/2025\/06\/surgeres4-300x225.jpg 300w, http:\/\/www.unenfantuncartable17.fr\/wp-content\/uploads\/2025\/06\/surgeres4-1024x768.jpg 1024w, http:\/\/www.unenfantuncartable17.fr\/wp-content\/uploads\/2025\/06\/surgeres4-768x576.jpg 768w, http:\/\/www.unenfantuncartable17.fr\/wp-content\/uploads\/2025\/06\/surgeres4.jpg 1152w\" sizes=\"auto, (max-width: 392px) 100vw, 392px\" \/><\/a><p id=\"caption-attachment-4805\" class=\"wp-caption-text\"><span style=\"color: #993300;\"><em><span style=\"font-family: arial, helvetica, sans-serif;\">Surg\u00e8res<\/span><\/em><\/span><\/p><\/div>\n<p><span style=\"font-family: 'arial black', sans-serif; color: #993300;\">Des parrainages qui, remis \u00e0 l&rsquo;association, permettront d&rsquo;acheter les fournitures et les livres n\u00e9cessaires pour la prochaine rentr\u00e9e scolaire. La grande g\u00e9n\u00e9rosit\u00e9 de tous a permis de collecter <\/span><span style=\"text-decoration: underline;\"><span style=\"font-family: 'arial black', sans-serif; color: #808000; text-decoration: underline;\">18.700 <\/span><span style=\"font-family: 'arial black', sans-serif; color: #993300; text-decoration: underline;\"><span style=\"color: #808000; text-decoration: underline;\"><strong>euros<\/strong>.<\/span><\/span><\/span><\/p>\n<div id=\"attachment_4806\" style=\"width: 407px\" class=\"wp-caption aligncenter\"><a href=\"http:\/\/www.unenfantuncartable17.fr\/wp-content\/uploads\/2025\/06\/aulnay1-2.jpg\"><img loading=\"lazy\" decoding=\"async\" aria-describedby=\"caption-attachment-4806\" class=\" wp-image-4806\" src=\"http:\/\/www.unenfantuncartable17.fr\/wp-content\/uploads\/2025\/06\/aulnay1-2-300x155.jpg\" alt=\"\" width=\"397\" height=\"205\" srcset=\"http:\/\/www.unenfantuncartable17.fr\/wp-content\/uploads\/2025\/06\/aulnay1-2-300x155.jpg 300w, http:\/\/www.unenfantuncartable17.fr\/wp-content\/uploads\/2025\/06\/aulnay1-2.jpg 599w\" sizes=\"auto, (max-width: 397px) 100vw, 397px\" \/><\/a><p id=\"caption-attachment-4806\" class=\"wp-caption-text\"><span style=\"color: #993300;\"><em><span style=\"font-family: arial, helvetica, sans-serif;\">Aulnay de Saintonge<\/span><\/em><\/span><\/p><\/div>\n<p><span style=\"font-family: 'arial black', sans-serif; color: #993300;\"><span style=\"text-decoration: underline;\"><strong><span style=\"color: #808000; text-decoration: underline;\">760 \u00e9l\u00e8ves<\/span><\/strong><\/span> de Mar Lodj pourront ainsi \u00e9tudier durant un an, comme une quarantaine du CFP de Diofior dans les diff\u00e9rentes sp\u00e9cialit\u00e9s. Un tr\u00e8s grand merci \u00e0 tous, \u00e9l\u00e8ves, parents et enseignants. <span style=\"text-decoration: underline;\"><strong><span style=\"font-family: 'arial black', sans-serif; color: #993300; text-decoration: underline;\"><span style=\"color: #808000; text-decoration: underline;\">Le<\/span><\/span><span style=\"font-family: 'arial black', sans-serif; color: #993300; text-decoration: underline;\"><span style=\"color: #808000; text-decoration: underline;\"> d\u00e9tail des commandes livr\u00e9es en octobre sera prochainement communiqu\u00e9.<\/span><\/span><\/strong><\/span><\/span><\/p>\n<div id=\"attachment_4807\" style=\"width: 397px\" class=\"wp-caption alignleft\"><a href=\"http:\/\/www.unenfantuncartable17.fr\/wp-content\/uploads\/2025\/06\/nieul10-2025.jpg\"><img loading=\"lazy\" decoding=\"async\" aria-describedby=\"caption-attachment-4807\" class=\" wp-image-4807\" src=\"http:\/\/www.unenfantuncartable17.fr\/wp-content\/uploads\/2025\/06\/nieul10-2025-300x225.jpg\" alt=\"\" width=\"387\" height=\"290\" srcset=\"http:\/\/www.unenfantuncartable17.fr\/wp-content\/uploads\/2025\/06\/nieul10-2025-300x225.jpg 300w, http:\/\/www.unenfantuncartable17.fr\/wp-content\/uploads\/2025\/06\/nieul10-2025-1024x768.jpg 1024w, http:\/\/www.unenfantuncartable17.fr\/wp-content\/uploads\/2025\/06\/nieul10-2025-768x576.jpg 768w, http:\/\/www.unenfantuncartable17.fr\/wp-content\/uploads\/2025\/06\/nieul10-2025.jpg 1152w\" sizes=\"auto, (max-width: 387px) 100vw, 387px\" \/><\/a><p id=\"caption-attachment-4807\" class=\"wp-caption-text\"><span style=\"color: #993300;\"><em><span style=\"font-family: arial, helvetica, sans-serif;\">Nieul\/Mer<\/span><\/em><\/span><\/p><\/div>\n<div id=\"attachment_4844\" style=\"width: 397px\" class=\"wp-caption alignright\"><a href=\"http:\/\/www.unenfantuncartable17.fr\/wp-content\/uploads\/2025\/06\/marsilly5.jpg\"><img loading=\"lazy\" decoding=\"async\" aria-describedby=\"caption-attachment-4844\" class=\" wp-image-4844\" src=\"http:\/\/www.unenfantuncartable17.fr\/wp-content\/uploads\/2025\/06\/marsilly5-300x225.jpg\" alt=\"\" width=\"387\" height=\"290\" srcset=\"http:\/\/www.unenfantuncartable17.fr\/wp-content\/uploads\/2025\/06\/marsilly5-300x225.jpg 300w, http:\/\/www.unenfantuncartable17.fr\/wp-content\/uploads\/2025\/06\/marsilly5-1024x768.jpg 1024w, http:\/\/www.unenfantuncartable17.fr\/wp-content\/uploads\/2025\/06\/marsilly5-768x576.jpg 768w, http:\/\/www.unenfantuncartable17.fr\/wp-content\/uploads\/2025\/06\/marsilly5.jpg 1152w\" sizes=\"auto, (max-width: 387px) 100vw, 387px\" \/><\/a><p id=\"caption-attachment-4844\" class=\"wp-caption-text\"><span style=\"color: #993300;\"><em><span style=\"font-family: arial, helvetica, sans-serif;\">Marsilly<\/span><\/em><\/span><\/p><\/div>\n<p>\u00a0<\/p>\n<p>\u00a0<\/p>\n<p>\u00a0<\/p>\n<p>\u00a0<\/p>\n<p>\u00a0<\/p>\n<p>\u00a0<\/p>\n<p>\u00a0<\/p>\n<p>\u00a0<\/p>\n<p>\u00a0<\/p>\n<p><span style=\"text-decoration: underline;\"><em><span style=\"color: #993300; font-family: 'arial black', sans-serif; text-decoration: underline;\">Certains \u00e9l\u00e8ves sont de dos, en raison du droit \u00e0 l&rsquo;image<\/span><\/em><\/span><\/p>\n\n\n\n\n\n\n","protected":false},"excerpt":{"rendered":"<p>\u00a0 \u00a0 \u00a0 \u00a0 \u00a0 \u00a0 \u00a0 \u00a0 Entre avril et juin, 1580 \u00e9l\u00e8ves venant de huit \u00e9coles \u00e9l\u00e9mentaires ont particip\u00e9 \u00e0 des ateliers et couru pour les \u00e9l\u00e8ves de l&rsquo;\u00eele de Mar Lodj. L&rsquo;association a sensibilis\u00e9 ces \u00e9l\u00e8ves \u00e0 la solidarit\u00e9, gr\u00e2ce \u00e0 l&rsquo;engagement des directeurs et des enseignants des \u00e9coles \u00e9l\u00e9mentaires de La [&hellip;]<\/p>\n","protected":false},"author":2,"featured_media":0,"comment_status":"open","ping_status":"open","sticky":false,"template":"","format":"standard","meta":{"jetpack_post_was_ever_published":false,"_jetpack_newsletter_access":"","_jetpack_dont_email_post_to_subs":false,"_jetpack_newsletter_tier_id":0,"_jetpack_memberships_contains_paywalled_content":false,"_jetpack_memberships_contains_paid_content":false,"footnotes":""},"categories":[1],"tags":[],"class_list":["post-4770","post","type-post","status-publish","format-standard","hentry","category-non-classe"],"jetpack_featured_media_url":"","jetpack_sharing_enabled":true,"jetpack_shortlink":"https:\/\/wp.me\/p5o8j7-1eW","_links":{"self":[{"href":"http:\/\/www.unenfantuncartable17.fr\/index.php?rest_route=\/wp\/v2\/posts\/4770","targetHints":{"allow":["GET"]}}],"collection":[{"href":"http:\/\/www.unenfantuncartable17.fr\/index.php?rest_route=\/wp\/v2\/posts"}],"about":[{"href":"http:\/\/www.unenfantuncartable17.fr\/index.php?rest_route=\/wp\/v2\/types\/post"}],"author":[{"embeddable":true,"href":"http:\/\/www.unenfantuncartable17.fr\/index.php?rest_route=\/wp\/v2\/users\/2"}],"replies":[{"embeddable":true,"href":"http:\/\/www.unenfantuncartable17.fr\/index.php?rest_route=%2Fwp%2Fv2%2Fcomments&post=4770"}],"version-history":[{"count":61,"href":"http:\/\/www.unenfantuncartable17.fr\/index.php?rest_route=\/wp\/v2\/posts\/4770\/revisions"}],"predecessor-version":[{"id":4871,"href":"http:\/\/www.unenfantuncartable17.fr\/index.php?rest_route=\/wp\/v2\/posts\/4770\/revisions\/4871"}],"wp:attachment":[{"href":"http:\/\/www.unenfantuncartable17.fr\/index.php?rest_route=%2Fwp%2Fv2%2Fmedia&parent=4770"}],"wp:term":[{"taxonomy":"category","embeddable":true,"href":"http:\/\/www.unenfantuncartable17.fr\/index.php?rest_route=%2Fwp%2Fv2%2Fcategories&post=4770"},{"taxonomy":"post_tag","embeddable":true,"href":"http:\/\/www.unenfantuncartable17.fr\/index.php?rest_route=%2Fwp%2Fv2%2Ftags&post=4770"}],"curies":[{"name":"wp","href":"https:\/\/api.w.org\/{rel}","templated":true}]}}