{"id":4738,"date":"2025-04-12T10:34:03","date_gmt":"2025-04-12T09:34:03","guid":{"rendered":"http:\/\/www.unenfantuncartable17.fr\/?p=4738"},"modified":"2025-04-18T12:51:12","modified_gmt":"2025-04-18T11:51:12","slug":"mars-compte-rendu-de-mission-et-assemblee-generale","status":"publish","type":"post","link":"http:\/\/www.unenfantuncartable17.fr\/?p=4738","title":{"rendered":"Mars: compte rendu de mission et assembl\u00e9e g\u00e9n\u00e9rale"},"content":{"rendered":"\n<p>\u00a0<\/p>\n<p><span style=\"color: #993300; font-family: 'arial black', sans-serif; font-size: 18pt;\"><strong>Deux administrateurs se sont rendus \u00e0 Mar Lodj fin mars pour recueillir les besoins des directeurs d&rsquo;\u00e9coles. Dans l&rsquo;\u00eele et dans les villages proches, \u00ab\u00a0l&rsquo;ambiance\u00a0\u00bb relationnelle reste chaleureuse, identique aux ann\u00e9es pass\u00e9es. Des discussions plus confiantes et sans t\u00e9moin, ont mis au jour des difficult\u00e9s \u00e9conomiques croissantes et des relations sociales tendues et fractur\u00e9es, sans doute \u00e0 cause des graves perturbations politiques de l&rsquo;ann\u00e9e \u00e9coul\u00e9e et des cons\u00e9quences de l&rsquo;\u00e9lection pr\u00e9sidentielle. Si on ajoute les changements climatiques et la surp\u00eache&#8230;\u00a0<\/strong><\/span><\/p>\n<p><span style=\"font-family: 'arial black', sans-serif; color: #993300; font-size: 18pt;\"><strong>Le travail en commun avec les directeurs et notre correspondant Moustapha Diouf, qui visait \u00e0 rationaliser et rendre plus \u00e9quitable la distribution de fournitures a port\u00e9 ses fruits. Tous les \u00e9l\u00e8ves quelles que soient les \u00e9coles b\u00e9n\u00e9ficieront de la m\u00eame quantit\u00e9 de fournitures. Chaque directeur sait maintenant quel sera son lot de cahiers, de stylos, de papier&#8230;<span style=\"color: #808000;\">5500 euros y seront consacr\u00e9s.<\/span><\/strong><\/span><\/p>\n<p><span style=\"font-family: 'arial black', sans-serif; color: #993300; font-size: 18pt;\"><strong>Les livres et manuels feront l&rsquo;objet d&rsquo;une \u00e9tude plus approfondie, mais toujours dans l&rsquo;\u00e9quit\u00e9 et en fonction des recettes des courses de la solidarit\u00e9 dans les \u00e9coles du d\u00e9partement (1700 \u00e9l\u00e8ves, 11 \u00e9coles l&rsquo;an dernier). <span style=\"color: #808000;\">3350 euros ont \u00e9t\u00e9 inscrits au budget<\/span> pr\u00e9visionnel ; une somme qui pourra \u00eatre major\u00e9e si les donateurs sont au rendez-vous.<\/strong><\/span><\/p>\n<p><span style=\"font-family: 'arial black', sans-serif; color: #993300; font-size: 18pt;\"><strong>Les sacs et les trousses fabriqu\u00e9s localement seront au nombre de <span style=\"color: #808000;\">120, soit le nombre d&rsquo;\u00e9l\u00e8ves de CI<\/span> qui entreront \u00e0 l&rsquo;\u00e9cole en octobre prochain.<\/strong><\/span><\/p>\n<p><span style=\"color: #808000; font-family: 'arial black', sans-serif; font-size: 18pt;\"><strong>Les effectifs recueillis indiquent une remont\u00e9e avec une soixantaine d&rsquo;\u00e9l\u00e8ves en plus, soit 762 en tout : 584 en \u00e9l\u00e9mentaires et 178 en maternelles. La concurrence des \u00e9coles coraniques ne semble plus aussi vive.<\/strong><\/span><\/p>\n<p><span style=\"font-family: 'arial black', sans-serif; color: #993300; font-size: 18pt;\"><strong>Le d\u00e9tail des commandes d\u00e9finitives sera communiqu\u00e9 \u00e0 l&rsquo;issue des prochaines courses solidaires, fin juin. Nos fournisseurs traditionnels ont \u00e9t\u00e9 sollicit\u00e9s et s&rsquo;appr\u00eatent \u00e0 travailler avec nous. Les relations sont devenues fluides, sans doute le fruit de l&rsquo;anciennet\u00e9 (17 ans) de notre implantation. Enfin, le financement de cours de renforcement pour tous les \u00e9l\u00e8ves de CM2 est gagnant :\u00a0 <span style=\"color: #808000;\">95% de r\u00e9ussite au Certificat d&rsquo;Etudes et \u00e0 l&rsquo;entr\u00e9e en 6\u00e8me.<\/span><\/strong><\/span><\/p>\n<p>\u00a0<\/p>\n<div id=\"attachment_4755\" style=\"width: 567px\" class=\"wp-caption alignleft\"><a href=\"http:\/\/www.unenfantuncartable17.fr\/wp-content\/uploads\/2025\/04\/IMG-20250411-WA0002-1.jpg\"><img loading=\"lazy\" decoding=\"async\" aria-describedby=\"caption-attachment-4755\" class=\" wp-image-4755\" src=\"http:\/\/www.unenfantuncartable17.fr\/wp-content\/uploads\/2025\/04\/IMG-20250411-WA0002-1-300x160.jpg\" alt=\"\" width=\"557\" height=\"297\" srcset=\"http:\/\/www.unenfantuncartable17.fr\/wp-content\/uploads\/2025\/04\/IMG-20250411-WA0002-1-300x160.jpg 300w, http:\/\/www.unenfantuncartable17.fr\/wp-content\/uploads\/2025\/04\/IMG-20250411-WA0002-1-768x411.jpg 768w, http:\/\/www.unenfantuncartable17.fr\/wp-content\/uploads\/2025\/04\/IMG-20250411-WA0002-1.jpg 1017w\" sizes=\"auto, (max-width: 557px) 100vw, 557px\" \/><\/a><p id=\"caption-attachment-4755\" class=\"wp-caption-text\"><strong><span style=\"font-family: arial, helvetica, sans-serif; color: #993300;\">Les 31 \u00e9l\u00e8ves soutenus par l&rsquo;association: 21 CAP, 9 BEP, 1 BT.<\/span><\/strong><\/p><\/div>\n<p>\u00a0<\/p>\n<p>\u00a0<\/p>\n<p>\u00a0<\/p>\n<p>\u00a0<\/p>\n<p>\u00a0<\/p>\n<p>\u00a0<\/p>\n<p>\u00a0<\/p>\n<p>\u00a0<\/p>\n<p>\u00a0<\/p>\n<p><span style=\"color: #993300; font-family: 'arial black', sans-serif; font-size: 18pt;\"><strong>Une visite au CFP (Centre de Formation Professionnelle) a permis de v\u00e9rifier que la collaboration avec cet \u00e9tablissement est une r\u00e9ussite, en liaison avec les deux \u00e9tablissements secondaires de l&rsquo;\u00eele qui jouent le jeu de l&rsquo;orientation. Ces deux derniers ont d&rsquo;ailleurs organis\u00e9 en f\u00e9vrier une visite du CFP par une cinquantaine d&rsquo;\u00e9l\u00e8ves de 3\u00e8me et de 4\u00e8me. Une action d\u00e9cisive pour stimuler les vocations. <span style=\"color: #808000;\">Nous aidons au total 31 \u00e9l\u00e8ves -dont 21 de l&rsquo;\u00eele- en BEP ou en CAP.* Les 10 autres viennent du continent mais sans l&rsquo;aide \u00e0 la mobilit\u00e9 que nous r\u00e9servons aux jeunes de l&rsquo;\u00eele.<\/span> Une nouvelle fili\u00e8re a ouvert ses portes en Plomberie qui a fait le plein imm\u00e9diatement. Deux sections en BT (Brevet de technicien \u00e9quivalent d&rsquo;un Bac pro) ont \u00e9t\u00e9 ouvertes en G\u00e9nie Civil et et Electricit\u00e9. Le directeur nous a fait part de la satisfaction des familles qui, gr\u00e2ce \u00e0 notre aide, permettent \u00e0 leurs enfants d&rsquo;entamer un cursus dipl\u00f4mant et professionnalisant. <span style=\"color: #808000;\">6000 euros sont<\/span> consacr\u00e9s au CFP, soit 30 % du budget pr\u00e9visionnel.<\/strong><\/span><\/p>\n<p><span style=\"font-family: 'arial black', sans-serif; color: #993300; font-size: 18pt;\"><strong>C&rsquo;est dans cette ambiance constructive que s&rsquo;est tenue l&rsquo;assembl\u00e9e g\u00e9n\u00e9rale le 29 mars \u00e0 Nieul. Tous les rapports ont \u00e9t\u00e9 adopt\u00e9s et ils ont permis de faire le point sur l&rsquo;action de l&rsquo;association (les diff\u00e9rentes pi\u00e8ces sont consultables dans l&rsquo;article publi\u00e9 sur ce blog le 18 f\u00e9vrier) Le budget pr\u00e9visionnel de 20.000 euros (ci-dessous) montre une sant\u00e9 financi\u00e8re qui permettra de continuer \u00e0 accompagner les \u00e9l\u00e8ves et les enseignants de Mar Lodj. L&rsquo;association fournit environ 95 % des besoins.<\/strong><\/span><\/p>\n<ul>\n<li><span style=\"font-family: 'arial black', sans-serif; font-size: 18pt; color: #808000;\">Electricit\u00e9: 10 <\/span><\/li>\n<li><span style=\"font-family: 'arial black', sans-serif; font-size: 18pt; color: #808000;\">Cuisine: <\/span><span style=\"font-family: 'arial black', sans-serif; font-size: 18pt; color: #808000;\">9<\/span><\/li>\n<li><span style=\"font-family: 'arial black', sans-serif;\"><strong><span style=\"color: #808000;\"><span style=\"font-size: 18pt;\">Ma\u00e7onnerie: 6 <\/span><\/span><\/strong><\/span><\/li>\n<li><span style=\"font-family: 'arial black', sans-serif;\"><strong><span style=\"color: #808000;\"><span style=\"font-size: 18pt;\">Horticulture: 4 <\/span><\/span><\/strong><\/span><\/li>\n<li><span style=\"font-family: 'arial black', sans-serif;\"><strong><span style=\"color: #808000;\"><span style=\"font-size: 18pt;\">Plomberie: 2<\/span><\/span><\/strong><\/span><\/li>\n<\/ul>\n<p><span style=\"font-family: 'arial black', sans-serif; color: #993300;\"><strong><a style=\"color: #993300;\" href=\"http:\/\/www.unenfantuncartable17.fr\/wp-content\/uploads\/2025\/04\/Budget-2025.pdf\"><span style=\"color: #808000;\"><span style=\"font-size: 18pt;\"><span style=\"color: #993300;\">Budget<\/span> <span style=\"color: #993300;\">2025 (cliquez)<\/span><\/span><\/span><\/a><\/strong><\/span><\/p>\n<p><span style=\"color: #808000;\"><strong><span style=\"font-family: 'arial black', sans-serif;\"><span style=\"font-size: 18pt;\">Nous donnons rendez<\/span>&#8211;<span style=\"font-size: 18pt;\">vous aux adh\u00e9rents fin juin pour la communication des commandes d\u00e9finitives et le nombre d&rsquo;\u00e9l\u00e8ves orient\u00e9s au CFP.<\/span><\/span><\/strong><\/span><\/p>\n<p>\u00a0<\/p>\n<p>\u00a0<\/p>\n\n\n","protected":false},"excerpt":{"rendered":"<p>\u00a0 Deux administrateurs se sont rendus \u00e0 Mar Lodj fin mars pour recueillir les besoins des directeurs d&rsquo;\u00e9coles. Dans l&rsquo;\u00eele et dans les villages proches, \u00ab\u00a0l&rsquo;ambiance\u00a0\u00bb relationnelle reste chaleureuse, identique aux ann\u00e9es pass\u00e9es. Des discussions plus confiantes et sans t\u00e9moin, ont mis au jour des difficult\u00e9s \u00e9conomiques croissantes et des relations sociales tendues et fractur\u00e9es, [&hellip;]<\/p>\n","protected":false},"author":2,"featured_media":0,"comment_status":"open","ping_status":"open","sticky":false,"template":"","format":"standard","meta":{"jetpack_post_was_ever_published":false,"_jetpack_newsletter_access":"","_jetpack_dont_email_post_to_subs":false,"_jetpack_newsletter_tier_id":0,"_jetpack_memberships_contains_paywalled_content":false,"_jetpack_memberships_contains_paid_content":false,"footnotes":""},"categories":[1],"tags":[],"class_list":["post-4738","post","type-post","status-publish","format-standard","hentry","category-non-classe"],"jetpack_featured_media_url":"","jetpack_sharing_enabled":true,"jetpack_shortlink":"https:\/\/wp.me\/p5o8j7-1eq","_links":{"self":[{"href":"http:\/\/www.unenfantuncartable17.fr\/index.php?rest_route=\/wp\/v2\/posts\/4738","targetHints":{"allow":["GET"]}}],"collection":[{"href":"http:\/\/www.unenfantuncartable17.fr\/index.php?rest_route=\/wp\/v2\/posts"}],"about":[{"href":"http:\/\/www.unenfantuncartable17.fr\/index.php?rest_route=\/wp\/v2\/types\/post"}],"author":[{"embeddable":true,"href":"http:\/\/www.unenfantuncartable17.fr\/index.php?rest_route=\/wp\/v2\/users\/2"}],"replies":[{"embeddable":true,"href":"http:\/\/www.unenfantuncartable17.fr\/index.php?rest_route=%2Fwp%2Fv2%2Fcomments&post=4738"}],"version-history":[{"count":24,"href":"http:\/\/www.unenfantuncartable17.fr\/index.php?rest_route=\/wp\/v2\/posts\/4738\/revisions"}],"predecessor-version":[{"id":4766,"href":"http:\/\/www.unenfantuncartable17.fr\/index.php?rest_route=\/wp\/v2\/posts\/4738\/revisions\/4766"}],"wp:attachment":[{"href":"http:\/\/www.unenfantuncartable17.fr\/index.php?rest_route=%2Fwp%2Fv2%2Fmedia&parent=4738"}],"wp:term":[{"taxonomy":"category","embeddable":true,"href":"http:\/\/www.unenfantuncartable17.fr\/index.php?rest_route=%2Fwp%2Fv2%2Fcategories&post=4738"},{"taxonomy":"post_tag","embeddable":true,"href":"http:\/\/www.unenfantuncartable17.fr\/index.php?rest_route=%2Fwp%2Fv2%2Ftags&post=4738"}],"curies":[{"name":"wp","href":"https:\/\/api.w.org\/{rel}","templated":true}]}}