{"id":4703,"date":"2025-02-18T09:58:51","date_gmt":"2025-02-18T08:58:51","guid":{"rendered":"http:\/\/www.unenfantuncartable17.fr\/?p=4703"},"modified":"2025-02-18T09:58:53","modified_gmt":"2025-02-18T08:58:53","slug":"assemblee-generale-le-29-mars","status":"publish","type":"post","link":"http:\/\/www.unenfantuncartable17.fr\/?p=4703","title":{"rendered":"Assembl\u00e9e g\u00e9n\u00e9rale le 29 mars"},"content":{"rendered":"\n<p><span style=\"font-size: 14pt;\"><strong><span style=\"font-family: arial, helvetica, sans-serif; color: #993300;\">Chers amis, chers adh\u00e9rents,<\/span><\/strong><\/span><\/p>\n<p><span style=\"font-size: 14pt;\"><strong><span style=\"font-family: arial, helvetica, sans-serif; color: #993300;\"><span style=\"color: #808000;\">Vous \u00eates invit\u00e9s \u00e0 participer \u00e0<\/span>\u00a0l\u2019assembl\u00e9e g\u00e9n\u00e9rale\u00a0de :<\/span><\/strong><\/span><\/p>\n<p><span style=\"font-size: 14pt;\"><strong><span style=\"font-family: arial, helvetica, sans-serif; color: #993300;\">\u00abUn Enfant, Un Cartable\u00bb Association Jean-Louis Baroin,<\/span><\/strong><\/span><\/p>\n<p><span style=\"font-size: 14pt;\"><strong><span style=\"font-family: arial, helvetica, sans-serif; color: #993300;\"><span style=\"color: #808000;\">Samedi 29 mars \u00e0 16 h 30<\/span> (r\u00e9gularisation des cotisations \u00e0 16 h)<\/span><\/strong><\/span><\/p>\n<p><span style=\"font-size: 14pt;\"><strong><span style=\"font-family: arial, helvetica, sans-serif; color: #993300;\">Maison des Associations, 8 rue L\u00e9once Vieljeux, Nieul\/Mer.<\/span><\/strong><\/span><\/p>\n<p><span style=\"font-size: 14pt; color: #808000;\"><strong><span style=\"font-family: arial, helvetica, sans-serif;\">Ordre du Jour :<\/span><\/strong><\/span><\/p>\n<ul>\n<li><span style=\"font-size: 14pt;\"><strong><span style=\"font-family: arial, helvetica, sans-serif; color: #993300;\">Rapport moral et d\u2019activit\u00e9s.<\/span><\/strong><\/span><\/li>\n<li><span style=\"font-size: 14pt;\"><strong><span style=\"font-family: arial, helvetica, sans-serif; color: #993300;\">Rapport financier et quitus.<\/span><\/strong><\/span><\/li>\n<li><span style=\"font-size: 14pt;\"><strong><span style=\"font-family: arial, helvetica, sans-serif; color: #993300;\">Elections au Conseil d\u2019Administration.<\/span><\/strong><\/span><\/li>\n<li><span style=\"color: #993300; font-size: 14pt;\"><strong><span style=\"font-family: arial, helvetica, sans-serif;\">Changement de si\u00e8ge social<\/span><\/strong><\/span><\/li>\n<li><span style=\"font-size: 14pt;\"><strong><span style=\"font-family: arial, helvetica, sans-serif; color: #993300;\">Questions diverses.<\/span><\/strong><\/span><\/li>\n<\/ul>\n<p><span style=\"font-size: 14pt;\"><strong><span style=\"font-family: arial, helvetica, sans-serif; color: #993300;\">Afin de pr\u00e9parer cette assembl\u00e9e g\u00e9n\u00e9rale voici les rapports\u00a0soumis au vote.<\/span><\/strong><\/span><\/p>\n<ul>\n<li><span style=\"font-size: 14pt;\"><strong><span style=\"font-family: arial, helvetica, sans-serif; color: #993300;\"><span style=\"color: #808000;\"><a style=\"color: #808000;\" href=\"http:\/\/www.unenfantuncartable17.fr\/wp-content\/uploads\/2025\/01\/Rapport-dactivite-2024.docx\">Rapport d&rsquo;activit\u00e9 2024<\/a> <\/span><em>(cliquez)<\/em><\/span><\/strong><\/span><\/li>\n<li><span style=\"font-size: 14pt;\"><strong><span style=\"font-family: arial, helvetica, sans-serif; color: #993300;\"><span style=\"color: #808000;\"><a style=\"color: #808000;\" href=\"http:\/\/www.unenfantuncartable17.fr\/wp-content\/uploads\/2025\/01\/Resultat-2024.pdf\">R\u00e9sultat 2024<\/a> <\/span><em>(cliquez)<\/em><\/span><\/strong><\/span><\/li>\n<li><span style=\"font-size: 14pt;\"><strong><span style=\"font-family: arial, helvetica, sans-serif; color: #993300;\"><em><u>Ces rapports sont \u00e0 \u00e9diter par vos soins. Ils ne seront pas fournis lors de l&rsquo;AG.<\/u><\/em><\/span><\/strong><\/span><\/li>\n<\/ul>\n<p><span style=\"font-size: 14pt;\"><strong><span style=\"font-family: arial, helvetica, sans-serif; color: #993300;\"><span style=\"color: #808000;\"><em>A<u>\u00a019h30,<\/u><\/em>\u00a0<em>u<u>n repas, est propos\u00e9 au restaurant \u00ab\u00a0les Gourmets\u00a0\u00bb \u00ab\u00a0, 10 rue Jean-Baptiste Jourdan \u00e0 Lagord (\u00e0 c\u00f4t\u00e9 de la mairie)<\/u><\/em><\/span><\/span><\/strong><\/span><\/p>\n<p><span style=\"font-size: 14pt;\"><strong><span style=\"font-family: arial, helvetica, sans-serif; color: #993300;\">Votre ch\u00e8que de r\u00e9servation de 25 \u20ac (salade de saumon gravelax, saut\u00e9 de volaille \u00e0 l&rsquo;indienne avec riz pilaf et petits l\u00e9gumes, mousse au chocolat. Caf\u00e9 et vin en plus) est \u00e0 envoyer avant le 25 mars \u00e0 :<\/span><\/strong><\/span><\/p>\n<ul>\n<li><span style=\"color: #808000; font-size: 14pt;\"><strong><span style=\"font-family: arial, helvetica, sans-serif;\">Louis Le Bl\u00e9vec, 12 square des Martins P\u00e9cheurs, 17000 La Rochelle<\/span><\/strong><\/span><\/li>\n<\/ul>\n<p><span style=\"font-size: 14pt;\"><strong><span style=\"font-family: arial, helvetica, sans-serif; color: #993300;\">Merci de votre pr\u00e9sence <span style=\"color: #808000;\"><u>ou de votre pouvoir* (ci-dessous)<\/u><\/span><\/span><\/strong><\/span><\/p>\n<p><span style=\"font-size: 14pt;\"><strong><span style=\"font-family: arial, helvetica, sans-serif; color: #993300;\">Pour le conseil d&rsquo;administration, le pr\u00e9sident,<\/span><\/strong><\/span><\/p>\n<p><span style=\"font-size: 14pt;\"><strong><span style=\"font-family: arial, helvetica, sans-serif; color: #993300;\">Jean-Claude Brossard<\/span><\/strong><\/span><\/p>\n<p><span style=\"font-size: 14pt;\"><strong><span style=\"font-family: arial, helvetica, sans-serif; color: #993300;\"><em>*<span style=\"color: #808000;\">Bon pour pouvoir \u00e0 adresser :<\/span><\/em><\/span><\/strong><\/span><\/p>\n<ul>\n<li><span style=\"font-size: 14pt; color: #808000;\"><strong><span style=\"font-family: arial, helvetica, sans-serif;\">Catherine Muller, 32 rue de Beauregard, 17137 Nieul sur Mer.<\/span><\/strong><\/span><\/li>\n<\/ul>\n<p><span style=\"font-size: 14pt;\"><strong><span style=\"font-family: arial, helvetica, sans-serif; color: #993300;\">Madame, Monsieur\u2026\u2026\u2026\u2026\u2026\u2026\u2026\u2026\u2026\u2026\u2026\u2026\u2026\u2026\u2026\u2026\u2026\u2026\u2026\u2026\u2026\u2026\u2026\u2026\u2026\u2026\u2026\u2026.<\/span><\/strong><\/span><\/p>\n<p><span style=\"font-size: 14pt;\"><strong><span style=\"font-family: arial, helvetica, sans-serif; color: #993300;\">Adresse\u2026\u2026\u2026\u2026\u2026\u2026\u2026\u2026\u2026\u2026\u2026\u2026\u2026\u2026\u2026\u2026\u2026\u2026\u2026\u2026\u2026\u2026\u2026\u2026\u2026\u2026\u2026\u2026&#8230;<\/span><\/strong><\/span><\/p>\n<p><span style=\"font-size: 14pt;\"><strong><span style=\"font-family: arial, helvetica, sans-serif; color: #993300;\">Donne pouvoir \u00e0<\/span><\/strong><\/span><\/p>\n<p><span style=\"font-size: 14pt;\"><strong><span style=\"font-family: arial, helvetica, sans-serif; color: #993300;\">\u2026\u2026\u2026\u2026\u2026\u2026\u2026\u2026\u2026\u2026\u2026\u2026\u2026\u2026\u2026\u2026\u2026\u2026\u2026\u2026\u2026\u2026\u2026\u2026\u2026\u2026\u2026\u2026\u2026\u2026\u2026&#8230;&#8230;<\/span><\/strong><\/span><\/p>\n<p><span style=\"font-size: 14pt;\"><strong><span style=\"font-family: arial, helvetica, sans-serif; color: #993300;\">Pour \u00eatre repr\u00e9sent\u00e9(e) le\u00a0 29 mars 2025, 16h30 \u00e0 l\u2019assembl\u00e9e g\u00e9n\u00e9rale.<\/span><\/strong><\/span><\/p>\n<p><span style=\"font-size: 14pt;\"><strong><span style=\"font-family: arial, helvetica, sans-serif; color: #993300;\">Date<\/span><\/strong><\/span><\/p>\n<p><span style=\"font-size: 14pt;\"><strong><span style=\"font-family: arial, helvetica, sans-serif; color: #993300;\">Signature<\/span><\/strong><\/span><\/p>\n","protected":false},"excerpt":{"rendered":"<p>Chers amis, chers adh\u00e9rents, Vous \u00eates invit\u00e9s \u00e0 participer \u00e0\u00a0l\u2019assembl\u00e9e g\u00e9n\u00e9rale\u00a0de : \u00abUn Enfant, Un Cartable\u00bb Association Jean-Louis Baroin, Samedi 29 mars \u00e0 16 h 30 (r\u00e9gularisation des cotisations \u00e0 16 h) Maison des Associations, 8 rue L\u00e9once Vieljeux, Nieul\/Mer. Ordre du Jour : Rapport moral et d\u2019activit\u00e9s. Rapport financier et quitus. Elections au Conseil [&hellip;]<\/p>\n","protected":false},"author":2,"featured_media":0,"comment_status":"open","ping_status":"open","sticky":false,"template":"","format":"standard","meta":{"jetpack_post_was_ever_published":false,"_jetpack_newsletter_access":"","_jetpack_dont_email_post_to_subs":false,"_jetpack_newsletter_tier_id":0,"_jetpack_memberships_contains_paywalled_content":false,"_jetpack_memberships_contains_paid_content":false,"footnotes":""},"categories":[1],"tags":[],"class_list":["post-4703","post","type-post","status-publish","format-standard","hentry","category-non-classe"],"jetpack_featured_media_url":"","jetpack_sharing_enabled":true,"jetpack_shortlink":"https:\/\/wp.me\/p5o8j7-1dR","_links":{"self":[{"href":"http:\/\/www.unenfantuncartable17.fr\/index.php?rest_route=\/wp\/v2\/posts\/4703","targetHints":{"allow":["GET"]}}],"collection":[{"href":"http:\/\/www.unenfantuncartable17.fr\/index.php?rest_route=\/wp\/v2\/posts"}],"about":[{"href":"http:\/\/www.unenfantuncartable17.fr\/index.php?rest_route=\/wp\/v2\/types\/post"}],"author":[{"embeddable":true,"href":"http:\/\/www.unenfantuncartable17.fr\/index.php?rest_route=\/wp\/v2\/users\/2"}],"replies":[{"embeddable":true,"href":"http:\/\/www.unenfantuncartable17.fr\/index.php?rest_route=%2Fwp%2Fv2%2Fcomments&post=4703"}],"version-history":[{"count":8,"href":"http:\/\/www.unenfantuncartable17.fr\/index.php?rest_route=\/wp\/v2\/posts\/4703\/revisions"}],"predecessor-version":[{"id":5162,"href":"http:\/\/www.unenfantuncartable17.fr\/index.php?rest_route=\/wp\/v2\/posts\/4703\/revisions\/5162"}],"wp:attachment":[{"href":"http:\/\/www.unenfantuncartable17.fr\/index.php?rest_route=%2Fwp%2Fv2%2Fmedia&parent=4703"}],"wp:term":[{"taxonomy":"category","embeddable":true,"href":"http:\/\/www.unenfantuncartable17.fr\/index.php?rest_route=%2Fwp%2Fv2%2Fcategories&post=4703"},{"taxonomy":"post_tag","embeddable":true,"href":"http:\/\/www.unenfantuncartable17.fr\/index.php?rest_route=%2Fwp%2Fv2%2Ftags&post=4703"}],"curies":[{"name":"wp","href":"https:\/\/api.w.org\/{rel}","templated":true}]}}