{"id":47,"date":"2011-12-01T10:35:00","date_gmt":"2011-12-01T10:35:00","guid":{"rendered":"http:\/\/www.unenfantuncartable17.fr\/?p=47"},"modified":"2015-01-13T12:36:41","modified_gmt":"2015-01-13T11:36:41","slug":"succes-pour-le-calendrier-de-l-association","status":"publish","type":"post","link":"http:\/\/www.unenfantuncartable17.fr\/?p=47","title":{"rendered":"Succ\u00e8s pour le calendrier de l&rsquo;association"},"content":{"rendered":"<div class=\"ob-section ob-section-html\">\n<p><span style=\"font-size: 14pt; color: #993300;\"><strong><span style=\"font-family: arial, helvetica, sans-serif;\">Comme l&rsquo;an pass\u00e9, nous avons \u00e9dit\u00e9 un calendrier vendu 10 euros. Tir\u00e9 \u00e0 300 exemplaires, nous l&rsquo;avons vendu tr\u00e8s vite parmi nos adh\u00e9rents et nos\u00a0amis.<\/span><\/strong><\/span><\/p>\n<p><span style=\"font-size: 14pt; color: #993300;\"><strong><span style=\"font-family: arial, helvetica, sans-serif;\">C&rsquo;est une recette indispensable\u00a0pour abonder notre tr\u00e9sorerie et ouvrir d&rsquo;autres chantiers.<\/span><\/strong><\/span><\/p>\n<p><span style=\"color: #808000; font-size: 14pt;\"><strong><span style=\"font-family: arial, helvetica, sans-serif;\">Voici un aper\u00e7u de cette r\u00e9alisation que nous devons \u00e0 Agn\u00e8s Bernard. <\/span><\/strong><\/span><\/p>\n<p><span style=\"color: #808000; font-size: 14pt;\"><strong><span style=\"font-family: arial, helvetica, sans-serif;\">Merci \u00e0 elle.<\/span><\/strong><\/span><\/p>\n<p>&nbsp;<\/p>\n<p>\u00a0 <img loading=\"lazy\" decoding=\"async\" class=\"noAlign\" src=\"http:\/\/www.unenfantuncartable17.fr\/wp-content\/uploads\/2011\/12\/Calendrier-Juillet.jpg\" alt=\"Calendrier-Juillet.jpg\" width=\"300\" height=\"211\" \/><img loading=\"lazy\" decoding=\"async\" class=\"CtreTexte\" src=\"http:\/\/www.unenfantuncartable17.fr\/wp-content\/uploads\/2011\/12\/Calendrier-Mars.jpg\" alt=\"Calendrier-Mars.jpg\" width=\"300\" height=\"211\" \/><\/p>\n<p><img loading=\"lazy\" decoding=\"async\" class=\"DrteTexte\" src=\"http:\/\/www.unenfantuncartable17.fr\/wp-content\/uploads\/2011\/12\/Calendrier-octobre.jpg\" alt=\"Calendrier octobre\" width=\"300\" height=\"211\" \/><\/p>\n<\/div>\n","protected":false},"excerpt":{"rendered":"<p>Comme l&rsquo;an pass\u00e9, nous avons \u00e9dit\u00e9 un calendrier vendu 10 euros. Tir\u00e9 \u00e0 300 exemplaires, nous l&rsquo;avons vendu tr\u00e8s vite parmi nos adh\u00e9rents et nos\u00a0amis. C&rsquo;est une recette indispensable\u00a0pour abonder notre tr\u00e9sorerie et ouvrir d&rsquo;autres chantiers. Voici un aper\u00e7u de cette r\u00e9alisation que nous devons \u00e0 Agn\u00e8s Bernard. Merci \u00e0 elle. &nbsp; \u00a0<\/p>\n","protected":false},"author":2,"featured_media":0,"comment_status":"open","ping_status":"open","sticky":false,"template":"","format":"standard","meta":{"jetpack_post_was_ever_published":false,"_jetpack_newsletter_access":"","_jetpack_dont_email_post_to_subs":false,"_jetpack_newsletter_tier_id":0,"_jetpack_memberships_contains_paywalled_content":false,"_jetpack_memberships_contains_paid_content":false,"footnotes":""},"categories":[1],"tags":[],"class_list":["post-47","post","type-post","status-publish","format-standard","hentry","category-non-classe"],"jetpack_featured_media_url":"","jetpack_sharing_enabled":true,"jetpack_shortlink":"https:\/\/wp.me\/p5o8j7-L","_links":{"self":[{"href":"http:\/\/www.unenfantuncartable17.fr\/index.php?rest_route=\/wp\/v2\/posts\/47","targetHints":{"allow":["GET"]}}],"collection":[{"href":"http:\/\/www.unenfantuncartable17.fr\/index.php?rest_route=\/wp\/v2\/posts"}],"about":[{"href":"http:\/\/www.unenfantuncartable17.fr\/index.php?rest_route=\/wp\/v2\/types\/post"}],"author":[{"embeddable":true,"href":"http:\/\/www.unenfantuncartable17.fr\/index.php?rest_route=\/wp\/v2\/users\/2"}],"replies":[{"embeddable":true,"href":"http:\/\/www.unenfantuncartable17.fr\/index.php?rest_route=%2Fwp%2Fv2%2Fcomments&post=47"}],"version-history":[{"count":1,"href":"http:\/\/www.unenfantuncartable17.fr\/index.php?rest_route=\/wp\/v2\/posts\/47\/revisions"}],"predecessor-version":[{"id":494,"href":"http:\/\/www.unenfantuncartable17.fr\/index.php?rest_route=\/wp\/v2\/posts\/47\/revisions\/494"}],"wp:attachment":[{"href":"http:\/\/www.unenfantuncartable17.fr\/index.php?rest_route=%2Fwp%2Fv2%2Fmedia&parent=47"}],"wp:term":[{"taxonomy":"category","embeddable":true,"href":"http:\/\/www.unenfantuncartable17.fr\/index.php?rest_route=%2Fwp%2Fv2%2Fcategories&post=47"},{"taxonomy":"post_tag","embeddable":true,"href":"http:\/\/www.unenfantuncartable17.fr\/index.php?rest_route=%2Fwp%2Fv2%2Ftags&post=47"}],"curies":[{"name":"wp","href":"https:\/\/api.w.org\/{rel}","templated":true}]}}