{"id":4692,"date":"2025-01-01T10:38:24","date_gmt":"2025-01-01T09:38:24","guid":{"rendered":"http:\/\/www.unenfantuncartable17.fr\/?p=4692"},"modified":"2025-01-01T10:38:26","modified_gmt":"2025-01-01T09:38:26","slug":"dewenati-bonne-annee-en-wolof","status":"publish","type":"post","link":"http:\/\/www.unenfantuncartable17.fr\/?p=4692","title":{"rendered":"Dewenati ! (bonne ann\u00e9e en wolof)"},"content":{"rendered":"\n\n\n<p><span style=\"font-family: 'arial black', sans-serif; font-size: 18pt; color: #808000;\">Moustapha Diouf- notre correspondant et directeur d&rsquo;\u00e9cole- transmets ses meilleurs voeux pour 2025 aux membres de l&rsquo;association. <\/span><\/p>\n<p><a href=\"http:\/\/www.unenfantuncartable17.fr\/wp-content\/uploads\/2025\/01\/jardin-pedagogique-Mar-Lodj-2024.jpg\"><img loading=\"lazy\" decoding=\"async\" class=\"wp-image-4693 alignleft\" src=\"http:\/\/www.unenfantuncartable17.fr\/wp-content\/uploads\/2025\/01\/jardin-pedagogique-Mar-Lodj-2024-300x300.jpg\" alt=\"\" width=\"372\" height=\"372\" srcset=\"http:\/\/www.unenfantuncartable17.fr\/wp-content\/uploads\/2025\/01\/jardin-pedagogique-Mar-Lodj-2024-300x300.jpg 300w, http:\/\/www.unenfantuncartable17.fr\/wp-content\/uploads\/2025\/01\/jardin-pedagogique-Mar-Lodj-2024-1024x1024.jpg 1024w, http:\/\/www.unenfantuncartable17.fr\/wp-content\/uploads\/2025\/01\/jardin-pedagogique-Mar-Lodj-2024-150x150.jpg 150w, http:\/\/www.unenfantuncartable17.fr\/wp-content\/uploads\/2025\/01\/jardin-pedagogique-Mar-Lodj-2024-768x768.jpg 768w, http:\/\/www.unenfantuncartable17.fr\/wp-content\/uploads\/2025\/01\/jardin-pedagogique-Mar-Lodj-2024.jpg 1080w\" sizes=\"auto, (max-width: 372px) 100vw, 372px\" \/><\/a><\/p>\n\n\n\n\n\n<p>\u00a0<\/p>\n<ul>\n<li>\u00a0<\/li>\n<\/ul>\n<p>\u00a0<\/p>\n<p><span style=\"font-family: 'arial black', sans-serif; color: #808000;\">Le jardin p\u00e9dagogique cultiv\u00e9 par les \u00e9l\u00e8ves.<\/span><\/p>\n","protected":false},"excerpt":{"rendered":"<p>Moustapha Diouf- notre correspondant et directeur d&rsquo;\u00e9cole- transmets ses meilleurs voeux pour 2025 aux membres de l&rsquo;association. \u00a0 \u00a0 \u00a0 Le jardin p\u00e9dagogique cultiv\u00e9 par les \u00e9l\u00e8ves.<\/p>\n","protected":false},"author":2,"featured_media":0,"comment_status":"open","ping_status":"open","sticky":false,"template":"","format":"standard","meta":{"jetpack_post_was_ever_published":false,"_jetpack_newsletter_access":"","_jetpack_dont_email_post_to_subs":false,"_jetpack_newsletter_tier_id":0,"_jetpack_memberships_contains_paywalled_content":false,"_jetpack_memberships_contains_paid_content":false,"footnotes":""},"categories":[1],"tags":[],"class_list":["post-4692","post","type-post","status-publish","format-standard","hentry","category-non-classe"],"jetpack_featured_media_url":"","jetpack_sharing_enabled":true,"jetpack_shortlink":"https:\/\/wp.me\/p5o8j7-1dG","_links":{"self":[{"href":"http:\/\/www.unenfantuncartable17.fr\/index.php?rest_route=\/wp\/v2\/posts\/4692","targetHints":{"allow":["GET"]}}],"collection":[{"href":"http:\/\/www.unenfantuncartable17.fr\/index.php?rest_route=\/wp\/v2\/posts"}],"about":[{"href":"http:\/\/www.unenfantuncartable17.fr\/index.php?rest_route=\/wp\/v2\/types\/post"}],"author":[{"embeddable":true,"href":"http:\/\/www.unenfantuncartable17.fr\/index.php?rest_route=\/wp\/v2\/users\/2"}],"replies":[{"embeddable":true,"href":"http:\/\/www.unenfantuncartable17.fr\/index.php?rest_route=%2Fwp%2Fv2%2Fcomments&post=4692"}],"version-history":[{"count":4,"href":"http:\/\/www.unenfantuncartable17.fr\/index.php?rest_route=\/wp\/v2\/posts\/4692\/revisions"}],"predecessor-version":[{"id":4697,"href":"http:\/\/www.unenfantuncartable17.fr\/index.php?rest_route=\/wp\/v2\/posts\/4692\/revisions\/4697"}],"wp:attachment":[{"href":"http:\/\/www.unenfantuncartable17.fr\/index.php?rest_route=%2Fwp%2Fv2%2Fmedia&parent=4692"}],"wp:term":[{"taxonomy":"category","embeddable":true,"href":"http:\/\/www.unenfantuncartable17.fr\/index.php?rest_route=%2Fwp%2Fv2%2Fcategories&post=4692"},{"taxonomy":"post_tag","embeddable":true,"href":"http:\/\/www.unenfantuncartable17.fr\/index.php?rest_route=%2Fwp%2Fv2%2Ftags&post=4692"}],"curies":[{"name":"wp","href":"https:\/\/api.w.org\/{rel}","templated":true}]}}