{"id":4609,"date":"2024-12-18T16:54:25","date_gmt":"2024-12-18T15:54:25","guid":{"rendered":"http:\/\/www.unenfantuncartable17.fr\/?p=4609"},"modified":"2024-12-18T16:55:17","modified_gmt":"2024-12-18T15:55:17","slug":"premier-bilan-dune-annee-reussie","status":"publish","type":"post","link":"http:\/\/www.unenfantuncartable17.fr\/?p=4609","title":{"rendered":"Premier bilan d&rsquo;une ann\u00e9e r\u00e9ussie"},"content":{"rendered":"\n<p><span style=\"color: #993300;\"><strong><span style=\"font-family: arial, helvetica, sans-serif; font-size: 18pt;\">Chers adh\u00e9rents, <\/span><\/strong><\/span><\/p>\n<p><span style=\"color: #993300;\"><strong><span style=\"font-family: arial, helvetica, sans-serif; font-size: 18pt;\">Le conseil d&rsquo;administration vous pr\u00e9sente ses <\/span><\/strong><\/span><span style=\"color: #993300;\"><strong><span style=\"font-family: arial, helvetica, sans-serif; font-size: 18pt;\">v\u0153ux <\/span><\/strong><\/span><span style=\"color: #993300;\"><strong><span style=\"font-family: arial, helvetica, sans-serif; font-size: 18pt;\">de bonheur et de r\u00e9ussite pour 2025 et vous remercie de votre fid\u00e9lit\u00e9 depuis bient\u00f4t 17 ans ! C&rsquo;est vous qui constituez l&rsquo;association, nous comptons sur vous.<\/span><\/strong><\/span><\/p>\n<p><span style=\"color: #808000;\"><strong><span style=\"font-family: arial, helvetica, sans-serif; font-size: 18pt;\">Ce dernier message de l&rsquo;ann\u00e9e vous confirme notre implantation apr\u00e8s la derni\u00e8re mission qui s&rsquo;est d\u00e9roul\u00e9e <\/span><\/strong><strong><span style=\"font-family: arial, helvetica, sans-serif; font-size: 18pt;\">fin novembre \u00e0 Mar Lodj. Vous pouvez compter sur nous.<\/span><\/strong><\/span><\/p>\n<p><strong><span style=\"font-family: arial, helvetica, sans-serif; font-size: 18pt; color: #993300;\">Les 40 enseignants des 3 \u00e9coles maternelles et des 5 \u00e9l\u00e9mentaires ont pu proc\u00e9der d\u00e9but octobre \u00e0 la r\u00e9ception des fournitures, lors de la livraison coordonn\u00e9e par notre correspondant Moustapha Diouf. <span style=\"color: #808000;\">700 \u00e9l\u00e8ves concern\u00e9s.<\/span><\/span><\/strong><\/p>\n<p><strong><span style=\"font-family: arial, helvetica, sans-serif; font-size: 18pt; color: #993300;\">Le plan de standardisation des fournitures, \u00e9labor\u00e9 avec les enseignants, a \u00e9t\u00e9 parfaitement compris par nos partenaires, tr\u00e8s sensibles \u00e0 l&rsquo;\u00e9quit\u00e9 qui en r\u00e9sultera. Le travail d&rsquo;inventaire des besoins annuels en sera aussi grandement facilit\u00e9 \u00e0 partir des effectifs pr\u00e9cis dont nous aurons connaissance fin mai.<\/span><\/strong><\/p>\n<p><strong><span style=\"font-family: arial, helvetica, sans-serif; font-size: 18pt; color: #993300;\">D\u00e9sormais, d\u00e8s octobre 2025, <span style=\"color: #808000;\">chaque \u00e9cole recevra, par \u00e9l\u00e8ve, par classe et par ma\u00eetre, la m\u00eame quantit\u00e9 de fournitures.<\/span>\u00a0<\/span><\/strong><\/p>\n<p><strong><span style=\"font-family: arial, helvetica, sans-serif; font-size: 18pt; color: #993300;\">La mission a aussi rencontr\u00e9 le directeur du CFP <span style=\"color: #808000;\">(Centre de Formation Professionnelle) de Diofior<\/span> o\u00f9 nous accompagnons cette ann\u00e9e <span style=\"color: #808000;\">6 \u00e9l\u00e8ves <\/span>de plus en 1\u00e8re ann\u00e9e venant de Mar Lodj. L&rsquo;examen attentif (par le CFP) des motivations des candidats est \u00e0 l&rsquo;origine du petit nombre d&rsquo;admis, que nous avions initialement \u00e9valu\u00e9 \u00e0 une dizaine dans le budget pr\u00e9visionnel.\u00a0<\/span><\/strong><\/p>\n<p><strong><span style=\"font-family: arial, helvetica, sans-serif; font-size: 18pt; color: #993300;\">Nous avons donc propos\u00e9 au CFP d&rsquo;affecter ces \u00ab\u00a0non-d\u00e9penses\u00a0\u00bb qui d\u00e9coulaient de cette situation, <span style=\"color: #808000;\">au financement de 10 autres places en 1\u00e8re ann\u00e9e.<\/span> Celles-ci concerneront des \u00e9l\u00e8ves venant de Diofior ou d&rsquo;autres villages proches (sur le continent) en privil\u00e9giant ceux ayant des difficult\u00e9s sociales et \u00e9conomiques. A une diff\u00e9rence pr\u00e8s : l&rsquo;indemnit\u00e9 de mobilit\u00e9 (150 euros\/ an) ne sera vers\u00e9e qu&rsquo;aux seuls \u00e9l\u00e8ves issus de l&rsquo;\u00eele. <span style=\"color: #808000;\">Ces 10 nouveaux \u00e9l\u00e8ves, choisis par le CFP, b\u00e9n\u00e9ficieront donc de la prise en charge des frais d&rsquo;inscription annuels et du kit d&rsquo;outillage n\u00e9cessaire aux 3 ans (ou 2 ans) d&rsquo;\u00e9tudes.<\/span><\/span><\/strong><\/p>\n<p><strong><span style=\"font-family: arial, helvetica, sans-serif; font-size: 18pt; color: #993300;\">Nous avons aussi constat\u00e9 l&rsquo;arriv\u00e9e d&rsquo;un nouveau CAP en plomberie -tr\u00e8s demand\u00e9- et deux BT (brevets de technicien en g\u00e9nie civil et \u00e9lectricit\u00e9).<\/span><\/strong><\/p>\n<p style=\"text-align: left;\"><span style=\"text-decoration: underline; color: #993300;\"><strong><span style=\"font-size: 18pt; font-family: arial, helvetica, sans-serif;\">Le Centre de Formation Professionnelle<\/span><\/strong><\/span><\/p>\n<ul>\n<li><span style=\"color: #808000;\"><strong><span style=\"font-family: arial, helvetica, sans-serif; font-size: 18pt;\">Cinq sp\u00e9cialit\u00e9s : \u00e9lectricit\u00e9, restauration, ma\u00e7onnerie, travaux paysagers, plomberie.<\/span><\/strong><\/span><\/li>\n<li><span style=\"color: #808000;\"><strong><span style=\"font-family: arial, helvetica, sans-serif; font-size: 18pt;\">Dipl\u00f4mes pr\u00e9par\u00e9s: CAP en 3 ans, BEP en 2 ans. <\/span><\/strong><\/span><\/li>\n<li><span style=\"color: #808000;\"><strong><span style=\"font-family: arial, helvetica, sans-serif; font-size: 18pt;\">Depuis octobre 2024, brevet de technicien \u00e9lectricit\u00e9 ou b\u00e2timent (\u00e9quivalent Bac pro).<\/span><\/strong><\/span><\/li>\n<li><span style=\"color: #808000;\"><strong><span style=\"font-family: arial, helvetica, sans-serif; font-size: 18pt;\">Niveau requis: 4\u00e8me ou 3\u00e8me de coll\u00e8ge<\/span><\/strong><\/span><\/li>\n<li><span style=\"color: #808000;\"><strong><span style=\"font-family: arial, helvetica, sans-serif; font-size: 18pt;\">85% d\u2019insertion professionnelle.<\/span><\/strong><\/span><\/li>\n<li><span style=\"color: #808000;\"><strong><span style=\"font-family: arial, helvetica, sans-serif; font-size: 18pt;\">31 pris en charge par l\u2019association sur 270 <\/span><\/strong><\/span><\/li>\n<li><span style=\"color: #808000;\"><strong><span style=\"font-family: arial, helvetica, sans-serif; font-size: 18pt;\">620 euros pour 3 ans par \u00e9l\u00e8ve<\/span><\/strong><\/span><\/li>\n<\/ul>\n<p><strong><span style=\"font-size: 18pt; color: #993300;\">Quelques \u00e9l\u00e8ves en situation d&rsquo;apprentissage :<\/span><\/strong><\/p>\n<p><a href=\"http:\/\/www.unenfantuncartable17.fr\/wp-content\/uploads\/2024\/12\/electriciiens.jpg\"><img loading=\"lazy\" decoding=\"async\" class=\"alignleft  wp-image-4651\" src=\"http:\/\/www.unenfantuncartable17.fr\/wp-content\/uploads\/2024\/12\/electriciiens-225x300.jpg\" alt=\"\" width=\"326\" height=\"435\" srcset=\"http:\/\/www.unenfantuncartable17.fr\/wp-content\/uploads\/2024\/12\/electriciiens-225x300.jpg 225w, http:\/\/www.unenfantuncartable17.fr\/wp-content\/uploads\/2024\/12\/electriciiens.jpg 526w\" sizes=\"auto, (max-width: 326px) 100vw, 326px\" \/><\/a><\/p>\n<p>\u00a0<\/p>\n<p><a href=\"http:\/\/www.unenfantuncartable17.fr\/wp-content\/uploads\/2024\/12\/cuisine51.jpg\"><img loading=\"lazy\" decoding=\"async\" class=\" wp-image-4637 alignright\" src=\"http:\/\/www.unenfantuncartable17.fr\/wp-content\/uploads\/2024\/12\/cuisine51-225x300.jpg\" alt=\"\" width=\"326\" height=\"435\" srcset=\"http:\/\/www.unenfantuncartable17.fr\/wp-content\/uploads\/2024\/12\/cuisine51-225x300.jpg 225w, http:\/\/www.unenfantuncartable17.fr\/wp-content\/uploads\/2024\/12\/cuisine51-768x1024.jpg 768w, http:\/\/www.unenfantuncartable17.fr\/wp-content\/uploads\/2024\/12\/cuisine51-1152x1536.jpg 1152w, http:\/\/www.unenfantuncartable17.fr\/wp-content\/uploads\/2024\/12\/cuisine51.jpg 1536w\" sizes=\"auto, (max-width: 326px) 100vw, 326px\" \/><\/a><\/p>\n<p>\u00a0<\/p>\n<p>\u00a0<\/p>\n<p>\u00a0<\/p>\n<p>\u00a0<\/p>\n<p>\u00a0<\/p>\n<p>\u00a0<\/p>\n<p>\u00a0<\/p>\n<p><a href=\"http:\/\/www.unenfantuncartable17.fr\/wp-content\/uploads\/2024\/12\/118283800_1518920598314048_5644214347261154277_n.jpg\"><img loading=\"lazy\" decoding=\"async\" class=\"wp-image-4628 alignleft\" src=\"http:\/\/www.unenfantuncartable17.fr\/wp-content\/uploads\/2024\/12\/118283800_1518920598314048_5644214347261154277_n-300x225.jpg\" alt=\"\" width=\"328\" height=\"246\" srcset=\"http:\/\/www.unenfantuncartable17.fr\/wp-content\/uploads\/2024\/12\/118283800_1518920598314048_5644214347261154277_n-300x225.jpg 300w, http:\/\/www.unenfantuncartable17.fr\/wp-content\/uploads\/2024\/12\/118283800_1518920598314048_5644214347261154277_n.jpg 600w\" sizes=\"auto, (max-width: 328px) 100vw, 328px\" \/><\/a><\/p>\n<p><a href=\"http:\/\/www.unenfantuncartable17.fr\/wp-content\/uploads\/2024\/12\/apprendre-a-monter-un-mur.jpg\"><img loading=\"lazy\" decoding=\"async\" class=\"wp-image-4629 alignright\" src=\"http:\/\/www.unenfantuncartable17.fr\/wp-content\/uploads\/2024\/12\/apprendre-a-monter-un-mur-300x225.jpg\" alt=\"\" width=\"328\" height=\"246\" srcset=\"http:\/\/www.unenfantuncartable17.fr\/wp-content\/uploads\/2024\/12\/apprendre-a-monter-un-mur-300x225.jpg 300w, http:\/\/www.unenfantuncartable17.fr\/wp-content\/uploads\/2024\/12\/apprendre-a-monter-un-mur.jpg 720w\" sizes=\"auto, (max-width: 328px) 100vw, 328px\" \/><\/a><\/p>\n<p>\u00a0<\/p>\n<p>\u00a0<\/p>\n<p>\u00a0<\/p>\n<p>\u00a0<\/p>\n<p>\u00a0<\/p>\n<p>\u00a0<\/p>\n<p>\u00a0<\/p>\n<p>\u00a0<\/p>\n<p><em><strong><span style=\"text-decoration: underline;\"><span style=\"color: #993300; text-decoration: underline;\">\u00a0Nouveaut\u00e9 de cette rentr\u00e9e: la plomberie<\/span><\/span><\/strong><\/em><\/p>\n<p><a href=\"http:\/\/www.unenfantuncartable17.fr\/wp-content\/uploads\/2024\/12\/plombiers-rotated.jpg\"><img loading=\"lazy\" decoding=\"async\" class=\"wp-image-4652 aligncenter\" src=\"http:\/\/www.unenfantuncartable17.fr\/wp-content\/uploads\/2024\/12\/plombiers-300x169.jpg\" alt=\"\" width=\"655\" height=\"369\" srcset=\"http:\/\/www.unenfantuncartable17.fr\/wp-content\/uploads\/2024\/12\/plombiers-300x169.jpg 300w, http:\/\/www.unenfantuncartable17.fr\/wp-content\/uploads\/2024\/12\/plombiers-768x432.jpg 768w, http:\/\/www.unenfantuncartable17.fr\/wp-content\/uploads\/2024\/12\/plombiers-rotated.jpg 935w\" sizes=\"auto, (max-width: 655px) 100vw, 655px\" \/><\/a><\/p>\n<p>\u00a0<\/p>\n<p><strong><span style=\"font-family: arial, helvetica, sans-serif; font-size: 18pt; color: #993300;\"><a href=\"http:\/\/www.unenfantuncartable17.fr\/wp-content\/uploads\/2024\/12\/elec8-2.jpg\"><img loading=\"lazy\" decoding=\"async\" class=\"alignleft  wp-image-4638\" src=\"http:\/\/www.unenfantuncartable17.fr\/wp-content\/uploads\/2024\/12\/elec8-2-225x300.jpg\" alt=\"\" width=\"314\" height=\"418\" srcset=\"http:\/\/www.unenfantuncartable17.fr\/wp-content\/uploads\/2024\/12\/elec8-2-225x300.jpg 225w, http:\/\/www.unenfantuncartable17.fr\/wp-content\/uploads\/2024\/12\/elec8-2.jpg 526w\" sizes=\"auto, (max-width: 314px) 100vw, 314px\" \/><\/a><\/span><\/strong><\/p>\n<p style=\"text-align: right;\"><a href=\"http:\/\/www.unenfantuncartable17.fr\/wp-content\/uploads\/2024\/12\/horticulture3.jpg\"><img loading=\"lazy\" decoding=\"async\" class=\" wp-image-4663 alignright\" src=\"http:\/\/www.unenfantuncartable17.fr\/wp-content\/uploads\/2024\/12\/horticulture3-225x300.jpg\" alt=\"\" width=\"309\" height=\"412\" srcset=\"http:\/\/www.unenfantuncartable17.fr\/wp-content\/uploads\/2024\/12\/horticulture3-225x300.jpg 225w, http:\/\/www.unenfantuncartable17.fr\/wp-content\/uploads\/2024\/12\/horticulture3-768x1024.jpg 768w, http:\/\/www.unenfantuncartable17.fr\/wp-content\/uploads\/2024\/12\/horticulture3-1152x1536.jpg 1152w, http:\/\/www.unenfantuncartable17.fr\/wp-content\/uploads\/2024\/12\/horticulture3.jpg 1536w\" sizes=\"auto, (max-width: 309px) 100vw, 309px\" \/><\/a><\/p>\n<p>\u00a0<\/p>\n<p>\u00a0<\/p>\n<p style=\"text-align: left;\">\u00a0<\/p>\n<p>\u00a0<\/p>\n<p style=\"text-align: right;\">\u00a0<\/p>\n<p>\u00a0<\/p>\n<p>\u00a0<\/p>\n<p>\u00a0<\/p>\n<p>\u00a0<\/p>\n<p><a href=\"http:\/\/www.unenfantuncartable17.fr\/wp-content\/uploads\/2024\/12\/DSC02327.jpg\"><img loading=\"lazy\" decoding=\"async\" class=\" wp-image-4666 aligncenter\" src=\"http:\/\/www.unenfantuncartable17.fr\/wp-content\/uploads\/2024\/12\/DSC02327-300x225.jpg\" alt=\"\" width=\"431\" height=\"323\" srcset=\"http:\/\/www.unenfantuncartable17.fr\/wp-content\/uploads\/2024\/12\/DSC02327-300x225.jpg 300w, http:\/\/www.unenfantuncartable17.fr\/wp-content\/uploads\/2024\/12\/DSC02327-768x576.jpg 768w, http:\/\/www.unenfantuncartable17.fr\/wp-content\/uploads\/2024\/12\/DSC02327.jpg 1024w\" sizes=\"auto, (max-width: 431px) 100vw, 431px\" \/><\/a><\/p>\n<p>\u00a0<\/p>\n\n\n","protected":false},"excerpt":{"rendered":"<p>Chers adh\u00e9rents, Le conseil d&rsquo;administration vous pr\u00e9sente ses v\u0153ux de bonheur et de r\u00e9ussite pour 2025 et vous remercie de votre fid\u00e9lit\u00e9 depuis bient\u00f4t 17 ans ! C&rsquo;est vous qui constituez l&rsquo;association, nous comptons sur vous. Ce dernier message de l&rsquo;ann\u00e9e vous confirme notre implantation apr\u00e8s la derni\u00e8re mission qui s&rsquo;est d\u00e9roul\u00e9e fin novembre \u00e0 [&hellip;]<\/p>\n","protected":false},"author":2,"featured_media":0,"comment_status":"open","ping_status":"open","sticky":false,"template":"","format":"standard","meta":{"jetpack_post_was_ever_published":false,"_jetpack_newsletter_access":"","_jetpack_dont_email_post_to_subs":false,"_jetpack_newsletter_tier_id":0,"_jetpack_memberships_contains_paywalled_content":false,"_jetpack_memberships_contains_paid_content":false,"footnotes":""},"categories":[1],"tags":[],"class_list":["post-4609","post","type-post","status-publish","format-standard","hentry","category-non-classe"],"jetpack_featured_media_url":"","jetpack_sharing_enabled":true,"jetpack_shortlink":"https:\/\/wp.me\/p5o8j7-1cl","_links":{"self":[{"href":"http:\/\/www.unenfantuncartable17.fr\/index.php?rest_route=\/wp\/v2\/posts\/4609","targetHints":{"allow":["GET"]}}],"collection":[{"href":"http:\/\/www.unenfantuncartable17.fr\/index.php?rest_route=\/wp\/v2\/posts"}],"about":[{"href":"http:\/\/www.unenfantuncartable17.fr\/index.php?rest_route=\/wp\/v2\/types\/post"}],"author":[{"embeddable":true,"href":"http:\/\/www.unenfantuncartable17.fr\/index.php?rest_route=\/wp\/v2\/users\/2"}],"replies":[{"embeddable":true,"href":"http:\/\/www.unenfantuncartable17.fr\/index.php?rest_route=%2Fwp%2Fv2%2Fcomments&post=4609"}],"version-history":[{"count":52,"href":"http:\/\/www.unenfantuncartable17.fr\/index.php?rest_route=\/wp\/v2\/posts\/4609\/revisions"}],"predecessor-version":[{"id":4681,"href":"http:\/\/www.unenfantuncartable17.fr\/index.php?rest_route=\/wp\/v2\/posts\/4609\/revisions\/4681"}],"wp:attachment":[{"href":"http:\/\/www.unenfantuncartable17.fr\/index.php?rest_route=%2Fwp%2Fv2%2Fmedia&parent=4609"}],"wp:term":[{"taxonomy":"category","embeddable":true,"href":"http:\/\/www.unenfantuncartable17.fr\/index.php?rest_route=%2Fwp%2Fv2%2Fcategories&post=4609"},{"taxonomy":"post_tag","embeddable":true,"href":"http:\/\/www.unenfantuncartable17.fr\/index.php?rest_route=%2Fwp%2Fv2%2Ftags&post=4609"}],"curies":[{"name":"wp","href":"https:\/\/api.w.org\/{rel}","templated":true}]}}