{"id":4585,"date":"2024-10-06T10:01:12","date_gmt":"2024-10-06T09:01:12","guid":{"rendered":"http:\/\/www.unenfantuncartable17.fr\/?p=4585"},"modified":"2024-10-06T10:03:47","modified_gmt":"2024-10-06T09:03:47","slug":"livraison-faite-lannee-scolaire-commence","status":"publish","type":"post","link":"http:\/\/www.unenfantuncartable17.fr\/?p=4585","title":{"rendered":"Livraison faite, l&rsquo;ann\u00e9e scolaire commence !"},"content":{"rendered":"\n\n\n<p><span style=\"color: #993300;\"><strong><span style=\"font-family: arial, helvetica, sans-serif; font-size: 18pt;\">La livraison de toutes les fournitures a \u00e9t\u00e9 r\u00e9alis\u00e9e le 5 octobre, coordonn\u00e9e par notre correspondant avec l&rsquo;aide des fournisseurs et des enseignants.<\/span><\/strong><\/span><\/p>\n<p><a href=\"http:\/\/www.unenfantuncartable17.fr\/wp-content\/uploads\/2024\/10\/IMG-20241005-WA0020.jpg\"><img loading=\"lazy\" decoding=\"async\" class=\"alignleft size-medium wp-image-4586\" src=\"http:\/\/www.unenfantuncartable17.fr\/wp-content\/uploads\/2024\/10\/IMG-20241005-WA0020-300x300.jpg\" alt=\"\" width=\"300\" height=\"300\" srcset=\"http:\/\/www.unenfantuncartable17.fr\/wp-content\/uploads\/2024\/10\/IMG-20241005-WA0020-300x300.jpg 300w, http:\/\/www.unenfantuncartable17.fr\/wp-content\/uploads\/2024\/10\/IMG-20241005-WA0020-1024x1024.jpg 1024w, http:\/\/www.unenfantuncartable17.fr\/wp-content\/uploads\/2024\/10\/IMG-20241005-WA0020-150x150.jpg 150w, http:\/\/www.unenfantuncartable17.fr\/wp-content\/uploads\/2024\/10\/IMG-20241005-WA0020-768x768.jpg 768w, http:\/\/www.unenfantuncartable17.fr\/wp-content\/uploads\/2024\/10\/IMG-20241005-WA0020.jpg 1080w\" sizes=\"auto, (max-width: 300px) 100vw, 300px\" \/><\/a><\/p>\n<p><a href=\"http:\/\/www.unenfantuncartable17.fr\/wp-content\/uploads\/2024\/10\/IMG-20241005-WA0021.jpg\"><img loading=\"lazy\" decoding=\"async\" class=\" wp-image-4589 alignright\" src=\"http:\/\/www.unenfantuncartable17.fr\/wp-content\/uploads\/2024\/10\/IMG-20241005-WA0021-300x300.jpg\" alt=\"\" width=\"326\" height=\"326\" srcset=\"http:\/\/www.unenfantuncartable17.fr\/wp-content\/uploads\/2024\/10\/IMG-20241005-WA0021-300x300.jpg 300w, http:\/\/www.unenfantuncartable17.fr\/wp-content\/uploads\/2024\/10\/IMG-20241005-WA0021-1024x1024.jpg 1024w, http:\/\/www.unenfantuncartable17.fr\/wp-content\/uploads\/2024\/10\/IMG-20241005-WA0021-150x150.jpg 150w, http:\/\/www.unenfantuncartable17.fr\/wp-content\/uploads\/2024\/10\/IMG-20241005-WA0021-768x768.jpg 768w, http:\/\/www.unenfantuncartable17.fr\/wp-content\/uploads\/2024\/10\/IMG-20241005-WA0021.jpg 1080w\" sizes=\"auto, (max-width: 326px) 100vw, 326px\" \/><\/a><\/p>\n<p>\u00a0<\/p>\n<p>\u00a0<\/p>\n<p>\u00a0<\/p>\n<p>\u00a0<\/p>\n<p>\u00a0<\/p>\n<p>\u00a0<\/p>\n<p>\u00a0<\/p>\n<p>\u00a0<\/p>\n<p><span style=\"font-size: 18pt; color: #993300;\"><strong><span style=\"font-family: arial, helvetica, sans-serif;\">Comme depuis 16 ans, des milliers de r\u00e9f\u00e9rences- cahiers, livres, crayons, stylos, cartables, trousses&#8230;pour les 600 \u00e9l\u00e8ves des 7 \u00e9coles \u00e9l\u00e9mentaires et maternelles de l&rsquo;\u00eele ont \u00e9t\u00e9 livr\u00e9es dans un contexte de perte de pouvoir d&rsquo;achat, de crise \u00e9conomique apr\u00e8s les r\u00e9centes \u00e9lections pr\u00e9sidentielles.<\/span><\/strong><\/span><\/p>\n<p><span style=\"font-size: 18pt; color: #808000;\"><strong><span style=\"font-family: arial, helvetica, sans-serif;\">En voici le d\u00e9tail :<\/span><\/strong><\/span><\/p>\n<ul>\n<li><span style=\"font-size: 18pt; color: #993300;\"><strong><span style=\"font-family: arial, helvetica, sans-serif;\">Fournitures \u00e9l\u00e8ves, enseignants, imprimantes, ordinateurs : 6800 \u20ac<\/span><\/strong><\/span><\/li>\n<li><span style=\"font-size: 18pt; color: #993300;\"><strong><span style=\"font-family: arial, helvetica, sans-serif;\">Livres : 2500 \u20ac<\/span><\/strong><\/span><\/li>\n<li><span style=\"font-size: 18pt; color: #993300;\"><strong><span style=\"font-family: arial, helvetica, sans-serif;\">sacs, trousses : 780 \u20ac<\/span><\/strong><\/span><\/li>\n<li><span style=\"font-size: 18pt; color: #993300;\"><strong><span style=\"font-family: arial, helvetica, sans-serif;\">Maternelles : 1200 \u20ac\u00a0\u00a0<\/span><\/strong><\/span><\/li>\n<li><span style=\"font-size: 18pt; color: #808000;\"><strong><span style=\"font-family: arial, helvetica, sans-serif;\">Total : 11.280 \u20ac<\/span><\/strong><\/span><\/li>\n<\/ul>\n<p><span style=\"font-size: 18pt; color: #993300;\"><strong><span style=\"font-family: arial, helvetica, sans-serif;\">Nous financerons \u00e9galement cette ann\u00e9e <span style=\"color: #808000;\">sept nouvelles places<\/span> au Centre de Formation Professionnelle de Diofior en \u00e9lectricit\u00e9, ma\u00e7onnerie, mara\u00eechage et restauration. Soit en tout, 33 \u00e9l\u00e8ves de la 1\u00e8re \u00e0 la 3\u00e8me ann\u00e9e pour obtenir un CAP ou un BEP. C&rsquo;est la 5\u00e8me promotion ! <span style=\"color: #808000;\">Une d\u00e9pense cette ann\u00e9e de 7300 \u20ac.<\/span> Cet \u00e9tablissement vient d&rsquo;ouvrir deux nouvelles fili\u00e8res d\u00e9bouchant sur un Bac Technique en Electricit\u00e9 et en Construction. Des\u00a0opportunit\u00e9s pour les \u00e9l\u00e8ves.<\/span><\/strong><\/span><\/p>\n<p><a href=\"http:\/\/www.unenfantuncartable17.fr\/wp-content\/uploads\/2024\/10\/IMG-20241005-WA0023.jpg\"><span style=\"text-decoration: underline; font-family: arial, helvetica, sans-serif; color: #993300;\"><em>D\u00e9part vers les villages voisins<\/em><\/span><img loading=\"lazy\" decoding=\"async\" class=\"wp-image-4588 aligncenter\" src=\"http:\/\/www.unenfantuncartable17.fr\/wp-content\/uploads\/2024\/10\/IMG-20241005-WA0023-300x150.jpg\" alt=\"\" width=\"456\" height=\"228\" srcset=\"http:\/\/www.unenfantuncartable17.fr\/wp-content\/uploads\/2024\/10\/IMG-20241005-WA0023-300x150.jpg 300w, http:\/\/www.unenfantuncartable17.fr\/wp-content\/uploads\/2024\/10\/IMG-20241005-WA0023-1024x512.jpg 1024w, http:\/\/www.unenfantuncartable17.fr\/wp-content\/uploads\/2024\/10\/IMG-20241005-WA0023-768x384.jpg 768w, http:\/\/www.unenfantuncartable17.fr\/wp-content\/uploads\/2024\/10\/IMG-20241005-WA0023.jpg 1080w\" sizes=\"auto, (max-width: 456px) 100vw, 456px\" \/><\/a><\/p>\n\n\n\n\n\n\n","protected":false},"excerpt":{"rendered":"<p>La livraison de toutes les fournitures a \u00e9t\u00e9 r\u00e9alis\u00e9e le 5 octobre, coordonn\u00e9e par notre correspondant avec l&rsquo;aide des fournisseurs et des enseignants. \u00a0 \u00a0 \u00a0 \u00a0 \u00a0 \u00a0 \u00a0 \u00a0 Comme depuis 16 ans, des milliers de r\u00e9f\u00e9rences- cahiers, livres, crayons, stylos, cartables, trousses&#8230;pour les 600 \u00e9l\u00e8ves des 7 \u00e9coles \u00e9l\u00e9mentaires et maternelles de [&hellip;]<\/p>\n","protected":false},"author":2,"featured_media":0,"comment_status":"open","ping_status":"open","sticky":false,"template":"","format":"standard","meta":{"jetpack_post_was_ever_published":false,"_jetpack_newsletter_access":"","_jetpack_dont_email_post_to_subs":false,"_jetpack_newsletter_tier_id":0,"_jetpack_memberships_contains_paywalled_content":false,"_jetpack_memberships_contains_paid_content":false,"footnotes":""},"categories":[1],"tags":[],"class_list":["post-4585","post","type-post","status-publish","format-standard","hentry","category-non-classe"],"jetpack_featured_media_url":"","jetpack_sharing_enabled":true,"jetpack_shortlink":"https:\/\/wp.me\/p5o8j7-1bX","_links":{"self":[{"href":"http:\/\/www.unenfantuncartable17.fr\/index.php?rest_route=\/wp\/v2\/posts\/4585","targetHints":{"allow":["GET"]}}],"collection":[{"href":"http:\/\/www.unenfantuncartable17.fr\/index.php?rest_route=\/wp\/v2\/posts"}],"about":[{"href":"http:\/\/www.unenfantuncartable17.fr\/index.php?rest_route=\/wp\/v2\/types\/post"}],"author":[{"embeddable":true,"href":"http:\/\/www.unenfantuncartable17.fr\/index.php?rest_route=\/wp\/v2\/users\/2"}],"replies":[{"embeddable":true,"href":"http:\/\/www.unenfantuncartable17.fr\/index.php?rest_route=%2Fwp%2Fv2%2Fcomments&post=4585"}],"version-history":[{"count":8,"href":"http:\/\/www.unenfantuncartable17.fr\/index.php?rest_route=\/wp\/v2\/posts\/4585\/revisions"}],"predecessor-version":[{"id":4598,"href":"http:\/\/www.unenfantuncartable17.fr\/index.php?rest_route=\/wp\/v2\/posts\/4585\/revisions\/4598"}],"wp:attachment":[{"href":"http:\/\/www.unenfantuncartable17.fr\/index.php?rest_route=%2Fwp%2Fv2%2Fmedia&parent=4585"}],"wp:term":[{"taxonomy":"category","embeddable":true,"href":"http:\/\/www.unenfantuncartable17.fr\/index.php?rest_route=%2Fwp%2Fv2%2Fcategories&post=4585"},{"taxonomy":"post_tag","embeddable":true,"href":"http:\/\/www.unenfantuncartable17.fr\/index.php?rest_route=%2Fwp%2Fv2%2Ftags&post=4585"}],"curies":[{"name":"wp","href":"https:\/\/api.w.org\/{rel}","templated":true}]}}