{"id":4411,"date":"2024-01-30T18:27:03","date_gmt":"2024-01-30T17:27:03","guid":{"rendered":"http:\/\/www.unenfantuncartable17.fr\/?p=4411"},"modified":"2024-01-31T11:24:18","modified_gmt":"2024-01-31T10:24:18","slug":"le-23-mars-assemblee-generale","status":"publish","type":"post","link":"http:\/\/www.unenfantuncartable17.fr\/?p=4411","title":{"rendered":"Le 23 mars, Assembl\u00e9e G\u00e9n\u00e9rale !"},"content":{"rendered":"\n\n\n<p><span style=\"font-size: 14pt;\"><strong><span style=\"font-family: arial, helvetica, sans-serif; color: #993300;\">Chers amis, chers adh\u00e9rents,<\/span><\/strong><\/span><\/p>\n<p><span style=\"font-size: 14pt;\"><strong><span style=\"font-family: arial, helvetica, sans-serif; color: #993300;\"><span style=\"color: #808000;\">Vous \u00eates invit\u00e9s \u00e0 participer \u00e0<\/span>\u00a0l\u2019assembl\u00e9e g\u00e9n\u00e9rale\u00a0de :<\/span><\/strong><\/span><\/p>\n<p><span style=\"font-size: 14pt;\"><strong><span style=\"font-family: arial, helvetica, sans-serif; color: #993300;\">\u00abUn Enfant, Un Cartable\u00bb Association Jean-Louis Baroin,<\/span><\/strong><\/span><\/p>\n<p><span style=\"font-size: 14pt;\"><strong><span style=\"font-family: arial, helvetica, sans-serif; color: #993300;\"><span style=\"color: #808000;\">Samedi 23 mars \u00e0 16 h 30<\/span> (r\u00e9gularisation des cotisations \u00e0 16 h)<\/span><\/strong><\/span><\/p>\n<p><span style=\"font-size: 14pt;\"><strong><span style=\"font-family: arial, helvetica, sans-serif; color: #993300;\">Maison des Associations, 8 rue L\u00e9once Vieljeux, Nieul\/Mer.<\/span><\/strong><\/span><\/p>\n<p><span style=\"font-size: 14pt; color: #808000;\"><strong><span style=\"font-family: arial, helvetica, sans-serif;\">Ordre du Jour :<\/span><\/strong><\/span><\/p>\n<ul>\n<li><span style=\"font-size: 14pt;\"><strong><span style=\"font-family: arial, helvetica, sans-serif; color: #993300;\">Rapport moral et d\u2019activit\u00e9s.<\/span><\/strong><\/span><\/li>\n<li><span style=\"font-size: 14pt;\"><strong><span style=\"font-family: arial, helvetica, sans-serif; color: #993300;\">Rapport financier et quitus.<\/span><\/strong><\/span><\/li>\n<li><span style=\"font-size: 14pt;\"><strong><span style=\"font-family: arial, helvetica, sans-serif; color: #993300;\">Elections au Conseil d\u2019Administration.<\/span><\/strong><\/span><\/li>\n<li><span style=\"font-size: 14pt;\"><strong><span style=\"font-family: arial, helvetica, sans-serif; color: #993300;\">Questions diverses.<\/span><\/strong><\/span><\/li>\n<\/ul>\n<p><span style=\"font-size: 14pt;\"><strong><span style=\"font-family: arial, helvetica, sans-serif; color: #993300;\">Afin de pr\u00e9parer cette assembl\u00e9e g\u00e9n\u00e9rale voici les rapports\u00a0soumis au vote.<\/span><\/strong><\/span><\/p>\n<ul>\n<li><span style=\"font-size: 14pt;\"><strong><span style=\"font-family: arial, helvetica, sans-serif; color: #993300;\"><span style=\"color: #808000;\"> <a href=\"http:\/\/www.unenfantuncartable17.fr\/wp-content\/uploads\/2024\/01\/AG-2024.pdf\">AG 2024<\/a> <\/span><em>(cliquez)<\/em><\/span><\/strong><\/span><\/li>\n<li><span style=\"font-size: 14pt;\"><strong><span style=\"font-family: arial, helvetica, sans-serif; color: #993300;\"><span style=\"color: #808000;\"><a href=\"http:\/\/www.unenfantuncartable17.fr\/wp-content\/uploads\/2024\/01\/Budget-realise-2023.pdf\">Budget r\u00e9alis\u00e9 2023<\/a> <\/span><em>(cliquez)<\/em><\/span><\/strong><\/span><\/li>\n<li><span style=\"font-size: 14pt;\"><strong><span style=\"font-family: arial, helvetica, sans-serif; color: #993300;\"><em><u>Ces rapports sont \u00e0 \u00e9diter par vos soins. Ils ne seront pas fournis lors de l&rsquo;AG.<\/u><\/em><\/span><\/strong><\/span><\/li>\n<\/ul>\n<p><span style=\"font-size: 14pt;\"><strong><span style=\"font-family: arial, helvetica, sans-serif; color: #993300;\"><span style=\"color: #808000;\"><em>A<u>\u00a019h30,<\/u><\/em>\u00a0<em>u<u>n repas, est propos\u00e9 au restaurant \u00ab\u00a0les Gourmets\u00a0\u00bb \u00ab\u00a0, 10 rue Jean-Baptiste Jourdan \u00e0 Lagord (\u00e0 c\u00f4t\u00e9 de la mairie)<\/u><\/em><\/span><\/span><\/strong><\/span><\/p>\n<p><span style=\"font-size: 14pt;\"><strong><span style=\"font-family: arial, helvetica, sans-serif; color: #993300;\">Votre ch\u00e8que de r\u00e9servation (25 \u20ac, entr\u00e9e, plat, dessert, caf\u00e9. Vin en plus) est \u00e0 envoyer avant le 18 mars \u00e0 :<\/span><\/strong><\/span><\/p>\n<ul>\n<li><span style=\"color: #808000; font-size: 14pt;\"><strong><span style=\"font-family: arial, helvetica, sans-serif;\">Louis Le Bl\u00e9vec, 12 square des Martins P\u00e9cheurs, 17000 La Rochelle<\/span><\/strong><\/span><\/li>\n<\/ul>\n<p><span style=\"font-size: 14pt;\"><strong><span style=\"font-family: arial, helvetica, sans-serif; color: #993300;\">Merci de votre pr\u00e9sence <span style=\"color: #808000;\"><u>ou de votre pouvoir* (ci-dessous)<\/u><\/span><\/span><\/strong><\/span><\/p>\n<p><span style=\"font-size: 14pt;\"><strong><span style=\"font-family: arial, helvetica, sans-serif; color: #993300;\">Pour le conseil d&rsquo;administration, le pr\u00e9sident,<\/span><\/strong><\/span><\/p>\n<p><span style=\"font-size: 14pt;\"><strong><span style=\"font-family: arial, helvetica, sans-serif; color: #993300;\">Jean-Claude Brossard<\/span><\/strong><\/span><\/p>\n<p><span style=\"font-size: 14pt;\"><strong><span style=\"font-family: arial, helvetica, sans-serif; color: #993300;\"><em>*<span style=\"color: #808000;\">Bon pour pouvoir \u00e0 adresser :<\/span><\/em><\/span><\/strong><\/span><\/p>\n<ul>\n<li><span style=\"font-size: 14pt; color: #808000;\"><strong><span style=\"font-family: arial, helvetica, sans-serif;\">Catherine Muller, 32 rue de Beauregard, 17137 Nieul sur Mer.<\/span><\/strong><\/span><\/li>\n<\/ul>\n<p><span style=\"font-size: 14pt;\"><strong><span style=\"font-family: arial, helvetica, sans-serif; color: #993300;\">Madame, Monsieur\u2026\u2026\u2026\u2026\u2026\u2026\u2026\u2026\u2026\u2026\u2026\u2026\u2026\u2026\u2026\u2026\u2026\u2026\u2026\u2026\u2026\u2026\u2026\u2026\u2026\u2026\u2026\u2026.<\/span><\/strong><\/span><\/p>\n<p><span style=\"font-size: 14pt;\"><strong><span style=\"font-family: arial, helvetica, sans-serif; color: #993300;\">Adresse\u2026\u2026\u2026\u2026\u2026\u2026\u2026\u2026\u2026\u2026\u2026\u2026\u2026\u2026\u2026\u2026\u2026\u2026\u2026\u2026\u2026\u2026\u2026\u2026\u2026\u2026\u2026\u2026&#8230;<\/span><\/strong><\/span><\/p>\n<p><span style=\"font-size: 14pt;\"><strong><span style=\"font-family: arial, helvetica, sans-serif; color: #993300;\">Donne pouvoir \u00e0<\/span><\/strong><\/span><\/p>\n<p><span style=\"font-size: 14pt;\"><strong><span style=\"font-family: arial, helvetica, sans-serif; color: #993300;\">\u2026\u2026\u2026\u2026\u2026\u2026\u2026\u2026\u2026\u2026\u2026\u2026\u2026\u2026\u2026\u2026\u2026\u2026\u2026\u2026\u2026\u2026\u2026\u2026\u2026\u2026\u2026\u2026\u2026\u2026\u2026&#8230;&#8230;<\/span><\/strong><\/span><\/p>\n<p><span style=\"font-size: 14pt;\"><strong><span style=\"font-family: arial, helvetica, sans-serif; color: #993300;\">Pour \u00eatre repr\u00e9sent\u00e9(e) le\u00a0 23 mars 2024, 16h30 \u00e0 l\u2019assembl\u00e9e g\u00e9n\u00e9rale.<\/span><\/strong><\/span><\/p>\n<p><span style=\"font-size: 14pt;\"><strong><span style=\"font-family: arial, helvetica, sans-serif; color: #993300;\">Date<\/span><\/strong><\/span><\/p>\n<p><span style=\"font-size: 14pt;\"><strong><span style=\"font-family: arial, helvetica, sans-serif; color: #993300;\">Signature<\/span><\/strong><\/span><\/p>\n","protected":false},"excerpt":{"rendered":"<p>Chers amis, chers adh\u00e9rents, Vous \u00eates invit\u00e9s \u00e0 participer \u00e0\u00a0l\u2019assembl\u00e9e g\u00e9n\u00e9rale\u00a0de : \u00abUn Enfant, Un Cartable\u00bb Association Jean-Louis Baroin, Samedi 23 mars \u00e0 16 h 30 (r\u00e9gularisation des cotisations \u00e0 16 h) Maison des Associations, 8 rue L\u00e9once Vieljeux, Nieul\/Mer. Ordre du Jour : Rapport moral et d\u2019activit\u00e9s. Rapport financier et quitus. Elections au Conseil [&hellip;]<\/p>\n","protected":false},"author":2,"featured_media":0,"comment_status":"open","ping_status":"open","sticky":false,"template":"","format":"standard","meta":{"jetpack_post_was_ever_published":false,"_jetpack_newsletter_access":"","_jetpack_dont_email_post_to_subs":false,"_jetpack_newsletter_tier_id":0,"_jetpack_memberships_contains_paywalled_content":false,"_jetpack_memberships_contains_paid_content":false,"footnotes":""},"categories":[1],"tags":[],"class_list":["post-4411","post","type-post","status-publish","format-standard","hentry","category-non-classe"],"jetpack_featured_media_url":"","jetpack_sharing_enabled":true,"jetpack_shortlink":"https:\/\/wp.me\/p5o8j7-199","_links":{"self":[{"href":"http:\/\/www.unenfantuncartable17.fr\/index.php?rest_route=\/wp\/v2\/posts\/4411","targetHints":{"allow":["GET"]}}],"collection":[{"href":"http:\/\/www.unenfantuncartable17.fr\/index.php?rest_route=\/wp\/v2\/posts"}],"about":[{"href":"http:\/\/www.unenfantuncartable17.fr\/index.php?rest_route=\/wp\/v2\/types\/post"}],"author":[{"embeddable":true,"href":"http:\/\/www.unenfantuncartable17.fr\/index.php?rest_route=\/wp\/v2\/users\/2"}],"replies":[{"embeddable":true,"href":"http:\/\/www.unenfantuncartable17.fr\/index.php?rest_route=%2Fwp%2Fv2%2Fcomments&post=4411"}],"version-history":[{"count":8,"href":"http:\/\/www.unenfantuncartable17.fr\/index.php?rest_route=\/wp\/v2\/posts\/4411\/revisions"}],"predecessor-version":[{"id":4702,"href":"http:\/\/www.unenfantuncartable17.fr\/index.php?rest_route=\/wp\/v2\/posts\/4411\/revisions\/4702"}],"wp:attachment":[{"href":"http:\/\/www.unenfantuncartable17.fr\/index.php?rest_route=%2Fwp%2Fv2%2Fmedia&parent=4411"}],"wp:term":[{"taxonomy":"category","embeddable":true,"href":"http:\/\/www.unenfantuncartable17.fr\/index.php?rest_route=%2Fwp%2Fv2%2Fcategories&post=4411"},{"taxonomy":"post_tag","embeddable":true,"href":"http:\/\/www.unenfantuncartable17.fr\/index.php?rest_route=%2Fwp%2Fv2%2Ftags&post=4411"}],"curies":[{"name":"wp","href":"https:\/\/api.w.org\/{rel}","templated":true}]}}