{"id":44,"date":"2012-01-29T18:47:00","date_gmt":"2012-01-29T18:47:00","guid":{"rendered":"http:\/\/www.unenfantuncartable17.fr\/?p=44"},"modified":"2015-01-13T12:02:05","modified_gmt":"2015-01-13T11:02:05","slug":"l-assemblee-generale-le-mai","status":"publish","type":"post","link":"http:\/\/www.unenfantuncartable17.fr\/?p=44","title":{"rendered":"L&rsquo;assembl\u00e9e g\u00e9n\u00e9rale, le 25 mai !"},"content":{"rendered":"<div class=\"ob-section ob-section-html\">\n<p><span style=\"color: #993300;\"><span style=\"font-size: 14pt;\"><strong><span style=\"font-family: arial, helvetica, sans-serif;\">Prenez date !<\/span><\/strong><\/span><strong>\u00a0<\/strong><\/span><\/p>\n<p><span style=\"color: #993300; font-size: 14pt;\"><strong><span style=\"font-family: arial, helvetica, sans-serif;\">Le 25 mai notre association tiendra son assembl\u00e9e g\u00e9n\u00e9rale \u00e0 partir de 18 h 30 \u00e0 la maison de quartier de Port Neuf \u00e0 La Rochelle.<\/span><\/strong><\/span><\/p>\n<p><span style=\"color: #808000;\"><span style=\"font-size: 14pt;\"><strong><span style=\"font-family: arial, helvetica, sans-serif;\">Apr\u00e8s ce temps fort, les adh\u00e9rents sont cordialement convi\u00e9s \u00e0 participer \u00e0 une soir\u00e9e festive dans le foyer de la maison de quartier.<\/span><\/strong><\/span><strong>\u00a0<\/strong><\/span><\/p>\n<p><span style=\"font-size: 14pt; color: #808000;\"><strong><span style=\"font-family: arial, helvetica, sans-serif;\">Le conseil d&rsquo;administration a souhait\u00e9 que le plus grand nombre d&rsquo;entre nous puisse participer \u00e0 cette rencontre annuelle.<\/span><\/strong><\/span><\/p>\n<p><span style=\"color: #993300;\"><span style=\"font-size: 14pt;\"><strong><span style=\"font-family: arial, helvetica, sans-serif;\">Pour 20 \u20ac par personne ( sans boisson) chacun pourra se restaurer et assister \u00e0 un spectacle intitul\u00e9 \u00ab\u00a0Sous les ponts de Paris\u00a0\u00bb.<\/span><\/strong><\/span><strong><span style=\"font-family: arial, helvetica, sans-serif;\">\u00a0<\/span><\/strong><\/span><\/p>\n<p><span style=\"font-size: 14pt; color: #993300;\"><strong><span style=\"font-family: arial, helvetica, sans-serif;\">Des chansons r\u00e9alistes du d\u00e9but du 20 \u00e8me si\u00e9cle chant\u00e9es\u00a0par Sophie Apr\u00e9a du Th\u00e9\u00e2tre de l&rsquo;Alchimiste, avec Daniel Didier \u00e0 l&rsquo;accord\u00e9on.<\/span><\/strong><\/span><\/p>\n<p><span style=\"color: #808000;\"><span style=\"font-size: 14pt;\"><strong><span style=\"font-family: arial, helvetica, sans-serif;\">Une pi\u00e8ce \u00e0 2 personnages m\u00ealant chansons, musique et com\u00e9die. Musiques de Georges Van Parys, Vincent Scotto, Louis Lafforgue, Maurice Yvain, Emile Carrara, Daniderf&#8230;<\/span><\/strong><\/span><span style=\"font-family: arial, helvetica, sans-serif;\">\u00a0<\/span>\u00a0<\/span><\/p>\n<p style=\"margin-bottom: 0pt;\"><span style=\"font-size: 14pt; color: #808000;\"><strong><span style=\"font-family: arial, helvetica, sans-serif;\">Une\u00a0fille sur fond de chansons r\u00e9alistes et de prose savoureuse, raconte la rue, le trottoir, la vie, se glissant tour \u00e0 tour dans la peau d&rsquo;une gamine, d&rsquo;une pierreuse ou autre reine des faubourgs.<\/span><\/strong><\/span><\/p>\n<p style=\"margin-bottom: 0pt;\"><span style=\"color: #993300; font-size: 14pt;\"><strong><span style=\"font-family: arial, helvetica, sans-serif;\">Venez nombreux !<\/span><\/strong><\/span><\/p>\n<\/div>\n","protected":false},"excerpt":{"rendered":"<p>Prenez date !\u00a0 Le 25 mai notre association tiendra son assembl\u00e9e g\u00e9n\u00e9rale \u00e0 partir de 18 h 30 \u00e0 la maison de quartier de Port Neuf \u00e0 La Rochelle. Apr\u00e8s ce temps fort, les adh\u00e9rents sont cordialement convi\u00e9s \u00e0 participer \u00e0 une soir\u00e9e festive dans le foyer de la maison de quartier.\u00a0 Le conseil d&rsquo;administration [&hellip;]<\/p>\n","protected":false},"author":2,"featured_media":0,"comment_status":"open","ping_status":"open","sticky":false,"template":"","format":"standard","meta":{"jetpack_post_was_ever_published":false,"_jetpack_newsletter_access":"","_jetpack_dont_email_post_to_subs":false,"_jetpack_newsletter_tier_id":0,"_jetpack_memberships_contains_paywalled_content":false,"_jetpack_memberships_contains_paid_content":false,"footnotes":""},"categories":[1],"tags":[],"class_list":["post-44","post","type-post","status-publish","format-standard","hentry","category-non-classe"],"jetpack_featured_media_url":"","jetpack_sharing_enabled":true,"jetpack_shortlink":"https:\/\/wp.me\/p5o8j7-I","_links":{"self":[{"href":"http:\/\/www.unenfantuncartable17.fr\/index.php?rest_route=\/wp\/v2\/posts\/44","targetHints":{"allow":["GET"]}}],"collection":[{"href":"http:\/\/www.unenfantuncartable17.fr\/index.php?rest_route=\/wp\/v2\/posts"}],"about":[{"href":"http:\/\/www.unenfantuncartable17.fr\/index.php?rest_route=\/wp\/v2\/types\/post"}],"author":[{"embeddable":true,"href":"http:\/\/www.unenfantuncartable17.fr\/index.php?rest_route=\/wp\/v2\/users\/2"}],"replies":[{"embeddable":true,"href":"http:\/\/www.unenfantuncartable17.fr\/index.php?rest_route=%2Fwp%2Fv2%2Fcomments&post=44"}],"version-history":[{"count":2,"href":"http:\/\/www.unenfantuncartable17.fr\/index.php?rest_route=\/wp\/v2\/posts\/44\/revisions"}],"predecessor-version":[{"id":478,"href":"http:\/\/www.unenfantuncartable17.fr\/index.php?rest_route=\/wp\/v2\/posts\/44\/revisions\/478"}],"wp:attachment":[{"href":"http:\/\/www.unenfantuncartable17.fr\/index.php?rest_route=%2Fwp%2Fv2%2Fmedia&parent=44"}],"wp:term":[{"taxonomy":"category","embeddable":true,"href":"http:\/\/www.unenfantuncartable17.fr\/index.php?rest_route=%2Fwp%2Fv2%2Fcategories&post=44"},{"taxonomy":"post_tag","embeddable":true,"href":"http:\/\/www.unenfantuncartable17.fr\/index.php?rest_route=%2Fwp%2Fv2%2Ftags&post=44"}],"curies":[{"name":"wp","href":"https:\/\/api.w.org\/{rel}","templated":true}]}}