{"id":4395,"date":"2023-12-18T11:36:00","date_gmt":"2023-12-18T10:36:00","guid":{"rendered":"http:\/\/www.unenfantuncartable17.fr\/?p=4395"},"modified":"2023-12-18T11:36:04","modified_gmt":"2023-12-18T10:36:04","slug":"bonne-annee-solidaire-3","status":"publish","type":"post","link":"http:\/\/www.unenfantuncartable17.fr\/?p=4395","title":{"rendered":"Bonne ann\u00e9e solidaire !"},"content":{"rendered":"\n\n<p><span style=\"font-family: 'arial black', sans-serif; color: #993300; font-size: 14pt;\"><strong><span style=\"color: #808000;\">Depuis 16 ans,<\/span> <\/strong>notre engagement au S\u00e9n\u00e9gal est contenu dans cette id\u00e9e : l\u2019\u00e9ducation, l\u2019\u00e9mancipation, la confrontation pacifique des id\u00e9es sont les seuls moyens de sortir des pr\u00e9jug\u00e9s pour s\u2019\u00e9lever au-dessus de toutes les servitudes id\u00e9ologiques et des d\u00e9terminismes sociaux.&nbsp;<\/span><\/p>\n<p><span style=\"font-family: 'arial black', sans-serif; color: #993300; font-size: 14pt;\">Nous faisons volontiers notre cet objectif du <strong>d\u00e9veloppement<\/strong> durable de l\u2019ONU&nbsp;: <strong><span style=\"color: #808000;\">\u00ab&nbsp;L\u2019\u00e9galit\u00e9 des sexes n\u2019est pas seulement un droit fondamental \u00e0 la personne, elle est aussi un fondement n\u00e9cessaire pour l\u2019instauration d\u2019un monde pacifique, prosp\u00e8re et durable&nbsp;\u00bb<\/span><\/strong><\/span><\/p>\n<p><span style=\"font-family: 'arial black', sans-serif; color: #993300; font-size: 14pt;\">Par notre action incessante que nous esp\u00e9rons f\u00e9conde,<strong><span style=\"color: #808000;\"> gr\u00e2ce \u00e0 votre engagement,<\/span><\/strong>&nbsp;nous luttons contre les in\u00e9galit\u00e9s. Nous engageons des principes de justice sociale quand nous contribuons \u00e0 l\u2019\u00e9ducation des gar\u00e7ons et des filles du S\u00e9n\u00e9gal et \u00e0 l\u2019exercice de la solidarit\u00e9 dans les \u00e9coles de Charente-Maritime.<\/span><\/p>\n<p><span style=\"font-family: 'arial black', sans-serif; color: #808000; font-size: 14pt;\">L\u2019\u00e9ducation reste notre unique boussole. Se b\u00e2tir permet de b\u00e2tir.<\/span><\/p>\n<p><span style=\"font-family: 'arial black', sans-serif; color: #808000; font-size: 14pt;\"><span style=\"font-family: 'arial black', sans-serif; color: #993300; font-size: 14pt;\">Le conseil d\u2019administration vous souhaite une belle ann\u00e9e 2024 !<\/span><\/span><\/p>\n<p><span style=\"font-family: 'arial black', sans-serif; color: #993300; font-size: 14pt;\">Pour le conseil d\u2019administration,<\/span><\/p>\n<p><span style=\"font-family: 'arial black', sans-serif; color: #993300; font-size: 14pt;\">Le Pr\u00e9sident,<\/span><\/p>\n<p><span style=\"font-family: 'arial black', sans-serif; color: #993300; font-size: 14pt;\">Jean-Claude Brossard<\/span><\/p>\n\n","protected":false},"excerpt":{"rendered":"<p>Depuis 16 ans, notre engagement au S\u00e9n\u00e9gal est contenu dans cette id\u00e9e : l\u2019\u00e9ducation, l\u2019\u00e9mancipation, la confrontation pacifique des id\u00e9es sont les seuls moyens de sortir des pr\u00e9jug\u00e9s pour s\u2019\u00e9lever au-dessus de toutes les servitudes id\u00e9ologiques et des d\u00e9terminismes sociaux.&nbsp; Nous faisons volontiers notre cet objectif du d\u00e9veloppement durable de l\u2019ONU&nbsp;: \u00ab&nbsp;L\u2019\u00e9galit\u00e9 des sexes n\u2019est [&hellip;]<\/p>\n","protected":false},"author":2,"featured_media":0,"comment_status":"open","ping_status":"open","sticky":false,"template":"","format":"standard","meta":{"jetpack_post_was_ever_published":false,"_jetpack_newsletter_access":"","_jetpack_dont_email_post_to_subs":false,"_jetpack_newsletter_tier_id":0,"_jetpack_memberships_contains_paywalled_content":false,"_jetpack_memberships_contains_paid_content":false,"footnotes":""},"categories":[1],"tags":[],"class_list":["post-4395","post","type-post","status-publish","format-standard","hentry","category-non-classe"],"jetpack_featured_media_url":"","jetpack_sharing_enabled":true,"jetpack_shortlink":"https:\/\/wp.me\/p5o8j7-18T","_links":{"self":[{"href":"http:\/\/www.unenfantuncartable17.fr\/index.php?rest_route=\/wp\/v2\/posts\/4395","targetHints":{"allow":["GET"]}}],"collection":[{"href":"http:\/\/www.unenfantuncartable17.fr\/index.php?rest_route=\/wp\/v2\/posts"}],"about":[{"href":"http:\/\/www.unenfantuncartable17.fr\/index.php?rest_route=\/wp\/v2\/types\/post"}],"author":[{"embeddable":true,"href":"http:\/\/www.unenfantuncartable17.fr\/index.php?rest_route=\/wp\/v2\/users\/2"}],"replies":[{"embeddable":true,"href":"http:\/\/www.unenfantuncartable17.fr\/index.php?rest_route=%2Fwp%2Fv2%2Fcomments&post=4395"}],"version-history":[{"count":10,"href":"http:\/\/www.unenfantuncartable17.fr\/index.php?rest_route=\/wp\/v2\/posts\/4395\/revisions"}],"predecessor-version":[{"id":4405,"href":"http:\/\/www.unenfantuncartable17.fr\/index.php?rest_route=\/wp\/v2\/posts\/4395\/revisions\/4405"}],"wp:attachment":[{"href":"http:\/\/www.unenfantuncartable17.fr\/index.php?rest_route=%2Fwp%2Fv2%2Fmedia&parent=4395"}],"wp:term":[{"taxonomy":"category","embeddable":true,"href":"http:\/\/www.unenfantuncartable17.fr\/index.php?rest_route=%2Fwp%2Fv2%2Fcategories&post=4395"},{"taxonomy":"post_tag","embeddable":true,"href":"http:\/\/www.unenfantuncartable17.fr\/index.php?rest_route=%2Fwp%2Fv2%2Ftags&post=4395"}],"curies":[{"name":"wp","href":"https:\/\/api.w.org\/{rel}","templated":true}]}}