{"id":4293,"date":"2023-12-04T09:47:41","date_gmt":"2023-12-04T08:47:41","guid":{"rendered":"http:\/\/www.unenfantuncartable17.fr\/?p=4293"},"modified":"2023-12-04T09:47:44","modified_gmt":"2023-12-04T08:47:44","slug":"bilan-de-la-derniere-mission-a-mar-lodj","status":"publish","type":"post","link":"http:\/\/www.unenfantuncartable17.fr\/?p=4293","title":{"rendered":"Bilan de la derni\u00e8re mission \u00e0 Mar Lodj"},"content":{"rendered":"\n<p><span style=\"font-size: 18pt;\"><strong><span style=\"font-family: arial, helvetica, sans-serif; color: #993300;\">R\u00e9alis\u00e9e du<span style=\"color: #808000;\"> 11 au 25 novembre dernier<\/span>, la mission d&rsquo;automne a \u00e9t\u00e9 riche d&rsquo;enseignements. R\u00e9unis pour une s\u00e9ance de travail les directeurs d&rsquo;\u00e9coles ont confirm\u00e9 la conformit\u00e9 des livraisons <\/span><span style=\"font-family: arial, helvetica, sans-serif; color: #808000;\">(valeur 12.000 \u20ac)<\/span><span style=\"font-family: arial, helvetica, sans-serif; color: #993300;\"> r\u00e9alis\u00e9es d\u00e9but octobre par les fournisseurs et coordonn\u00e9es par notre correspondant, Moustapha Diouf. <\/span><\/strong><\/span><strong><span style=\"font-family: arial, helvetica, sans-serif; font-size: 18pt; color: #993300;\">Il faut le remercier de son implication dans notre dispositif qui responsabilise nos partenaires.<\/span><\/strong><\/p>\n<p>\u00a0<\/p>\n<div id=\"attachment_4303\" style=\"width: 460px\" class=\"wp-caption alignleft\"><a href=\"http:\/\/www.unenfantuncartable17.fr\/wp-content\/uploads\/2023\/11\/DSCN6885.jpg\"><img loading=\"lazy\" decoding=\"async\" aria-describedby=\"caption-attachment-4303\" class=\" wp-image-4303\" src=\"http:\/\/www.unenfantuncartable17.fr\/wp-content\/uploads\/2023\/11\/DSCN6885-300x225.jpg\" alt=\"\" width=\"450\" height=\"337\" srcset=\"http:\/\/www.unenfantuncartable17.fr\/wp-content\/uploads\/2023\/11\/DSCN6885-300x225.jpg 300w, http:\/\/www.unenfantuncartable17.fr\/wp-content\/uploads\/2023\/11\/DSCN6885-768x576.jpg 768w, http:\/\/www.unenfantuncartable17.fr\/wp-content\/uploads\/2023\/11\/DSCN6885.jpg 1024w\" sizes=\"auto, (max-width: 450px) 100vw, 450px\" \/><\/a><p id=\"caption-attachment-4303\" class=\"wp-caption-text\"><span style=\"font-size: 12pt; color: #993300;\">6<em>70 \u00e9l\u00e8ves \u00e0 la rentr\u00e9e<\/em><\/span><\/p><\/div>\n<p style=\"text-align: left;\">\u00a0<\/p>\n<p>\u00a0<\/p>\n<p>\u00a0<\/p>\n<p>\u00a0<\/p>\n<p>\u00a0<\/p>\n<p>\u00a0<\/p>\n<p>\u00a0<\/p>\n<p>\u00a0<\/p>\n<p>\u00a0<\/p>\n<p style=\"text-align: left;\"><span style=\"color: #993300;\"><strong><span style=\"font-family: arial, helvetica, sans-serif;\"><span style=\"font-size: 18pt;\">Mais nous avons aussi constat\u00e9 la persistance d&rsquo;un\u00a0 ph\u00e9nom\u00e8ne-sensible depuis quelques ann\u00e9es- <span style=\"color: #808000;\">la baisse des effectifs, notamment dans un village.<\/span> La co\u00efncidence avec l&rsquo;arriv\u00e9e de trois \u00e9coles coraniques (o\u00f9 seul le Coran est enseign\u00e9) ne peut \u00eatre fortuite. Si on ajoute \u00e0 cela la baisse de la natalit\u00e9, perceptible depuis quelques ann\u00e9es (et on ne peut que s&rsquo;en r\u00e9jouir) <span style=\"color: #808000;\">le r\u00e9sultat se lit dans les statistiques : de 1000 enfants il y a 5 ans, la population scolaris\u00e9e s&rsquo;\u00e9tablit d\u00e9sormais \u00e0 542 en \u00e9l\u00e9mentaires et 128 en maternelles, soit 670.<\/span> <span style=\"color: #808000;\">Une chute de 30 %.<\/span> Une concurrence que les enseignants d\u00e9plorent. Malgr\u00e9 l\u2019embauche de ma\u00eetres d\u2019arabe (en r\u00e9alit\u00e9 enseignant le Coran) les parents craignent que leurs enfants ne deviennent de \u00ab\u00a0mauvais musulmans\u00a0\u00bb en fr\u00e9quentant l\u2019\u00e9cole publique. <\/span><\/span><\/strong><\/span><span style=\"color: #808000;\"><strong><span style=\"font-family: arial, helvetica, sans-serif;\"><span style=\"font-size: 18pt;\">Ces \u00e9l\u00e9ments unanimes nous ont \u00e9t\u00e9 rapport\u00e9s par les directeurs eux-m\u00eames.<\/span><\/span><\/strong><\/span><\/p>\n<p style=\"text-align: left;\"><span style=\"color: #993300;\"><strong><span style=\"font-family: arial, helvetica, sans-serif;\"><span style=\"font-size: 18pt;\">Ajoutons, pour \u00eatre pr\u00e9cis, que nous n&rsquo;avons pas not\u00e9 de pouss\u00e9e de fi\u00e8vre int\u00e9griste dans l&rsquo;\u00eele qui reste paisible. La tendance observ\u00e9e est plus s\u00fbrement due \u00e0 une inqui\u00e9tude \u00ab\u00a0de fond\u00a0\u00bb, que la pr\u00e9gnance religieuse est cens\u00e9e r\u00e9soudre. <\/span><\/span><\/strong><\/span><\/p>\n<p style=\"text-align: left;\"><span style=\"color: #993300;\"><strong><span style=\"font-family: arial, helvetica, sans-serif;\"><span style=\"font-size: 18pt;\">Dans un pays menac\u00e9 de d\u00e9stabilisation populiste, saign\u00e9 par l&rsquo;\u00e9migration clandestine et frapp\u00e9 par les cons\u00e9quences du changement climatique, peut-\u00eatre n&rsquo;y a t-il rien d&rsquo;\u00e9tonnant malgr\u00e9 un d\u00e9but d&rsquo;\u00e9mergence \u00e9conomique ?<\/span><\/span><\/strong><\/span><\/p>\n<div id=\"attachment_2339\" style=\"width: 461px\" class=\"wp-caption alignleft\"><a href=\"http:\/\/www.unenfantuncartable17.fr\/wp-content\/uploads\/2020\/03\/4-Gde-section-2.jpg\"><img loading=\"lazy\" decoding=\"async\" aria-describedby=\"caption-attachment-2339\" class=\" wp-image-2339\" src=\"http:\/\/www.unenfantuncartable17.fr\/wp-content\/uploads\/2020\/03\/4-Gde-section-2-300x225.jpg\" alt=\"\" width=\"451\" height=\"338\" srcset=\"http:\/\/www.unenfantuncartable17.fr\/wp-content\/uploads\/2020\/03\/4-Gde-section-2-300x225.jpg 300w, http:\/\/www.unenfantuncartable17.fr\/wp-content\/uploads\/2020\/03\/4-Gde-section-2-768x576.jpg 768w, http:\/\/www.unenfantuncartable17.fr\/wp-content\/uploads\/2020\/03\/4-Gde-section-2.jpg 1024w\" sizes=\"auto, (max-width: 451px) 100vw, 451px\" \/><\/a><p id=\"caption-attachment-2339\" class=\"wp-caption-text\"><span style=\"color: #993300;\"><em>les maternelles devront faire l&rsquo;objet de toute notre attention<\/em><\/span><\/p><\/div>\n<p>\u00a0<\/p>\n<p>\u00a0<\/p>\n<p>\u00a0<\/p>\n<p>\u00a0<\/p>\n<p>\u00a0<\/p>\n<p>\u00a0<\/p>\n<p>\u00a0<\/p>\n<p>\u00a0<\/p>\n<p>\u00a0<\/p>\n<p><span style=\"color: #993300; font-size: 18pt;\"><strong><span style=\"font-family: arial, helvetica, sans-serif;\"><span style=\"color: #808000;\">Il ne faut donc surtout pas rel\u00e2cher l&rsquo;effort,<\/span> notamment en achetant suffisamment de livres dont les enseignants ont un tr\u00e8s grand besoin ! Nous allons aussi r\u00e9fl\u00e9chir \u00e0 l&rsquo;intervention la plus pertinente possible aupr\u00e8s des \u00e9coles maternelles, afin accro\u00eetre leur attractivit\u00e9, car elles sont la porte d&rsquo;entr\u00e9e d&rsquo;une \u00e9cole du savoir et de la libert\u00e9. <\/span><\/strong><\/span><\/p>\n<p><span style=\"color: #993300; font-size: 18pt;\"><strong><span style=\"font-family: arial, helvetica, sans-serif;\">Les directeurs n&rsquo;ont pas manqu\u00e9 de mentionner <span style=\"color: #808000;\">les excellents r\u00e9sultats (95 \u00e0 100 % de r\u00e9ussite) aux examens du Certificat de fin d&rsquo;\u00e9tudes \u00e9l\u00e9mentaires et de l&rsquo;entr\u00e9e en 6\u00e8me.<\/span> Notre financement des cours de renforcement en CM2 (800 \u20ac) y a sans doute contribu\u00e9&#8230; <\/span><\/strong><\/span><\/p>\n<p><span style=\"color: #993300; font-size: 18pt;\"><strong><span style=\"font-family: arial, helvetica, sans-serif;\">Les enseignants ont aussi manifest\u00e9 leur satisfaction<\/span> <span style=\"font-family: arial, helvetica, sans-serif;\">pour<\/span><span style=\"font-family: arial, helvetica, sans-serif;\"> l&rsquo;\u00e9quipement en ordinateurs et en imprimantes fournis par l&rsquo;association ; <span style=\"color: #808000;\">un effort que nous poursuivrons en 2024<\/span> dans les \u00e9coles non pourvues cette ann\u00e9e. Il s&rsquo;agit d&rsquo;une aide qui en r\u00e9alit\u00e9 b\u00e9n\u00e9ficie directement aux \u00e9l\u00e8ves qui ont ainsi la capacit\u00e9 d&rsquo;apprendre plus rapidement.\u00a0<\/span><\/strong><\/span><\/p>\n<div id=\"attachment_4308\" style=\"width: 319px\" class=\"wp-caption alignright\"><a href=\"http:\/\/www.unenfantuncartable17.fr\/wp-content\/uploads\/2023\/11\/jardinier-diofior.webp\"><img loading=\"lazy\" decoding=\"async\" aria-describedby=\"caption-attachment-4308\" class=\" wp-image-4308\" src=\"http:\/\/www.unenfantuncartable17.fr\/wp-content\/uploads\/2023\/11\/jardinier-diofior-225x300.webp\" alt=\"\" width=\"309\" height=\"412\" srcset=\"http:\/\/www.unenfantuncartable17.fr\/wp-content\/uploads\/2023\/11\/jardinier-diofior-225x300.webp 225w, http:\/\/www.unenfantuncartable17.fr\/wp-content\/uploads\/2023\/11\/jardinier-diofior.webp 480w\" sizes=\"auto, (max-width: 309px) 100vw, 309px\" \/><\/a><p id=\"caption-attachment-4308\" class=\"wp-caption-text\"><span style=\"color: #993300;\"><em>Une \u00e9l\u00e8ve en horticulture-maraichage<\/em><\/span><\/p><\/div>\n<p><span style=\"color: #993300;\"><strong><span style=\"font-family: arial, helvetica, sans-serif;\"><span style=\"font-size: 18pt;\"><span style=\"color: #808000;\">G<\/span><span style=\"color: #993300;\"><span style=\"color: #808000;\">r\u00e2ce \u00e0 l&rsquo;implication du coll\u00e8ge et du lyc\u00e9e,<\/span> les 10 places budg\u00e9t\u00e9es pour le Centre de Formation Professionnelle de Diofior ont \u00e9t\u00e9 pourvues. Ces 10 nouveaux \u00e9l\u00e8ves, souvent en difficult\u00e9, apprendront l&rsquo;horticulture, la ma\u00e7onnerie, l&rsquo;\u00e9lectricit\u00e9 et la restauration en\u00a0 3 ans pour\u00a0 les CAP et 2 ans pour les BEP.<\/span><\/span> <span style=\"font-size: 18pt;\">L&rsquo;association finance actuellement 22 \u00e9l\u00e8ves (et 32 depuis 2019) dont 60% de filles. <\/span><\/span><\/strong><\/span><\/p>\n<p><span style=\"color: #993300;\"><strong><span style=\"font-family: arial, helvetica, sans-serif;\"><span style=\"font-size: 18pt;\"><span style=\"color: #808000;\">L&rsquo;objectif reste identique: atteindre simultan\u00e9ment 30 \u00e9l\u00e8ves au moins (10 par ann\u00e9e)<\/span>. Nous avons propos\u00e9 aux chefs d&rsquo;\u00e9tablissements secondaires de <\/span><\/span><\/strong><\/span><span style=\"color: #993300; font-size: 18pt;\"><strong><span style=\"font-family: arial, helvetica, sans-serif;\">l&rsquo;\u00eele de financer avant la fin de l&rsquo;ann\u00e9e scolaire une visite des installations du CFP. Ainsi les \u00e9l\u00e8ves choisiront leur orientation plus facilement. <\/span><\/strong><\/span><\/p>\n<div id=\"attachment_3116\" style=\"width: 418px\" class=\"wp-caption alignleft\"><a href=\"http:\/\/www.unenfantuncartable17.fr\/wp-content\/uploads\/2021\/07\/site-19.jpg\"><img loading=\"lazy\" decoding=\"async\" aria-describedby=\"caption-attachment-3116\" class=\" wp-image-3116\" src=\"http:\/\/www.unenfantuncartable17.fr\/wp-content\/uploads\/2021\/07\/site-19-300x225.jpg\" alt=\"Electriciens en formation\" width=\"408\" height=\"306\" srcset=\"http:\/\/www.unenfantuncartable17.fr\/wp-content\/uploads\/2021\/07\/site-19-300x225.jpg 300w, http:\/\/www.unenfantuncartable17.fr\/wp-content\/uploads\/2021\/07\/site-19-768x576.jpg 768w, http:\/\/www.unenfantuncartable17.fr\/wp-content\/uploads\/2021\/07\/site-19-1024x768.jpg 1024w, http:\/\/www.unenfantuncartable17.fr\/wp-content\/uploads\/2021\/07\/site-19.jpg 2048w\" sizes=\"auto, (max-width: 408px) 100vw, 408px\" \/><\/a><p id=\"caption-attachment-3116\" class=\"wp-caption-text\"><span style=\"color: #993300;\"><em>L&rsquo;\u00e9lectricit\u00e9 est une formation d&rsquo;avenir<\/em><\/span><\/p><\/div>\n<p>\u00a0<\/p>\n<p>\u00a0<\/p>\n<p>\u00a0<\/p>\n<p>\u00a0<\/p>\n<p>\u00a0<\/p>\n<p>\u00a0<\/p>\n<p>\u00a0<\/p>\n<p>\u00a0<\/p>\n<p><span style=\"color: #993300; font-size: 18pt;\"><strong><span style=\"font-family: arial, helvetica, sans-serif;\">Nous avons aussi contact\u00e9 deux autres CFP proches qui offrent des sp\u00e9cialit\u00e9s en <span style=\"color: #808000;\">m\u00e9canique auto, froid-climatisation, menuiserie bois, m\u00e9tallerie, coiffure, habillement.<\/span> Une offre de formation plus \u00e9tendue sera de nature \u00e0 stimuler les \u00e9l\u00e8ves.\u00a0<\/span><\/strong><\/span><\/p>\n<p><span style=\"color: #993300; font-size: 18pt;\"><strong><span style=\"font-family: arial, helvetica, sans-serif;\">Mais tout cela ne sera possible que si nous recueillons <span style=\"color: #808000;\">suffisamment de dons<\/span> lors des courses solidaires dans les \u00e9coles du d\u00e9partement au printemps prochain (ce qui en bonne voie) <span style=\"color: #808000;\">Une cohorte de 10 nouveaux \u00e9l\u00e8ves co\u00fbte en effet entre 2500 et 3000 \u20ac la premi\u00e8re ann\u00e9e<\/span> (avec l&rsquo;achat du kit d&rsquo;outillage) et 1800 \u00e0 2000 les ann\u00e9es suivantes.\u00a0<\/span><\/strong><\/span><\/p>\n<p><span style=\"color: #993300; font-size: 18pt;\"><strong><span style=\"font-family: arial, helvetica, sans-serif;\">Il faudra donc que la mont\u00e9e en puissance soit progressive. <\/span><\/strong><\/span><span style=\"color: #808000; font-size: 18pt;\"><strong><span style=\"font-family: arial, helvetica, sans-serif;\">De nombreux chantiers sont devant nous !<\/span><\/strong><\/span><\/p>\n<p>\u00a0<\/p>\n","protected":false},"excerpt":{"rendered":"<p>R\u00e9alis\u00e9e du 11 au 25 novembre dernier, la mission d&rsquo;automne a \u00e9t\u00e9 riche d&rsquo;enseignements. R\u00e9unis pour une s\u00e9ance de travail les directeurs d&rsquo;\u00e9coles ont confirm\u00e9 la conformit\u00e9 des livraisons (valeur 12.000 \u20ac) r\u00e9alis\u00e9es d\u00e9but octobre par les fournisseurs et coordonn\u00e9es par notre correspondant, Moustapha Diouf. Il faut le remercier de son implication dans notre dispositif [&hellip;]<\/p>\n","protected":false},"author":2,"featured_media":0,"comment_status":"open","ping_status":"open","sticky":false,"template":"","format":"standard","meta":{"jetpack_post_was_ever_published":false,"_jetpack_newsletter_access":"","_jetpack_dont_email_post_to_subs":false,"_jetpack_newsletter_tier_id":0,"_jetpack_memberships_contains_paywalled_content":false,"_jetpack_memberships_contains_paid_content":false,"footnotes":""},"categories":[1],"tags":[],"class_list":["post-4293","post","type-post","status-publish","format-standard","hentry","category-non-classe"],"jetpack_featured_media_url":"","jetpack_sharing_enabled":true,"jetpack_shortlink":"https:\/\/wp.me\/p5o8j7-17f","_links":{"self":[{"href":"http:\/\/www.unenfantuncartable17.fr\/index.php?rest_route=\/wp\/v2\/posts\/4293","targetHints":{"allow":["GET"]}}],"collection":[{"href":"http:\/\/www.unenfantuncartable17.fr\/index.php?rest_route=\/wp\/v2\/posts"}],"about":[{"href":"http:\/\/www.unenfantuncartable17.fr\/index.php?rest_route=\/wp\/v2\/types\/post"}],"author":[{"embeddable":true,"href":"http:\/\/www.unenfantuncartable17.fr\/index.php?rest_route=\/wp\/v2\/users\/2"}],"replies":[{"embeddable":true,"href":"http:\/\/www.unenfantuncartable17.fr\/index.php?rest_route=%2Fwp%2Fv2%2Fcomments&post=4293"}],"version-history":[{"count":80,"href":"http:\/\/www.unenfantuncartable17.fr\/index.php?rest_route=\/wp\/v2\/posts\/4293\/revisions"}],"predecessor-version":[{"id":4382,"href":"http:\/\/www.unenfantuncartable17.fr\/index.php?rest_route=\/wp\/v2\/posts\/4293\/revisions\/4382"}],"wp:attachment":[{"href":"http:\/\/www.unenfantuncartable17.fr\/index.php?rest_route=%2Fwp%2Fv2%2Fmedia&parent=4293"}],"wp:term":[{"taxonomy":"category","embeddable":true,"href":"http:\/\/www.unenfantuncartable17.fr\/index.php?rest_route=%2Fwp%2Fv2%2Fcategories&post=4293"},{"taxonomy":"post_tag","embeddable":true,"href":"http:\/\/www.unenfantuncartable17.fr\/index.php?rest_route=%2Fwp%2Fv2%2Ftags&post=4293"}],"curies":[{"name":"wp","href":"https:\/\/api.w.org\/{rel}","templated":true}]}}