{"id":4234,"date":"2023-10-02T09:09:46","date_gmt":"2023-10-02T08:09:46","guid":{"rendered":"http:\/\/www.unenfantuncartable17.fr\/?p=4234"},"modified":"2023-10-02T09:09:49","modified_gmt":"2023-10-02T08:09:49","slug":"la-livraison-des-fournitures-est-realisee","status":"publish","type":"post","link":"http:\/\/www.unenfantuncartable17.fr\/?p=4234","title":{"rendered":"La livraison des fournitures est r\u00e9alis\u00e9e"},"content":{"rendered":"\n<p><span style=\"color: #993300; font-family: arial, helvetica, sans-serif;\"><strong>La livraison des fournitures, des livres et des ordinateurs s&rsquo;est r\u00e9alis\u00e9e samedi 30 septembre. La rentr\u00e9e scolaire ayant lieu lundi 2 octobre, les 920 \u00e9l\u00e8ves et leurs enseignants auront donc le mat\u00e9riel n\u00e9cessaire pour travailler toute l&rsquo;ann\u00e9e.<\/strong><\/span><\/p>\n\n\n\n<p><span style=\"color: #808000; font-family: arial, helvetica, sans-serif;\"><strong>Ce sont :<\/strong><\/span><\/p>\n\n\n\n<ul class=\"wp-block-list\"><li><span style=\"color: #993300;\"><strong><span style=\"font-family: arial, helvetica, sans-serif;\"><span style=\"color: #808000;\">664 livres<\/span> d<\/span><\/strong><span style=\"font-family: arial, helvetica, sans-serif;\">e <strong>toutes les<\/strong> m<\/span><strong><span style=\"font-family: arial, helvetica, sans-serif;\">ati\u00e8res pour les \u00e9coles \u00e9l\u00e9mentaires.<\/span><\/strong><\/span><\/li><li><span style=\"color: #993300;\"><strong><span style=\"font-family: arial, helvetica, sans-serif;\"><span style=\"color: #808000;\">180 livres<\/span> pour les maternelles.<\/span><\/strong><\/span><\/li><li><span style=\"color: #993300;\"><strong><span style=\"font-family: arial, helvetica, sans-serif;\"><span style=\"color: #808000;\">Des centaines<\/span> de cahiers, stylos, rames de papier, cartouches d&rsquo;imprimantes, paires de ciseaux, ardoises, bo\u00eetes de craie, tubes de colle, rouleaux d&rsquo;adh\u00e9sif, \u00e9querres, compas,<\/span><span style=\"font-family: arial, helvetica, sans-serif;\"> rapporteurs&#8230;<\/span><\/strong><\/span><\/li><li><span style=\"color: #808000;\"><strong><span style=\"font-family: arial, helvetica, sans-serif;\">&nbsp;<span style=\"color: #993300;\"><span style=\"color: #808000;\">Trois<\/span> ordinateurs et&nbsp; <span style=\"color: #808000;\">deux<\/span> imprimantes.&nbsp;<\/span><\/span><\/strong><\/span><\/li><li><span style=\"color: #993300;\"><strong><span style=\"font-family: arial, helvetica, sans-serif;\"><span style=\"color: #808000;\">120 sacs et trousses<\/span> pour les \u00e9l\u00e8ves qui d\u00e9butent la scolarit\u00e9 en cours d&rsquo;initiation.<\/span><\/strong><\/span><\/li><li><span style=\"font-family: arial, helvetica, sans-serif;\"><strong><span style=\"color: #993300;\">La livraison repr\u00e9sente <span style=\"color: #808000;\">12.000 \u20ac,<\/span> une somme rendue possible par l&rsquo;apport des courses solidaires du printemps dernier dans les \u00e9coles de La Rochelle et de Charente-Maritime.<\/span><\/strong><\/span><\/li><\/ul>\n\n\n\n<p><span style=\"font-family: arial, helvetica, sans-serif;\"><strong><span style=\"color: #993300;\">Trois pirogues ont \u00e9t\u00e9 requises pour traverser le Saloum et tous les directeurs d&rsquo;\u00e9coles ont aid\u00e9 les fournisseurs pour r\u00e9ussir cette op\u00e9ration essentielle, sous la houlette de notre correspondant Moustapha Diouf. Il faut aussi noter la pr\u00e9sence d&rsquo;un adjoint au maire et le d\u00e9l\u00e9gu\u00e9 de l&rsquo;inspecteur, des signes qui indiquent que notre association s&rsquo;est progressivement inscrite dans le paysage local en 15 ans.<\/span><\/strong><\/span><\/p>\n\n\n\n<p><span style=\"font-family: arial, helvetica, sans-serif;\"><strong><span style=\"color: #993300;\">Enfin, les deux coll\u00e8ges de l&rsquo;\u00eele &#8211; partenaires de confiance depuis 5 ans- ont orient\u00e9 <span style=\"color: #808000;\">10 \u00e9l\u00e8ves de 4\u00e8me et de 3\u00e8me<\/span> en difficult\u00e9 scolaire, vers le Centre de Formation Professionnelle (CFP) de Diofior (sur le continent \u00e0 20 kilom\u00e8tres). Un investissement de <span style=\"color: #808000;\">2600 \u20ac<\/span>. Ces jeunes entrent dans un cursus de 3 ans pour pr\u00e9parer un CAP de ma\u00e7onnerie, \u00e9lectricit\u00e9 et restauration. Cette ann\u00e9e, nous aiderons <span style=\"color: #808000;\">17 jeunes,<\/span> en comptant ceux entr\u00e9s les ann\u00e9es pr\u00e9c\u00e9dentes et qui sont en 2\u00e8me ou 3\u00e8me ann\u00e9e. D&rsquo;ici deux ans, ce seront <span style=\"color: #808000;\">30 gar\u00e7ons et filles<\/span> que nous soutiendrons en prenant en charge les frais d&rsquo;inscription annuels, les frais d&rsquo;h\u00e9bergement et l&rsquo;outillage de formation n\u00e9cessaires.<\/span><\/strong><\/span><\/p>\n\n\n<div class=\"wp-block-image\">\n<figure class=\"alignleft is-resized\"><a href=\"http:\/\/www.unenfantuncartable17.fr\/wp-content\/uploads\/2023\/10\/IMG-20230930-WA0003.jpg\"><img loading=\"lazy\" decoding=\"async\" src=\"http:\/\/www.unenfantuncartable17.fr\/wp-content\/uploads\/2023\/10\/IMG-20230930-WA0003-300x225.jpg\" alt=\"\" class=\"wp-image-4247\" width=\"300\" height=\"225\" srcset=\"http:\/\/www.unenfantuncartable17.fr\/wp-content\/uploads\/2023\/10\/IMG-20230930-WA0003-300x225.jpg 300w, http:\/\/www.unenfantuncartable17.fr\/wp-content\/uploads\/2023\/10\/IMG-20230930-WA0003-1024x768.jpg 1024w, http:\/\/www.unenfantuncartable17.fr\/wp-content\/uploads\/2023\/10\/IMG-20230930-WA0003-768x576.jpg 768w, http:\/\/www.unenfantuncartable17.fr\/wp-content\/uploads\/2023\/10\/IMG-20230930-WA0003.jpg 1080w\" sizes=\"auto, (max-width: 300px) 100vw, 300px\" \/><\/a><figcaption><span style=\"color: #993300;\"><em><span style=\"font-size: 10pt;\">Avant la travers\u00e9e du Saloum<\/span><\/em><\/span><\/figcaption><\/figure>\n<\/div>\n\n<div class=\"wp-block-image\">\n<figure class=\"alignright\"><a href=\"http:\/\/www.unenfantuncartable17.fr\/wp-content\/uploads\/2023\/10\/IMG-20230930-WA0004.jpg\"><img loading=\"lazy\" decoding=\"async\" width=\"300\" height=\"225\" src=\"http:\/\/www.unenfantuncartable17.fr\/wp-content\/uploads\/2023\/10\/IMG-20230930-WA0004-300x225.jpg\" alt=\"\" class=\"wp-image-4249\" srcset=\"http:\/\/www.unenfantuncartable17.fr\/wp-content\/uploads\/2023\/10\/IMG-20230930-WA0004-300x225.jpg 300w, http:\/\/www.unenfantuncartable17.fr\/wp-content\/uploads\/2023\/10\/IMG-20230930-WA0004-1024x768.jpg 1024w, http:\/\/www.unenfantuncartable17.fr\/wp-content\/uploads\/2023\/10\/IMG-20230930-WA0004-768x576.jpg 768w, http:\/\/www.unenfantuncartable17.fr\/wp-content\/uploads\/2023\/10\/IMG-20230930-WA0004.jpg 1080w\" sizes=\"auto, (max-width: 300px) 100vw, 300px\" \/><\/a><figcaption><em><span style=\"color: #993300; font-size: 10pt;\">Plus d&rsquo;une tonne de fournitures diverses<\/span><\/em><\/figcaption><\/figure>\n<\/div>\n\n\n<p>&nbsp;<\/p>\n<p>&nbsp;<\/p>\n<div id=\"attachment_4253\" style=\"width: 310px\" class=\"wp-caption alignright\"><a href=\"http:\/\/www.unenfantuncartable17.fr\/wp-content\/uploads\/2023\/10\/IMG-20230930-WA0010-copie.jpg\"><img loading=\"lazy\" decoding=\"async\" aria-describedby=\"caption-attachment-4253\" class=\"size-medium wp-image-4253\" src=\"http:\/\/www.unenfantuncartable17.fr\/wp-content\/uploads\/2023\/10\/IMG-20230930-WA0010-copie-300x225.jpg\" alt=\"\" width=\"300\" height=\"225\" srcset=\"http:\/\/www.unenfantuncartable17.fr\/wp-content\/uploads\/2023\/10\/IMG-20230930-WA0010-copie-300x225.jpg 300w, http:\/\/www.unenfantuncartable17.fr\/wp-content\/uploads\/2023\/10\/IMG-20230930-WA0010-copie-1024x768.jpg 1024w, http:\/\/www.unenfantuncartable17.fr\/wp-content\/uploads\/2023\/10\/IMG-20230930-WA0010-copie-768x576.jpg 768w, http:\/\/www.unenfantuncartable17.fr\/wp-content\/uploads\/2023\/10\/IMG-20230930-WA0010-copie.jpg 1080w\" sizes=\"auto, (max-width: 300px) 100vw, 300px\" \/><\/a><p id=\"caption-attachment-4253\" class=\"wp-caption-text\"><span style=\"font-size: 10pt; color: #993300;\"><em>Le d\u00e9chargement<\/em><\/span><\/p><\/div>\n<div id=\"attachment_4257\" style=\"width: 310px\" class=\"wp-caption alignleft\"><a style=\"color: #993300;\" href=\"http:\/\/www.unenfantuncartable17.fr\/wp-content\/uploads\/2023\/10\/IMG-20230930-WA0011.jpg\"><img loading=\"lazy\" decoding=\"async\" aria-describedby=\"caption-attachment-4257\" class=\"size-medium wp-image-4257\" src=\"http:\/\/www.unenfantuncartable17.fr\/wp-content\/uploads\/2023\/10\/IMG-20230930-WA0011-300x225.jpg\" alt=\"\" width=\"300\" height=\"225\" srcset=\"http:\/\/www.unenfantuncartable17.fr\/wp-content\/uploads\/2023\/10\/IMG-20230930-WA0011-300x225.jpg 300w, http:\/\/www.unenfantuncartable17.fr\/wp-content\/uploads\/2023\/10\/IMG-20230930-WA0011-1024x768.jpg 1024w, http:\/\/www.unenfantuncartable17.fr\/wp-content\/uploads\/2023\/10\/IMG-20230930-WA0011-768x576.jpg 768w, http:\/\/www.unenfantuncartable17.fr\/wp-content\/uploads\/2023\/10\/IMG-20230930-WA0011.jpg 1080w\" sizes=\"auto, (max-width: 300px) 100vw, 300px\" \/><\/a><p id=\"caption-attachment-4257\" class=\"wp-caption-text\"><span style=\"color: #993300;\"><em><span style=\"font-family: arial, helvetica, sans-serif; font-size: 10pt;\">les pirogues sont longues \u00e0 d\u00e9charger<\/span><\/em><\/span><\/p><\/div>\n<div id=\"attachment_4259\" style=\"width: 300px\" class=\"wp-caption alignright\"><a style=\"color: #993300;\" href=\"http:\/\/www.unenfantuncartable17.fr\/wp-content\/uploads\/2023\/10\/IMG-20230930-WA0040.jpg\"><img loading=\"lazy\" decoding=\"async\" aria-describedby=\"caption-attachment-4259\" class=\" wp-image-4259\" src=\"http:\/\/www.unenfantuncartable17.fr\/wp-content\/uploads\/2023\/10\/IMG-20230930-WA0040-225x300.jpg\" alt=\"\" width=\"290\" height=\"387\" srcset=\"http:\/\/www.unenfantuncartable17.fr\/wp-content\/uploads\/2023\/10\/IMG-20230930-WA0040-225x300.jpg 225w, http:\/\/www.unenfantuncartable17.fr\/wp-content\/uploads\/2023\/10\/IMG-20230930-WA0040-768x1024.jpg 768w, http:\/\/www.unenfantuncartable17.fr\/wp-content\/uploads\/2023\/10\/IMG-20230930-WA0040.jpg 810w\" sizes=\"auto, (max-width: 290px) 100vw, 290px\" \/><\/a><p id=\"caption-attachment-4259\" class=\"wp-caption-text\"><span style=\"color: #993300;\"><em><span style=\"font-family: arial, helvetica, sans-serif; font-size: 10pt;\">Moustapha Diouf<\/span><\/em><\/span><\/p><\/div>\n<p>&nbsp;<\/p>\n\n\n\n\n\n<figure class=\"wp-block-image size-medium\"><a href=\"http:\/\/www.unenfantuncartable17.fr\/wp-content\/uploads\/2023\/10\/IMG-20231001-WA0005.jpg\"><img loading=\"lazy\" decoding=\"async\" width=\"300\" height=\"225\" src=\"http:\/\/www.unenfantuncartable17.fr\/wp-content\/uploads\/2023\/10\/IMG-20231001-WA0005-300x225.jpg\" alt=\"\" class=\"wp-image-4269\" srcset=\"http:\/\/www.unenfantuncartable17.fr\/wp-content\/uploads\/2023\/10\/IMG-20231001-WA0005-300x225.jpg 300w, http:\/\/www.unenfantuncartable17.fr\/wp-content\/uploads\/2023\/10\/IMG-20231001-WA0005-1024x768.jpg 1024w, http:\/\/www.unenfantuncartable17.fr\/wp-content\/uploads\/2023\/10\/IMG-20231001-WA0005-768x576.jpg 768w, http:\/\/www.unenfantuncartable17.fr\/wp-content\/uploads\/2023\/10\/IMG-20231001-WA0005.jpg 1080w\" sizes=\"auto, (max-width: 300px) 100vw, 300px\" \/><\/a><\/figure>\n\n\n\n<figure class=\"wp-block-gallery has-nested-images columns-default is-cropped is-style-rectangular wp-block-gallery-1 is-layout-flex wp-block-gallery-is-layout-flex\">\n<figure class=\"wp-block-image size-full\"><a href=\"http:\/\/www.unenfantuncartable17.fr\/wp-content\/uploads\/2023\/10\/IMG-20231001-WA0001-2.jpg\"><img loading=\"lazy\" decoding=\"async\" width=\"1080\" height=\"810\" data-id=\"4280\" src=\"http:\/\/www.unenfantuncartable17.fr\/wp-content\/uploads\/2023\/10\/IMG-20231001-WA0001-2.jpg\" alt=\"\" class=\"wp-image-4280\" srcset=\"http:\/\/www.unenfantuncartable17.fr\/wp-content\/uploads\/2023\/10\/IMG-20231001-WA0001-2.jpg 1080w, http:\/\/www.unenfantuncartable17.fr\/wp-content\/uploads\/2023\/10\/IMG-20231001-WA0001-2-300x225.jpg 300w, http:\/\/www.unenfantuncartable17.fr\/wp-content\/uploads\/2023\/10\/IMG-20231001-WA0001-2-1024x768.jpg 1024w, http:\/\/www.unenfantuncartable17.fr\/wp-content\/uploads\/2023\/10\/IMG-20231001-WA0001-2-768x576.jpg 768w\" sizes=\"auto, (max-width: 1080px) 100vw, 1080px\" \/><\/a><figcaption>Direction l&rsquo;\u00e9cole pour le tri<\/figcaption><\/figure>\n<\/figure>\n\n\n\n<p><\/p>\n","protected":false},"excerpt":{"rendered":"<p>La livraison des fournitures, des livres et des ordinateurs s&rsquo;est r\u00e9alis\u00e9e samedi 30 septembre. La rentr\u00e9e scolaire ayant lieu lundi 2 octobre, les 920 \u00e9l\u00e8ves et leurs enseignants auront donc le mat\u00e9riel n\u00e9cessaire pour travailler toute l&rsquo;ann\u00e9e. Ce sont : 664 livres de toutes les mati\u00e8res pour les \u00e9coles \u00e9l\u00e9mentaires. 180 livres pour les maternelles. [&hellip;]<\/p>\n","protected":false},"author":2,"featured_media":0,"comment_status":"open","ping_status":"open","sticky":false,"template":"","format":"standard","meta":{"jetpack_post_was_ever_published":false,"_jetpack_newsletter_access":"","_jetpack_dont_email_post_to_subs":false,"_jetpack_newsletter_tier_id":0,"_jetpack_memberships_contains_paywalled_content":false,"_jetpack_memberships_contains_paid_content":false,"footnotes":""},"categories":[1],"tags":[],"class_list":["post-4234","post","type-post","status-publish","format-standard","hentry","category-non-classe"],"jetpack_featured_media_url":"","jetpack_sharing_enabled":true,"jetpack_shortlink":"https:\/\/wp.me\/p5o8j7-16i","_links":{"self":[{"href":"http:\/\/www.unenfantuncartable17.fr\/index.php?rest_route=\/wp\/v2\/posts\/4234","targetHints":{"allow":["GET"]}}],"collection":[{"href":"http:\/\/www.unenfantuncartable17.fr\/index.php?rest_route=\/wp\/v2\/posts"}],"about":[{"href":"http:\/\/www.unenfantuncartable17.fr\/index.php?rest_route=\/wp\/v2\/types\/post"}],"author":[{"embeddable":true,"href":"http:\/\/www.unenfantuncartable17.fr\/index.php?rest_route=\/wp\/v2\/users\/2"}],"replies":[{"embeddable":true,"href":"http:\/\/www.unenfantuncartable17.fr\/index.php?rest_route=%2Fwp%2Fv2%2Fcomments&post=4234"}],"version-history":[{"count":37,"href":"http:\/\/www.unenfantuncartable17.fr\/index.php?rest_route=\/wp\/v2\/posts\/4234\/revisions"}],"predecessor-version":[{"id":4286,"href":"http:\/\/www.unenfantuncartable17.fr\/index.php?rest_route=\/wp\/v2\/posts\/4234\/revisions\/4286"}],"wp:attachment":[{"href":"http:\/\/www.unenfantuncartable17.fr\/index.php?rest_route=%2Fwp%2Fv2%2Fmedia&parent=4234"}],"wp:term":[{"taxonomy":"category","embeddable":true,"href":"http:\/\/www.unenfantuncartable17.fr\/index.php?rest_route=%2Fwp%2Fv2%2Fcategories&post=4234"},{"taxonomy":"post_tag","embeddable":true,"href":"http:\/\/www.unenfantuncartable17.fr\/index.php?rest_route=%2Fwp%2Fv2%2Ftags&post=4234"}],"curies":[{"name":"wp","href":"https:\/\/api.w.org\/{rel}","templated":true}]}}