{"id":4092,"date":"2023-06-01T08:34:58","date_gmt":"2023-06-01T07:34:58","guid":{"rendered":"http:\/\/www.unenfantuncartable17.fr\/?p=4092"},"modified":"2023-06-29T10:39:09","modified_gmt":"2023-06-29T09:39:09","slug":"les-commandes-sont-passees","status":"publish","type":"post","link":"http:\/\/www.unenfantuncartable17.fr\/?p=4092","title":{"rendered":"Les commandes sont pass\u00e9es"},"content":{"rendered":"\n<p><span style=\"color: #993300;\"><strong><span style=\"font-family: arial, helvetica, sans-serif;\">Les commandes\u00a0 <span style=\"color: #808000;\">&#8211; 11.976 \u20ac au total-<\/span> ont \u00e9t\u00e9 pass\u00e9es aupr\u00e8s de nos fournisseurs habituels. Elles seront livr\u00e9es d\u00e9but octobre, pour la rentr\u00e9e aux cinq \u00e9coles \u00e9l\u00e9mentaires et aux deux maternelles, par les trois fournisseurs, sous la coordination de Moustapha Diouf, notre correspondant. <span style=\"color: #808000;\">920 \u00e9l\u00e8ves sont concern\u00e9s.<\/span><\/span><\/strong><\/span><\/p>\n<ul>\n<li><span style=\"color: #993300;\"><strong><span style=\"font-family: arial, helvetica, sans-serif;\">3052 \u20ac pour 664 livres de toutes les mati\u00e8res pour les cours \u00e9l\u00e9mentaires.<\/span><\/strong><\/span><\/li>\n<li><span style=\"color: #993300;\"><strong><span style=\"font-family: arial, helvetica, sans-serif;\">411 \u20ac pour 180 livres pour les maternelles.<\/span><\/strong><\/span><\/li>\n<li><span style=\"color: #993300;\"><strong><span style=\"font-family: arial, helvetica, sans-serif;\">7760 \u20ac de fournitures pour les \u00e9l\u00e8ves, les classes : Des centaines de cahiers, stylos, rames de papier, cartouches d&rsquo;imprimantes, paires de ciseaux, ardoises, bo\u00eetes de craie, tubes de colle, rouleaux d&rsquo;adh\u00e9sif, \u00e9querres, compas, rapporteurs&#8230; dont <span style=\"color: #808000;\">1750 \u20ac <\/span><\/span><\/strong><\/span><span style=\"color: #808000;\"><strong><span style=\"font-family: arial, helvetica, sans-serif;\">d&rsquo;ordinateurs et d&rsquo;imprimantes. Un plan d&rsquo;\u00e9quipement dont le financement est \u00e9tal\u00e9 sur deux ans pour les sept \u00e9coles. Cette ann\u00e9e, trois ordinateurs et deux imprimantes.<\/span><\/strong><\/span><\/li>\n<li><span style=\"color: #993300;\"><strong><span style=\"font-family: arial, helvetica, sans-serif;\">753 \u20ac pour 120 sacs et trousses pour les \u00e9l\u00e8ves qui d\u00e9butent la scolarit\u00e9 (cours d&rsquo;initiation)<\/span><\/strong><\/span><\/li>\n<\/ul>\n<div id=\"attachment_3142\" style=\"width: 283px\" class=\"wp-caption alignleft\"><a href=\"http:\/\/www.unenfantuncartable17.fr\/wp-content\/uploads\/2021\/10\/IMG-20211009-WA0022.jpg\"><img loading=\"lazy\" decoding=\"async\" aria-describedby=\"caption-attachment-3142\" class=\" wp-image-3142\" src=\"http:\/\/www.unenfantuncartable17.fr\/wp-content\/uploads\/2021\/10\/IMG-20211009-WA0022-225x300.jpg\" alt=\"\" width=\"273\" height=\"364\" srcset=\"http:\/\/www.unenfantuncartable17.fr\/wp-content\/uploads\/2021\/10\/IMG-20211009-WA0022-225x300.jpg 225w, http:\/\/www.unenfantuncartable17.fr\/wp-content\/uploads\/2021\/10\/IMG-20211009-WA0022-768x1024.jpg 768w, http:\/\/www.unenfantuncartable17.fr\/wp-content\/uploads\/2021\/10\/IMG-20211009-WA0022.jpg 780w\" sizes=\"auto, (max-width: 273px) 100vw, 273px\" \/><\/a><p id=\"caption-attachment-3142\" class=\"wp-caption-text\"><span style=\"color: #993300;\">Lors de la livraison en 2022<\/span><\/p><\/div>\n<div id=\"attachment_3148\" style=\"width: 332px\" class=\"wp-caption alignright\"><a href=\"http:\/\/www.unenfantuncartable17.fr\/wp-content\/uploads\/2021\/10\/IMG-20211009-WA0043.jpg\"><img loading=\"lazy\" decoding=\"async\" aria-describedby=\"caption-attachment-3148\" class=\" wp-image-3148\" src=\"http:\/\/www.unenfantuncartable17.fr\/wp-content\/uploads\/2021\/10\/IMG-20211009-WA0043-300x225.jpg\" alt=\"\" width=\"322\" height=\"241\" srcset=\"http:\/\/www.unenfantuncartable17.fr\/wp-content\/uploads\/2021\/10\/IMG-20211009-WA0043-300x225.jpg 300w, http:\/\/www.unenfantuncartable17.fr\/wp-content\/uploads\/2021\/10\/IMG-20211009-WA0043-768x576.jpg 768w, http:\/\/www.unenfantuncartable17.fr\/wp-content\/uploads\/2021\/10\/IMG-20211009-WA0043-1024x768.jpg 1024w, http:\/\/www.unenfantuncartable17.fr\/wp-content\/uploads\/2021\/10\/IMG-20211009-WA0043.jpg 1080w\" sizes=\"auto, (max-width: 322px) 100vw, 322px\" \/><\/a><p id=\"caption-attachment-3148\" class=\"wp-caption-text\"><span style=\"color: #993300;\">Tous les fournisseurs sont mobilis\u00e9s<\/span><\/p><\/div>\n<p>\u00a0<\/p>\n<p>\u00a0<\/p>\n<p>\u00a0<\/p>\n<p>\u00a0<\/p>\n<p>\u00a0<\/p>\n<p>\u00a0<\/p>\n<div id=\"attachment_3837\" style=\"width: 309px\" class=\"wp-caption alignright\"><a href=\"http:\/\/www.unenfantuncartable17.fr\/wp-content\/uploads\/2022\/10\/IMG-20221001-WA0032.jpg\"><img loading=\"lazy\" decoding=\"async\" aria-describedby=\"caption-attachment-3837\" class=\" wp-image-3837\" src=\"http:\/\/www.unenfantuncartable17.fr\/wp-content\/uploads\/2022\/10\/IMG-20221001-WA0032-225x300.jpg\" alt=\"\" width=\"299\" height=\"399\" srcset=\"http:\/\/www.unenfantuncartable17.fr\/wp-content\/uploads\/2022\/10\/IMG-20221001-WA0032-225x300.jpg 225w, http:\/\/www.unenfantuncartable17.fr\/wp-content\/uploads\/2022\/10\/IMG-20221001-WA0032-768x1024.jpg 768w, http:\/\/www.unenfantuncartable17.fr\/wp-content\/uploads\/2022\/10\/IMG-20221001-WA0032.jpg 780w\" sizes=\"auto, (max-width: 299px) 100vw, 299px\" \/><\/a><p id=\"caption-attachment-3837\" class=\"wp-caption-text\"><span style=\"color: #993300;\">Les sacs des couturiers<\/span><\/p><\/div>\n\n\n\n<p><a href=\"http:\/\/www.unenfantuncartable17.fr\/wp-content\/uploads\/2022\/10\/IMG-20221001-WA0037.jpg\"><img loading=\"lazy\" decoding=\"async\" class=\"wp-image-3844 alignleft\" src=\"http:\/\/www.unenfantuncartable17.fr\/wp-content\/uploads\/2022\/10\/IMG-20221001-WA0037-225x300.jpg\" alt=\"\" width=\"247\" height=\"329\" srcset=\"http:\/\/www.unenfantuncartable17.fr\/wp-content\/uploads\/2022\/10\/IMG-20221001-WA0037-225x300.jpg 225w, http:\/\/www.unenfantuncartable17.fr\/wp-content\/uploads\/2022\/10\/IMG-20221001-WA0037-768x1024.jpg 768w, http:\/\/www.unenfantuncartable17.fr\/wp-content\/uploads\/2022\/10\/IMG-20221001-WA0037.jpg 780w\" sizes=\"auto, (max-width: 247px) 100vw, 247px\" \/><\/a><\/p>\n","protected":false},"excerpt":{"rendered":"<p>Les commandes\u00a0 &#8211; 11.976 \u20ac au total- ont \u00e9t\u00e9 pass\u00e9es aupr\u00e8s de nos fournisseurs habituels. Elles seront livr\u00e9es d\u00e9but octobre, pour la rentr\u00e9e aux cinq \u00e9coles \u00e9l\u00e9mentaires et aux deux maternelles, par les trois fournisseurs, sous la coordination de Moustapha Diouf, notre correspondant. 920 \u00e9l\u00e8ves sont concern\u00e9s. 3052 \u20ac pour 664 livres de toutes les [&hellip;]<\/p>\n","protected":false},"author":2,"featured_media":0,"comment_status":"open","ping_status":"open","sticky":false,"template":"","format":"standard","meta":{"jetpack_post_was_ever_published":false,"_jetpack_newsletter_access":"","_jetpack_dont_email_post_to_subs":false,"_jetpack_newsletter_tier_id":0,"_jetpack_memberships_contains_paywalled_content":false,"_jetpack_memberships_contains_paid_content":false,"footnotes":""},"categories":[1],"tags":[],"class_list":["post-4092","post","type-post","status-publish","format-standard","hentry","category-non-classe"],"jetpack_featured_media_url":"","jetpack_sharing_enabled":true,"jetpack_shortlink":"https:\/\/wp.me\/p5o8j7-140","_links":{"self":[{"href":"http:\/\/www.unenfantuncartable17.fr\/index.php?rest_route=\/wp\/v2\/posts\/4092","targetHints":{"allow":["GET"]}}],"collection":[{"href":"http:\/\/www.unenfantuncartable17.fr\/index.php?rest_route=\/wp\/v2\/posts"}],"about":[{"href":"http:\/\/www.unenfantuncartable17.fr\/index.php?rest_route=\/wp\/v2\/types\/post"}],"author":[{"embeddable":true,"href":"http:\/\/www.unenfantuncartable17.fr\/index.php?rest_route=\/wp\/v2\/users\/2"}],"replies":[{"embeddable":true,"href":"http:\/\/www.unenfantuncartable17.fr\/index.php?rest_route=%2Fwp%2Fv2%2Fcomments&post=4092"}],"version-history":[{"count":25,"href":"http:\/\/www.unenfantuncartable17.fr\/index.php?rest_route=\/wp\/v2\/posts\/4092\/revisions"}],"predecessor-version":[{"id":4236,"href":"http:\/\/www.unenfantuncartable17.fr\/index.php?rest_route=\/wp\/v2\/posts\/4092\/revisions\/4236"}],"wp:attachment":[{"href":"http:\/\/www.unenfantuncartable17.fr\/index.php?rest_route=%2Fwp%2Fv2%2Fmedia&parent=4092"}],"wp:term":[{"taxonomy":"category","embeddable":true,"href":"http:\/\/www.unenfantuncartable17.fr\/index.php?rest_route=%2Fwp%2Fv2%2Fcategories&post=4092"},{"taxonomy":"post_tag","embeddable":true,"href":"http:\/\/www.unenfantuncartable17.fr\/index.php?rest_route=%2Fwp%2Fv2%2Ftags&post=4092"}],"curies":[{"name":"wp","href":"https:\/\/api.w.org\/{rel}","templated":true}]}}