{"id":3968,"date":"2023-03-27T10:09:21","date_gmt":"2023-03-27T09:09:21","guid":{"rendered":"http:\/\/www.unenfantuncartable17.fr\/?p=3968"},"modified":"2023-03-27T11:01:39","modified_gmt":"2023-03-27T10:01:39","slug":"bilan-de-la-mission-de-printemps","status":"publish","type":"post","link":"http:\/\/www.unenfantuncartable17.fr\/?p=3968","title":{"rendered":"Bilan de la mission de printemps"},"content":{"rendered":"\n<p><span style=\"font-size: 18pt;\"><strong><span style=\"color: #993300;\">L<span style=\"font-family: arial, helvetica, sans-serif;\">a derni\u00e8re mission \u00e0 Mar Lodj s&rsquo;est d\u00e9roul\u00e9e du 11 au 21 mars avec trois administrateurs.<\/span><\/span><\/strong><\/span><\/p>\n<p><span style=\"color: #808000; font-family: arial, helvetica, sans-serif; font-size: 18pt;\"><strong>D\u00e9sormais bien rep\u00e9r\u00e9e par nos partenaires enseignants, cette mission de printemps a permis de conforter le travail men\u00e9 depuis 15 ans. Les visites dans les cinq \u00e9coles \u00e9l\u00e9mentaires et les deux maternelles ont permis de recenser les besoins des \u00e9l\u00e8ves et enseignants pour une ann\u00e9e scolaire all\u00e9g\u00e9e des questions mat\u00e9rielles. Quand elle sera effective la liste des fournitures, livres et cartables, qui seront livr\u00e9s en octobre, sera communiqu\u00e9e aux adh\u00e9rents. Pour l&rsquo;instant, le conseil d&rsquo;administration de l&rsquo;association va examiner les demandes et les ajuster au budget 2023.<\/strong><\/span><\/p>\n<div id=\"attachment_3991\" style=\"width: 498px\" class=\"wp-caption alignleft\"><a href=\"http:\/\/www.unenfantuncartable17.fr\/wp-content\/uploads\/2023\/03\/DSCN6884.jpg\"><img loading=\"lazy\" decoding=\"async\" aria-describedby=\"caption-attachment-3991\" class=\" wp-image-3991\" src=\"http:\/\/www.unenfantuncartable17.fr\/wp-content\/uploads\/2023\/03\/DSCN6884-300x225.jpg\" alt=\"\" width=\"488\" height=\"366\" srcset=\"http:\/\/www.unenfantuncartable17.fr\/wp-content\/uploads\/2023\/03\/DSCN6884-300x225.jpg 300w, http:\/\/www.unenfantuncartable17.fr\/wp-content\/uploads\/2023\/03\/DSCN6884-768x576.jpg 768w, http:\/\/www.unenfantuncartable17.fr\/wp-content\/uploads\/2023\/03\/DSCN6884.jpg 1024w\" sizes=\"auto, (max-width: 488px) 100vw, 488px\" \/><\/a><p id=\"caption-attachment-3991\" class=\"wp-caption-text\"><span style=\"font-size: 12pt; color: #993300;\"><em><span style=\"font-family: arial, helvetica, sans-serif;\">838 enfants \u00e0 la prochaine rentr\u00e9e<\/span><\/em><\/span><\/p><\/div>\n<p>\u00a0<\/p>\n<p>\u00a0<\/p>\n<p>\u00a0<\/p>\n<p>\u00a0<\/p>\n<p>\u00a0<\/p>\n<p>\u00a0<\/p>\n<p>\u00a0<\/p>\n<p>\u00a0<\/p>\n<p>\u00a0<\/p>\n<p>\u00a0<\/p>\n<p>\u00a0<\/p>\n<p><span style=\"font-size: 18pt;\"><strong><span style=\"color: #808000; font-family: arial, helvetica, sans-serif;\">Les effectifs pr\u00e9visionnels sont stables avec <span style=\"color: #993300;\">838 \u00e9l\u00e8ves, dont 702 en \u00e9l\u00e9mentaires et 136 en maternelles,<\/span> bien qu&rsquo;une troisi\u00e8me \u00e9cole coranique (maternelle) a ouvert ses portes \u00e0 Fafaco, l&rsquo;un des villages de l&rsquo;\u00eele. Les filles sont toujours tr\u00e8s bien repr\u00e9sent\u00e9es et m\u00eame majoritaires dans certains cas.<\/span><\/strong><\/span><\/p>\n<p><span style=\"font-size: 18pt;\"><strong><span style=\"color: #808000; font-family: arial, helvetica, sans-serif;\">Comme nous nous y \u00e9tions engag\u00e9s lors de la mission de d\u00e9cembre dernier, nous avons inform\u00e9 nos interlocuteurs de l&rsquo;achat d&rsquo;ordinateurs et d&rsquo;imprimantes, ces derni\u00e8res pour les \u00e9coles qui n&rsquo;en poss\u00e8dent pas encore. Un investissement n\u00e9cessaire, pour accompagner les instituteurs sur le chemin des nouvelles technologies, alors qu&rsquo;un plan d&rsquo;\u00e9lectrification de l&rsquo;\u00eele va d\u00e9marrer. <span style=\"color: #993300;\">Compte tenu du niveau de l&rsquo;investissement, ce plan s&rsquo;\u00e9talera sur deux ann\u00e9es. Et nous pouvons compter sur des prix aussi mod\u00e9r\u00e9s que possible gr\u00e2ce \u00e0 des fournisseurs fid\u00e9lis\u00e9s.<\/span>\u00a0Les achats de livres seront probablement moins \u00e9lev\u00e9s que les ann\u00e9es pr\u00e9c\u00e9dentes, les enseignants l&rsquo;ont bien compris. A cet \u00e9gard, les recettes issues des courses solidaires en mai et juin dans les \u00e9coles charentaises seront d\u00e9terminantes.<\/span><\/strong><\/span><\/p>\n<p><span style=\"font-size: 18pt;\"><strong><span style=\"color: #808000; font-family: arial, helvetica, sans-serif;\">La situation \u00ab\u00a0concurrentielle\u00a0\u00bb des \u00e9coles coraniques nous conduira certainement \u00e0 doter les <span style=\"color: #993300;\">\u00e9coles maternelles de moyens plus importants,<\/span> comme nous le faisons ces deux derni\u00e8res ann\u00e9es. De m\u00eame, les cours de renforcement pour les \u00e9l\u00e8ves de CM2 pr\u00e9parant l&rsquo;entr\u00e9e en 6\u00e8me et le Certificat d&rsquo;\u00e9tudes ont \u00e9t\u00e9 \u00e9tendus \u00e0 toutes les \u00e9coles pour am\u00e9liorer les r\u00e9sultats et rendre plus attractives les \u00e9coles publiques.<\/span><\/strong><\/span><\/p>\n<div id=\"attachment_3992\" style=\"width: 475px\" class=\"wp-caption alignleft\"><a href=\"http:\/\/www.unenfantuncartable17.fr\/wp-content\/uploads\/2023\/03\/DSCN6979.jpg\"><img loading=\"lazy\" decoding=\"async\" aria-describedby=\"caption-attachment-3992\" class=\" wp-image-3992\" src=\"http:\/\/www.unenfantuncartable17.fr\/wp-content\/uploads\/2023\/03\/DSCN6979-300x225.jpg\" alt=\"\" width=\"465\" height=\"349\" srcset=\"http:\/\/www.unenfantuncartable17.fr\/wp-content\/uploads\/2023\/03\/DSCN6979-300x225.jpg 300w, http:\/\/www.unenfantuncartable17.fr\/wp-content\/uploads\/2023\/03\/DSCN6979-768x576.jpg 768w, http:\/\/www.unenfantuncartable17.fr\/wp-content\/uploads\/2023\/03\/DSCN6979.jpg 1024w\" sizes=\"auto, (max-width: 465px) 100vw, 465px\" \/><\/a><p id=\"caption-attachment-3992\" class=\"wp-caption-text\"><span style=\"color: #993300;\"><em><span style=\"font-family: arial, helvetica, sans-serif; font-size: 12pt;\">sur le chemin de l&rsquo;\u00e9cole<\/span><\/em><\/span><\/p><\/div>\n<p>\u00a0<\/p>\n<p>\u00a0<\/p>\n<p>\u00a0<\/p>\n<p>\u00a0<\/p>\n<p>\u00a0<\/p>\n<p>\u00a0<\/p>\n<p>\u00a0<\/p>\n<p>\u00a0<\/p>\n<p>\u00a0<\/p>\n<p>\u00a0<\/p>\n<p>\u00a0<\/p>\n<p><span style=\"font-size: 18pt;\"><strong><span style=\"font-family: arial, helvetica, sans-serif; color: #808000;\">A noter aussi, l&rsquo;excellente collaboration avec le proviseur du lyc\u00e9e et le principal du coll\u00e8ge sans lesquels, l&rsquo;orientation au Centre de Formation Professionnelle (CFP) de Diofior serait impossible pour les \u00e9l\u00e8ves en grande difficult\u00e9 en 4\u00e8me ou 3\u00e8me et qui seraient exclus en fin d&rsquo;ann\u00e9e. <span style=\"color: #993300;\">En octobre dernier, ce sont dix nouveaux \u00e9l\u00e8ves qui ont b\u00e9n\u00e9fici\u00e9 de cette orientation que nous soutenons avec la prise en charge des frais d&rsquo;inscription, des outils indispensables \u00e0 la fili\u00e8re choisie (\u00e9lectricit\u00e9, ma\u00e7onnerie, maraichage, restauration) et d&rsquo;une aide \u00e0 la mobilit\u00e9 destin\u00e9e \u00e0 all\u00e9ger les frais d&rsquo;h\u00e9bergement et de restauration (le CFP est \u00e0 une heure de route sur le continent)<\/span> Le directeur du CFP a \u00e9galement donn\u00e9 de bonnes nouvelles des \u00e9l\u00e8ves de 3\u00e8me ann\u00e9e qui ont toutes les chances de r\u00e9ussir le CAP. A terme, nous pourrons atteindre la quarantaine d&rsquo;\u00e9l\u00e8ves soutenus au CFP, l&rsquo;essentiel de notre travail relevant des \u00e9coles primaires.<\/span><\/strong><\/span><\/p>\n<p><span style=\"color: #993300; font-size: 18pt;\"><strong><span style=\"font-family: arial, helvetica, sans-serif;\">Enfin, m\u00eame si l&rsquo;\u00eele de Mar Lodj est encore \u00e9pargn\u00e9e, nous ne pouvons qu&rsquo;\u00eatre attentifs-sans nous en m\u00ealer- aux \u00e9volutions socio-politiques du S\u00e9n\u00e9gal qui vit des heures tr\u00e8s agit\u00e9es, voire tr\u00e8s tendues, dans l&rsquo;attente de l&rsquo;\u00e9lection pr\u00e9sidentielle de f\u00e9vrier 2024. Une \u00e9lection o\u00f9 des frustrations diverses peuvent s&rsquo;agr\u00e9ger&#8230;<\/span><\/strong><\/span><\/p>\n<p>\u00a0<\/p>\n<p>\u00a0<\/p>\n","protected":false},"excerpt":{"rendered":"<p>La derni\u00e8re mission \u00e0 Mar Lodj s&rsquo;est d\u00e9roul\u00e9e du 11 au 21 mars avec trois administrateurs. D\u00e9sormais bien rep\u00e9r\u00e9e par nos partenaires enseignants, cette mission de printemps a permis de conforter le travail men\u00e9 depuis 15 ans. Les visites dans les cinq \u00e9coles \u00e9l\u00e9mentaires et les deux maternelles ont permis de recenser les besoins des [&hellip;]<\/p>\n","protected":false},"author":2,"featured_media":0,"comment_status":"open","ping_status":"open","sticky":false,"template":"","format":"standard","meta":{"jetpack_post_was_ever_published":false,"_jetpack_newsletter_access":"","_jetpack_dont_email_post_to_subs":false,"_jetpack_newsletter_tier_id":0,"_jetpack_memberships_contains_paywalled_content":false,"_jetpack_memberships_contains_paid_content":false,"footnotes":""},"categories":[1],"tags":[],"class_list":["post-3968","post","type-post","status-publish","format-standard","hentry","category-non-classe"],"jetpack_featured_media_url":"","jetpack_sharing_enabled":true,"jetpack_shortlink":"https:\/\/wp.me\/p5o8j7-120","_links":{"self":[{"href":"http:\/\/www.unenfantuncartable17.fr\/index.php?rest_route=\/wp\/v2\/posts\/3968","targetHints":{"allow":["GET"]}}],"collection":[{"href":"http:\/\/www.unenfantuncartable17.fr\/index.php?rest_route=\/wp\/v2\/posts"}],"about":[{"href":"http:\/\/www.unenfantuncartable17.fr\/index.php?rest_route=\/wp\/v2\/types\/post"}],"author":[{"embeddable":true,"href":"http:\/\/www.unenfantuncartable17.fr\/index.php?rest_route=\/wp\/v2\/users\/2"}],"replies":[{"embeddable":true,"href":"http:\/\/www.unenfantuncartable17.fr\/index.php?rest_route=%2Fwp%2Fv2%2Fcomments&post=3968"}],"version-history":[{"count":26,"href":"http:\/\/www.unenfantuncartable17.fr\/index.php?rest_route=\/wp\/v2\/posts\/3968\/revisions"}],"predecessor-version":[{"id":3998,"href":"http:\/\/www.unenfantuncartable17.fr\/index.php?rest_route=\/wp\/v2\/posts\/3968\/revisions\/3998"}],"wp:attachment":[{"href":"http:\/\/www.unenfantuncartable17.fr\/index.php?rest_route=%2Fwp%2Fv2%2Fmedia&parent=3968"}],"wp:term":[{"taxonomy":"category","embeddable":true,"href":"http:\/\/www.unenfantuncartable17.fr\/index.php?rest_route=%2Fwp%2Fv2%2Fcategories&post=3968"},{"taxonomy":"post_tag","embeddable":true,"href":"http:\/\/www.unenfantuncartable17.fr\/index.php?rest_route=%2Fwp%2Fv2%2Ftags&post=3968"}],"curies":[{"name":"wp","href":"https:\/\/api.w.org\/{rel}","templated":true}]}}