{"id":3810,"date":"2022-10-03T07:48:09","date_gmt":"2022-10-03T06:48:09","guid":{"rendered":"http:\/\/www.unenfantuncartable17.fr\/?p=3810"},"modified":"2022-10-03T07:48:12","modified_gmt":"2022-10-03T06:48:12","slug":"les-fournitures-sont-livrees","status":"publish","type":"post","link":"http:\/\/www.unenfantuncartable17.fr\/?p=3810","title":{"rendered":"Les fournitures sont livr\u00e9es !"},"content":{"rendered":"\n\n\n<p><span style=\"font-family: 'arial black', sans-serif; color: #993300;\">Samedi 1er octobre, tous les fournisseurs et les directeurs d&rsquo;\u00e9coles de l&rsquo;\u00eele se sont retrouv\u00e9s pour proc\u00e9der-depuis le continent- \u00e0 l&#8217;embarquement sur les pirogues et la livraison, en charrettes, des fournitures et livres n\u00e9cessaires \u00e0 l&rsquo;ann\u00e9e scolaire qui commence le 3 octobre. Depuis deux ans, ce sont les fournisseurs eux-m\u00eames avec les enseignants qui m\u00e8nent cette op\u00e9ration organis\u00e9e sur place par Moustapha Diouf.<\/span><\/p>\n<p><span style=\"font-family: 'arial black', sans-serif; color: #993300;\">En tout, des centaines de crayons, cahiers, compas, \u00e9querres, gommes, stylos&#8230; un millier de livres et plus de 110 sacs et trousses, ont travers\u00e9 le Saloum en pirogue pour \u00eatre d\u00e9pos\u00e9s \u00e0 l&rsquo;\u00e9cole de Mar Lodj, lieu de tri, de r\u00e9partition et de d\u00e9part vers chacune des autres \u00e9coles de l&rsquo;\u00eele.&nbsp;<\/span><\/p>\n<p><span style=\"font-family: 'arial black', sans-serif; color: #339966;\">Voici quelques photos de la livraison prises par Moustapha Diouf, notre correspondant.<\/span><\/p>\n<p><a href=\"http:\/\/www.unenfantuncartable17.fr\/wp-content\/uploads\/2022\/10\/IMG-20221001-WA0001.jpg\"><img loading=\"lazy\" decoding=\"async\" class=\"alignleft size-medium wp-image-3816\" src=\"http:\/\/www.unenfantuncartable17.fr\/wp-content\/uploads\/2022\/10\/IMG-20221001-WA0001-300x300.jpg\" alt=\"\" width=\"300\" height=\"300\" srcset=\"http:\/\/www.unenfantuncartable17.fr\/wp-content\/uploads\/2022\/10\/IMG-20221001-WA0001-300x300.jpg 300w, http:\/\/www.unenfantuncartable17.fr\/wp-content\/uploads\/2022\/10\/IMG-20221001-WA0001-150x150.jpg 150w, http:\/\/www.unenfantuncartable17.fr\/wp-content\/uploads\/2022\/10\/IMG-20221001-WA0001-768x768.jpg 768w, http:\/\/www.unenfantuncartable17.fr\/wp-content\/uploads\/2022\/10\/IMG-20221001-WA0001.jpg 960w\" sizes=\"auto, (max-width: 300px) 100vw, 300px\" \/><\/a><\/p>\n<p><a href=\"http:\/\/www.unenfantuncartable17.fr\/wp-content\/uploads\/2022\/10\/IMG-20221001-WA0005.jpg\"><img loading=\"lazy\" decoding=\"async\" class=\"size-medium wp-image-3817 alignright\" src=\"http:\/\/www.unenfantuncartable17.fr\/wp-content\/uploads\/2022\/10\/IMG-20221001-WA0005-300x300.jpg\" alt=\"\" width=\"300\" height=\"300\" srcset=\"http:\/\/www.unenfantuncartable17.fr\/wp-content\/uploads\/2022\/10\/IMG-20221001-WA0005-300x300.jpg 300w, http:\/\/www.unenfantuncartable17.fr\/wp-content\/uploads\/2022\/10\/IMG-20221001-WA0005-150x150.jpg 150w, http:\/\/www.unenfantuncartable17.fr\/wp-content\/uploads\/2022\/10\/IMG-20221001-WA0005-768x768.jpg 768w, http:\/\/www.unenfantuncartable17.fr\/wp-content\/uploads\/2022\/10\/IMG-20221001-WA0005.jpg 960w\" sizes=\"auto, (max-width: 300px) 100vw, 300px\" \/><\/a><\/p>\n<p>&nbsp;<\/p>\n<p>&nbsp;<\/p>\n<p>&nbsp;<\/p>\n<p>&nbsp;<\/p>\n<p>&nbsp;<\/p>\n<p>&nbsp;<\/p>\n<p><a href=\"http:\/\/www.unenfantuncartable17.fr\/wp-content\/uploads\/2022\/10\/IMG-20221001-WA0004.jpg\"><img loading=\"lazy\" decoding=\"async\" class=\"alignleft size-medium wp-image-3818\" src=\"http:\/\/www.unenfantuncartable17.fr\/wp-content\/uploads\/2022\/10\/IMG-20221001-WA0004-300x300.jpg\" alt=\"\" width=\"300\" height=\"300\" srcset=\"http:\/\/www.unenfantuncartable17.fr\/wp-content\/uploads\/2022\/10\/IMG-20221001-WA0004-300x300.jpg 300w, http:\/\/www.unenfantuncartable17.fr\/wp-content\/uploads\/2022\/10\/IMG-20221001-WA0004-150x150.jpg 150w, http:\/\/www.unenfantuncartable17.fr\/wp-content\/uploads\/2022\/10\/IMG-20221001-WA0004-768x768.jpg 768w, http:\/\/www.unenfantuncartable17.fr\/wp-content\/uploads\/2022\/10\/IMG-20221001-WA0004.jpg 960w\" sizes=\"auto, (max-width: 300px) 100vw, 300px\" \/><\/a><\/p>\n<p style=\"text-align: right;\"><a href=\"http:\/\/www.unenfantuncartable17.fr\/wp-content\/uploads\/2022\/10\/IMG-20221001-WA0011.jpg\"><img loading=\"lazy\" decoding=\"async\" class=\"size-medium wp-image-3819 alignright\" src=\"http:\/\/www.unenfantuncartable17.fr\/wp-content\/uploads\/2022\/10\/IMG-20221001-WA0011-300x300.jpg\" alt=\"\" width=\"300\" height=\"300\" srcset=\"http:\/\/www.unenfantuncartable17.fr\/wp-content\/uploads\/2022\/10\/IMG-20221001-WA0011-300x300.jpg 300w, http:\/\/www.unenfantuncartable17.fr\/wp-content\/uploads\/2022\/10\/IMG-20221001-WA0011-150x150.jpg 150w, http:\/\/www.unenfantuncartable17.fr\/wp-content\/uploads\/2022\/10\/IMG-20221001-WA0011-768x768.jpg 768w, http:\/\/www.unenfantuncartable17.fr\/wp-content\/uploads\/2022\/10\/IMG-20221001-WA0011.jpg 960w\" sizes=\"auto, (max-width: 300px) 100vw, 300px\" \/><\/a><\/p>\n<p>&nbsp;<\/p>\n<p>&nbsp;<\/p>\n<p>&nbsp;<\/p>\n<p>&nbsp;<\/p>\n<p>&nbsp;<\/p>\n<p>&nbsp;<\/p>\n<p>&nbsp;<\/p>\n<p><a href=\"http:\/\/www.unenfantuncartable17.fr\/wp-content\/uploads\/2022\/10\/IMG-20221001-WA0010-2.jpg\"><img loading=\"lazy\" decoding=\"async\" class=\"size-medium wp-image-3820 alignleft\" src=\"http:\/\/www.unenfantuncartable17.fr\/wp-content\/uploads\/2022\/10\/IMG-20221001-WA0010-2-300x169.jpg\" alt=\"\" width=\"300\" height=\"169\" srcset=\"http:\/\/www.unenfantuncartable17.fr\/wp-content\/uploads\/2022\/10\/IMG-20221001-WA0010-2-300x169.jpg 300w, http:\/\/www.unenfantuncartable17.fr\/wp-content\/uploads\/2022\/10\/IMG-20221001-WA0010-2-768x432.jpg 768w, http:\/\/www.unenfantuncartable17.fr\/wp-content\/uploads\/2022\/10\/IMG-20221001-WA0010-2.jpg 960w\" sizes=\"auto, (max-width: 300px) 100vw, 300px\" \/><\/a><\/p>\n<p><a href=\"http:\/\/www.unenfantuncartable17.fr\/wp-content\/uploads\/2022\/10\/IMG-20221001-WA0018-2.jpg\"><img loading=\"lazy\" decoding=\"async\" class=\"size-medium wp-image-3827 alignright\" src=\"http:\/\/www.unenfantuncartable17.fr\/wp-content\/uploads\/2022\/10\/IMG-20221001-WA0018-2-300x198.jpg\" alt=\"\" width=\"300\" height=\"198\" srcset=\"http:\/\/www.unenfantuncartable17.fr\/wp-content\/uploads\/2022\/10\/IMG-20221001-WA0018-2-300x198.jpg 300w, http:\/\/www.unenfantuncartable17.fr\/wp-content\/uploads\/2022\/10\/IMG-20221001-WA0018-2-768x507.jpg 768w, http:\/\/www.unenfantuncartable17.fr\/wp-content\/uploads\/2022\/10\/IMG-20221001-WA0018-2.jpg 789w\" sizes=\"auto, (max-width: 300px) 100vw, 300px\" \/><\/a><\/p>\n<p>&nbsp;<\/p>\n<p>&nbsp;<\/p>\n<div id=\"attachment_3821\" style=\"width: 310px\" class=\"wp-caption alignleft\"><a href=\"http:\/\/www.unenfantuncartable17.fr\/wp-content\/uploads\/2022\/10\/IMG-20221001-WA0013-2.jpg\"><img loading=\"lazy\" decoding=\"async\" aria-describedby=\"caption-attachment-3821\" class=\"size-medium wp-image-3821\" src=\"http:\/\/www.unenfantuncartable17.fr\/wp-content\/uploads\/2022\/10\/IMG-20221001-WA0013-2-300x169.jpg\" alt=\"\" width=\"300\" height=\"169\" srcset=\"http:\/\/www.unenfantuncartable17.fr\/wp-content\/uploads\/2022\/10\/IMG-20221001-WA0013-2-300x169.jpg 300w, http:\/\/www.unenfantuncartable17.fr\/wp-content\/uploads\/2022\/10\/IMG-20221001-WA0013-2-768x432.jpg 768w, http:\/\/www.unenfantuncartable17.fr\/wp-content\/uploads\/2022\/10\/IMG-20221001-WA0013-2.jpg 960w\" sizes=\"auto, (max-width: 300px) 100vw, 300px\" \/><\/a><p id=\"caption-attachment-3821\" class=\"wp-caption-text\"><span style=\"font-size: 10pt; font-family: arial, helvetica, sans-serif; color: #993300;\">Moustapha notre correspondant et Baba le couturier<\/span><\/p><\/div>\n<p><a href=\"http:\/\/www.unenfantuncartable17.fr\/wp-content\/uploads\/2022\/10\/IMG-20221001-WA0029.jpg\"><img loading=\"lazy\" decoding=\"async\" class=\" wp-image-3836 alignright\" src=\"http:\/\/www.unenfantuncartable17.fr\/wp-content\/uploads\/2022\/10\/IMG-20221001-WA0029-225x300.jpg\" alt=\"\" width=\"290\" height=\"387\" srcset=\"http:\/\/www.unenfantuncartable17.fr\/wp-content\/uploads\/2022\/10\/IMG-20221001-WA0029-225x300.jpg 225w, http:\/\/www.unenfantuncartable17.fr\/wp-content\/uploads\/2022\/10\/IMG-20221001-WA0029-768x1024.jpg 768w, http:\/\/www.unenfantuncartable17.fr\/wp-content\/uploads\/2022\/10\/IMG-20221001-WA0029.jpg 780w\" sizes=\"auto, (max-width: 290px) 100vw, 290px\" \/><\/a><\/p>\n<p>&nbsp;<\/p>\n<p>&nbsp;<\/p>\n<p>&nbsp;<\/p>\n<div id=\"attachment_3845\" style=\"width: 310px\" class=\"wp-caption alignleft\"><a href=\"http:\/\/www.unenfantuncartable17.fr\/wp-content\/uploads\/2022\/10\/IMG-20221001-WA0006.jpg\"><img loading=\"lazy\" decoding=\"async\" aria-describedby=\"caption-attachment-3845\" class=\"size-medium wp-image-3845\" src=\"http:\/\/www.unenfantuncartable17.fr\/wp-content\/uploads\/2022\/10\/IMG-20221001-WA0006-300x169.jpg\" alt=\"\" width=\"300\" height=\"169\" srcset=\"http:\/\/www.unenfantuncartable17.fr\/wp-content\/uploads\/2022\/10\/IMG-20221001-WA0006-300x169.jpg 300w, http:\/\/www.unenfantuncartable17.fr\/wp-content\/uploads\/2022\/10\/IMG-20221001-WA0006-768x432.jpg 768w, http:\/\/www.unenfantuncartable17.fr\/wp-content\/uploads\/2022\/10\/IMG-20221001-WA0006.jpg 960w\" sizes=\"auto, (max-width: 300px) 100vw, 300px\" \/><\/a><p id=\"caption-attachment-3845\" class=\"wp-caption-text\"><span style=\"font-family: arial, helvetica, sans-serif; font-size: 10pt; color: #993300;\">L&rsquo;\u00e9quipe de fournisseurs, d&rsquo;enseignants et Alioune le cal\u00e9chier.<\/span><\/p><\/div>\n<p>&nbsp;<\/p>\n<p>&nbsp;<\/p>\n<p>&nbsp;<\/p>\n<p>&nbsp;<\/p>\n<p>&nbsp;<\/p>\n<p>&nbsp;<\/p>\n<p>&nbsp;<\/p>\n<p>&nbsp;<\/p>\n<p><span style=\"font-family: arial, helvetica, sans-serif; font-size: 10pt; color: #993300;\">&nbsp;<\/span><\/p>\n<p>&nbsp;<\/p>\n<p>&nbsp;<\/p>\n<p>&nbsp;<\/p>\n<p>&nbsp;<\/p>\n<p><span style=\"font-family: 'arial black', sans-serif; color: #993300;\">Toutes les fournitures, les livres, les sacs et les trousses ont \u00e9t\u00e9 achet\u00e9s sur place ou fabriqu\u00e9s localement. <strong><span style=\"color: #808000;\"><span style=\"color: #339966;\">Un investissement de 11.500 \u20ac qui va b\u00e9n\u00e9ficier \u00e0 940 \u00e9l\u00e8ves du CI au CM2 (140 de maternelles) dont les familles vont pouvoir envisager une ann\u00e9e scolaire plus sereine.<\/span>&nbsp;<\/span><\/strong><\/span><\/p>\n<p><span style=\"font-family: 'arial black', sans-serif; color: #993300;\">Le S\u00e9n\u00e9gal vit des jours tr\u00e8s difficiles \u00e0 cause des cons\u00e9quences de la Covid et de la guerre en Ukraine. L&rsquo;approvisionnement en produits alimentaires n&rsquo;est plus assur\u00e9 et les familles peinent \u00e0 assurer la scolarit\u00e9 des enfants.<\/span><\/p>\n<p>.<a href=\"http:\/\/www.unenfantuncartable17.fr\/wp-content\/uploads\/2022\/10\/photo-de-Une-de-lObs-Dakar.jpg\"><img loading=\"lazy\" decoding=\"async\" class=\"alignleft size-medium wp-image-3813\" src=\"http:\/\/www.unenfantuncartable17.fr\/wp-content\/uploads\/2022\/10\/photo-de-Une-de-lObs-Dakar-224x300.jpg\" alt=\"\" width=\"224\" height=\"300\" srcset=\"http:\/\/www.unenfantuncartable17.fr\/wp-content\/uploads\/2022\/10\/photo-de-Une-de-lObs-Dakar-224x300.jpg 224w, http:\/\/www.unenfantuncartable17.fr\/wp-content\/uploads\/2022\/10\/photo-de-Une-de-lObs-Dakar-763x1024.jpg 763w, http:\/\/www.unenfantuncartable17.fr\/wp-content\/uploads\/2022\/10\/photo-de-Une-de-lObs-Dakar-768x1030.jpg 768w, http:\/\/www.unenfantuncartable17.fr\/wp-content\/uploads\/2022\/10\/photo-de-Une-de-lObs-Dakar.jpg 954w\" sizes=\"auto, (max-width: 224px) 100vw, 224px\" \/><span style=\"font-family: 'arial black', sans-serif; color: #993300;\">Pour illustrer ces propos,&nbsp; v<\/span><\/a><span style=\"color: #993300; font-family: 'arial black', sans-serif;\">oici la \u00ab\u00a0une\u00a0\u00bb du 30 septembre 2022 du journal s\u00e9n\u00e9galais \u00ab\u00a0L&rsquo;OBS\u00a0\u00bb qui rapporte les difficult\u00e9s des familles s\u00e9n\u00e9galaises<\/span><\/p>\n\n\n\n\n","protected":false},"excerpt":{"rendered":"<p>Samedi 1er octobre, tous les fournisseurs et les directeurs d&rsquo;\u00e9coles de l&rsquo;\u00eele se sont retrouv\u00e9s pour proc\u00e9der-depuis le continent- \u00e0 l&#8217;embarquement sur les pirogues et la livraison, en charrettes, des fournitures et livres n\u00e9cessaires \u00e0 l&rsquo;ann\u00e9e scolaire qui commence le 3 octobre. Depuis deux ans, ce sont les fournisseurs eux-m\u00eames avec les enseignants qui m\u00e8nent [&hellip;]<\/p>\n","protected":false},"author":2,"featured_media":0,"comment_status":"open","ping_status":"open","sticky":false,"template":"","format":"standard","meta":{"jetpack_post_was_ever_published":false,"_jetpack_newsletter_access":"","_jetpack_dont_email_post_to_subs":false,"_jetpack_newsletter_tier_id":0,"_jetpack_memberships_contains_paywalled_content":false,"_jetpack_memberships_contains_paid_content":false,"footnotes":""},"categories":[1],"tags":[],"class_list":["post-3810","post","type-post","status-publish","format-standard","hentry","category-non-classe"],"jetpack_featured_media_url":"","jetpack_sharing_enabled":true,"jetpack_shortlink":"https:\/\/wp.me\/p5o8j7-Zs","_links":{"self":[{"href":"http:\/\/www.unenfantuncartable17.fr\/index.php?rest_route=\/wp\/v2\/posts\/3810","targetHints":{"allow":["GET"]}}],"collection":[{"href":"http:\/\/www.unenfantuncartable17.fr\/index.php?rest_route=\/wp\/v2\/posts"}],"about":[{"href":"http:\/\/www.unenfantuncartable17.fr\/index.php?rest_route=\/wp\/v2\/types\/post"}],"author":[{"embeddable":true,"href":"http:\/\/www.unenfantuncartable17.fr\/index.php?rest_route=\/wp\/v2\/users\/2"}],"replies":[{"embeddable":true,"href":"http:\/\/www.unenfantuncartable17.fr\/index.php?rest_route=%2Fwp%2Fv2%2Fcomments&post=3810"}],"version-history":[{"count":49,"href":"http:\/\/www.unenfantuncartable17.fr\/index.php?rest_route=\/wp\/v2\/posts\/3810\/revisions"}],"predecessor-version":[{"id":3880,"href":"http:\/\/www.unenfantuncartable17.fr\/index.php?rest_route=\/wp\/v2\/posts\/3810\/revisions\/3880"}],"wp:attachment":[{"href":"http:\/\/www.unenfantuncartable17.fr\/index.php?rest_route=%2Fwp%2Fv2%2Fmedia&parent=3810"}],"wp:term":[{"taxonomy":"category","embeddable":true,"href":"http:\/\/www.unenfantuncartable17.fr\/index.php?rest_route=%2Fwp%2Fv2%2Fcategories&post=3810"},{"taxonomy":"post_tag","embeddable":true,"href":"http:\/\/www.unenfantuncartable17.fr\/index.php?rest_route=%2Fwp%2Fv2%2Ftags&post=3810"}],"curies":[{"name":"wp","href":"https:\/\/api.w.org\/{rel}","templated":true}]}}