{"id":35,"date":"2012-05-26T11:40:00","date_gmt":"2012-05-26T11:40:00","guid":{"rendered":"http:\/\/www.unenfantuncartable17.fr\/?p=35"},"modified":"2018-01-16T12:20:27","modified_gmt":"2018-01-16T11:20:27","slug":"les-orientations-de-l-assemblee-generale","status":"publish","type":"post","link":"http:\/\/www.unenfantuncartable17.fr\/?p=35","title":{"rendered":"Les orientations de l&rsquo;assembl\u00e9e g\u00e9n\u00e9rale 2012"},"content":{"rendered":"<div class=\"ob-section ob-section-html\">\n<p><span style=\"font-size: 14pt; color: #993300;\"><strong><span style=\"font-family: arial, helvetica, sans-serif;\">49\u00a0adh\u00e9rents se sont retrouv\u00e9es le 25 mai \u00e0 la maison de quartier de Port Neuf \u00e0 La Rochelle pour l&rsquo;assembl\u00e9e g\u00e9n\u00e9rale annuelle de \u00ab\u00a0Un enfant, un cartable\u00a0\u00bb. Avec 59 pouvoirs, le quorum \u00e9tait donc largement atteint.<\/span><\/strong><\/span><\/p>\n<p><span style=\"font-family: arial, helvetica, sans-serif; font-size: 14pt; color: #993300;\"><strong>Le\u00a0rapport moral et\u00a0d&rsquo;activit\u00e9s comme le bilan financier ont \u00e9t\u00e9 adopt\u00e9s \u00e0 l&rsquo;unanimit\u00e9, apr\u00e8s avis favorable du v\u00e9rificateur aux comptes.<\/strong><\/span><\/p>\n<p><span style=\"font-family: arial, helvetica, sans-serif; font-size: 14pt; color: #808000;\"><strong>Une projection financi\u00e8re pour les 6 prochaines ann\u00e9es a \u00e9galement \u00e9t\u00e9 pr\u00e9sent\u00e9e par le tr\u00e9sorier et adopt\u00e9e \u00e0 l&rsquo;unanimit\u00e9.<\/strong><\/span><\/p>\n<p><span style=\"font-family: arial, helvetica, sans-serif; font-size: 14pt; color: #993300;\"><strong>Bien que la construction de la classe de Marsoulou-op\u00e9rationnelle pour la rentr\u00e9e prochaine-\u00a0a \u00e9t\u00e9 un succ\u00e8s,\u00a0gr\u00e2ce notamment \u00e0 l&rsquo;intervention efficace et continue\u00a0de notre correspondant local\u00a0Olivier Gu\u00e9rin, la projection financi\u00e8re des 6 ans \u00e0 venir\u00a0ent\u00e9rine le retour aux missions historiques de l&rsquo;association-fournitures de mat\u00e9riel et de livres scolaires achet\u00e9s sur place- pour les \u00e9coles de l&rsquo;\u00eele de Mar Lodj. Nos moyens ne nous permettent pas, en effet, de diriger \u00e0 plusieurs milliers de kilom\u00eatres, un chantier qui implique une pr\u00e9sence quasi quotidienne.<\/strong><\/span><\/p>\n<p><span style=\"font-family: arial, helvetica, sans-serif; font-size: 14pt; color: #808000;\"><strong>En plus des villages que\u00a0l&rsquo;association suit depuis 4 ans, une coop\u00e9ration avec\u00a0l&rsquo;\u00e9cole publique\u00a0de Mar Lothie qui compte 180 \u00e9l\u00e8ves\u00a0a \u00e9t\u00e9 d\u00e9cid\u00e9e. Cet \u00e9tablissement \u00ab\u00a0cohabite\u00a0\u00bb avec\u00a0 l&rsquo;importante \u00e9cole catholique d&rsquo;une mission implant\u00e9e sur l&rsquo;\u00eele.\u00a0Ce sont donc 360 enfants de cycle primaire qui b\u00e9n\u00e9ficieront d\u00e8s la rentr\u00e9e de septembre prochain\u00a0de l&rsquo;action de l&rsquo;association en collaboration \u00e9troite avec les instituteurs et les chefs de villages et bient\u00f4t des autorit\u00e9s\u00a0locales\u00a0de l&rsquo;\u00e9ducation.<\/strong><\/span><\/p>\n<p><span style=\"font-family: arial, helvetica, sans-serif; font-size: 14pt; color: #993300;\"><strong>Le principe de la s\u00e9paration des comp\u00e9tences a \u00e9t\u00e9 r\u00e9affirm\u00e9: l&rsquo;association ne s&rsquo;occupe\u00a0pas de p\u00e9dagogie dont les instituteurs sont les garants. L&rsquo;association propose aux parents des \u00e9l\u00e8ves une aide indirecte en achetant- sur les conseils des instituteurs-\u00a0les fournitures\u00a0n\u00e9cessaires aux \u00e9tudes (cahiers, stylos&#8230;une d\u00e9pense de 11 \u20ac par an et par enfant en moyenne)<\/strong><\/span><\/p>\n<p><span style=\"font-family: arial, helvetica, sans-serif; font-size: 14pt; color: #993300;\"><strong>Une convention entre les enseignants et l&rsquo;association \u00e9tablira les responsabilit\u00e9s de chacun des partenaires.<\/strong><\/span><\/p>\n<p><span style=\"font-family: arial, helvetica, sans-serif; font-size: 14pt; color: #808000;\"><strong>L&rsquo;assembl\u00e9e g\u00e9n\u00e9rale a \u00e9galement d\u00e9cid\u00e9 d&rsquo;\u00e9tudier la possibilit\u00e9 d&rsquo;apporter une aide aux coll\u00e9giens, issus des \u00e9coles primaires des villages de Mar Soulou, Wandi\u00e9 et bient\u00f4t Mar Lothie. Un ligne de 3000 \u20ac a \u00e9t\u00e9 affect\u00e9e \u00e0 cette nouvelle action qui reste \u00e0 d\u00e9finir sur le terrain avec les interlocuteurs locaux.<\/strong><\/span><\/p>\n<p><span style=\"font-family: arial, helvetica, sans-serif; font-size: 14pt; color: #993300;\"><strong>Une r\u00e9serve de 3000 \u20ac par an est constitu\u00e9e pour faire face aux impr\u00e9vus, \u00e0 l&rsquo;entretien\u00a0et aux r\u00e9parations des \u00e9coles suivies par l&rsquo;association<\/strong><\/span><\/p>\n<p><span style=\"font-family: arial, helvetica, sans-serif; font-size: 14pt; color: #993300;\"><strong>L&rsquo;association compte aujourd&rsquo;hui180 adh\u00e9rents qui repr\u00e9sentent 73% des ressources budg\u00e9taires.<\/strong><\/span><\/p>\n<p><span style=\"font-family: arial, helvetica, sans-serif; font-size: 14pt; color: #808000;\"><strong>\u00a0<\/strong><strong>Des partenariats ont \u00e9t\u00e9 pass\u00e9s avec diff\u00e9rents partenaires dont :<\/strong><\/span><\/p>\n<p><span style=\"font-family: arial, helvetica, sans-serif; font-size: 14pt;\">\u00a0<span style=\"color: #993300;\">&#8211;<strong>\u00a0Entraide et Solidarit\u00e9 de la Libre Pens\u00e9e qui a accept\u00e9 de nous financer durant 6 ans \u00e0 hauteur de 1000 \u20ac par an.<\/strong><\/span><\/span><\/p>\n<p><span style=\"font-family: arial, helvetica, sans-serif; font-size: 14pt; color: #993300;\"><strong>&#8211;\u00a0la mutuelle niortaise SMIP pour 300 \u20ac pendant 2 ans renouvelables.<\/strong><\/span><\/p>\n<p><span style=\"font-family: arial, helvetica, sans-serif; font-size: 14pt; color: #808000;\"><strong>Quant au\u00a0Lions club Doyen de La Rochelle, il\u00a0continue de nous associer \u00e0 l&rsquo;op\u00e9ration annuelle \u00ab\u00a0Tulipes contre le cancer\u00a0\u00bb qui cette ann\u00e9e a rapport\u00e9 700 \u20ac. Un premier partenariat a aussi \u00e9t\u00e9 conclu avec le Rotary pour 200 \u20ac.<\/strong><\/span><\/p>\n<p><span style=\"font-family: arial, helvetica, sans-serif; font-size: 14pt; color: #993300;\"><strong>Le compte de r\u00e9sultat pr\u00e9sent\u00e9 par le tr\u00e9sorier\u00a0d\u00e9gage un solde positif de 2678,66 \u20ac.<\/strong><\/span><\/p>\n<p><span style=\"font-family: arial, helvetica, sans-serif; font-size: 14pt; color: #808000;\"><strong>Trois nouveaux administrateurs ont \u00e9t\u00e9 \u00e9lus en remplacement de Pierre Andrey, Christian Pasquet et Georges Fournet. Il s&rsquo;agit de Laure Vergnes, Genevi\u00e8ve Danet et de Philippe Moquet.<\/strong><\/span><\/p>\n<p><span style=\"font-family: arial, helvetica, sans-serif; font-size: 14pt;\"><strong>\u00a0<\/strong><span style=\"color: #808000;\"><strong>Les adh\u00e9rents se sont ensuite retrouv\u00e9s pour une soir\u00e9e festive autour d&rsquo;un repas et du tour de chant de Sophie Apr\u00e9a dans une \u00e9vocation tr\u00e8s convaincante et talentueuse\u00a0du Paris du 19\u00e8me si\u00e8cle et du d\u00e9but du 20\u00e8me.<\/strong><\/span><\/span><\/p>\n<p><span style=\"font-family: arial, helvetica, sans-serif; font-size: 14pt;\"><strong>\u00a0<\/strong><span style=\"color: #993300;\"><strong>Les documents complets -rapports d&rsquo;activit\u00e9s et bilan financier- ont \u00e9t\u00e9 envoy\u00e9s aux adh\u00e9rents n&rsquo;ayant pu se d\u00e9placer.<\/strong><\/span><\/span><\/p>\n<p>&nbsp;<\/p>\n<p><span style=\"font-family: 'arial black', sans-serif; color: #993300;\"><strong><a style=\"color: #993300;\" href=\"http:\/\/www.unenfantuncartable17.fr\/wp-content\/uploads\/2012\/05\/Rapport-Moral-2012.doc\">Rapport Moral 2012<\/a><\/strong>\u00a0(cliquez)<\/span><\/p>\n<\/div>\n","protected":false},"excerpt":{"rendered":"<p>49\u00a0adh\u00e9rents se sont retrouv\u00e9es le 25 mai \u00e0 la maison de quartier de Port Neuf \u00e0 La Rochelle pour l&rsquo;assembl\u00e9e g\u00e9n\u00e9rale annuelle de \u00ab\u00a0Un enfant, un cartable\u00a0\u00bb. Avec 59 pouvoirs, le quorum \u00e9tait donc largement atteint. Le\u00a0rapport moral et\u00a0d&rsquo;activit\u00e9s comme le bilan financier ont \u00e9t\u00e9 adopt\u00e9s \u00e0 l&rsquo;unanimit\u00e9, apr\u00e8s avis favorable du v\u00e9rificateur aux comptes. [&hellip;]<\/p>\n","protected":false},"author":2,"featured_media":0,"comment_status":"open","ping_status":"open","sticky":false,"template":"","format":"standard","meta":{"jetpack_post_was_ever_published":false,"_jetpack_newsletter_access":"","_jetpack_dont_email_post_to_subs":true,"_jetpack_newsletter_tier_id":0,"_jetpack_memberships_contains_paywalled_content":false,"_jetpack_memberships_contains_paid_content":false,"footnotes":""},"categories":[1],"tags":[],"class_list":["post-35","post","type-post","status-publish","format-standard","hentry","category-non-classe"],"jetpack_featured_media_url":"","jetpack_sharing_enabled":true,"jetpack_shortlink":"https:\/\/wp.me\/p5o8j7-z","_links":{"self":[{"href":"http:\/\/www.unenfantuncartable17.fr\/index.php?rest_route=\/wp\/v2\/posts\/35","targetHints":{"allow":["GET"]}}],"collection":[{"href":"http:\/\/www.unenfantuncartable17.fr\/index.php?rest_route=\/wp\/v2\/posts"}],"about":[{"href":"http:\/\/www.unenfantuncartable17.fr\/index.php?rest_route=\/wp\/v2\/types\/post"}],"author":[{"embeddable":true,"href":"http:\/\/www.unenfantuncartable17.fr\/index.php?rest_route=\/wp\/v2\/users\/2"}],"replies":[{"embeddable":true,"href":"http:\/\/www.unenfantuncartable17.fr\/index.php?rest_route=%2Fwp%2Fv2%2Fcomments&post=35"}],"version-history":[{"count":5,"href":"http:\/\/www.unenfantuncartable17.fr\/index.php?rest_route=\/wp\/v2\/posts\/35\/revisions"}],"predecessor-version":[{"id":1503,"href":"http:\/\/www.unenfantuncartable17.fr\/index.php?rest_route=\/wp\/v2\/posts\/35\/revisions\/1503"}],"wp:attachment":[{"href":"http:\/\/www.unenfantuncartable17.fr\/index.php?rest_route=%2Fwp%2Fv2%2Fmedia&parent=35"}],"wp:term":[{"taxonomy":"category","embeddable":true,"href":"http:\/\/www.unenfantuncartable17.fr\/index.php?rest_route=%2Fwp%2Fv2%2Fcategories&post=35"},{"taxonomy":"post_tag","embeddable":true,"href":"http:\/\/www.unenfantuncartable17.fr\/index.php?rest_route=%2Fwp%2Fv2%2Ftags&post=35"}],"curies":[{"name":"wp","href":"https:\/\/api.w.org\/{rel}","templated":true}]}}