{"id":34,"date":"2012-06-21T12:39:00","date_gmt":"2012-06-21T12:39:00","guid":{"rendered":"http:\/\/www.unenfantuncartable17.fr\/?p=34"},"modified":"2015-01-28T16:32:54","modified_gmt":"2015-01-28T15:32:54","slug":"bilan-de-voyage-dans-le-sine-saloum","status":"publish","type":"post","link":"http:\/\/www.unenfantuncartable17.fr\/?p=34","title":{"rendered":"Bilan de voyage dans le Sine Saloum"},"content":{"rendered":"<div class=\"ob-section ob-section-html\">\n<p><span style=\"font-size: 14pt; color: #808000;\"><strong><span style=\"font-family: arial, helvetica, sans-serif;\">Denis, le tr\u00e9sorier et Jean-Claude, le pr\u00e9sident ont effectu\u00e9 un voyage \u00e0\u00a0Mar Lodj, entre le 9 et le 16 juin dernier.<\/span> <span style=\"font-family: arial, helvetica, sans-serif;\">Bilan.<\/span><\/strong><\/span><\/p>\n<p><span style=\"font-size: 14pt;\"><strong>\u00a0<\/strong><\/span><span style=\"font-size: 14pt;\"><strong><span style=\"font-family: arial, helvetica, sans-serif; color: #808000;\">&#8211; La classe de Marsoulou:<\/span> <span style=\"font-family: arial, helvetica, sans-serif; color: #993300;\">Elle est pr\u00eate \u00e0 accueillir de nouveaux \u00e9l\u00e8ves \u00e0 la rentr\u00e9e prochaine. Quelques travaux restent cependant \u00e0 effectuer comme l&rsquo;isolation ext\u00e9rieure en cr\u00e9pis et la peinture du tableau&#8230;noir. Ils vont l&rsquo;\u00eatre avant la saison des pluies qui commence dans quelques semaines. Le bilan comptable est tr\u00e8s satisfaisant puisque, gr\u00e2ce \u00e0 Olivier Gu\u00e9rin, notre correspondant local, la construction revient \u00e0 6000 euros et permet une \u00e9conomie d&rsquo;environ 1200 euros.<\/span><\/strong><\/span><\/p>\n<p><span style=\"font-size: 14pt;\">\u00a0<\/span><span style=\"font-size: 14pt;\"><strong><span style=\"font-family: arial, helvetica, sans-serif; color: #808000;\">&#8211; Les fournitures et les livres:<\/span> <span style=\"font-family: arial, helvetica, sans-serif; color: #993300;\">Les articles demand\u00e9s par les directeurs de Wandi\u00e9 et Marsoulou ont \u00e9t\u00e9 achet\u00e9s et seront distribu\u00e9s lors du prochain voyage\u00a0en octobre. Les enseignants ont \u00e9t\u00e9 sensibilis\u00e9s aux \u00e9conomies sur quelques postes co\u00fbteux comme les sacs \u00e0 dos.\u00a0En raison\u00a0du plus grand nombre de livres, le montant de la facture est plus \u00e9lev\u00e9 cette ann\u00e9e pour ces deux \u00e9coles. 1900 euros contre 1600 l&rsquo;an pass\u00e9.<\/span><\/strong><\/span><\/p>\n<p><span style=\"font-size: 14pt;\"><strong><span style=\"font-family: arial, helvetica, sans-serif; color: #808000;\">&#8211; Mar Lothie:<\/span> <span style=\"font-family: arial,helvetica,sans-serif; color: #99cc00;\">\u00a0<\/span><span style=\"font-family: arial, helvetica, sans-serif; color: #993300;\">Le contact a \u00e9t\u00e9 tr\u00e8s bon. Le directeur a \u00e9tabli une premi\u00e8re liste de fournitures et de livres pour les 160 \u00e9l\u00e8ves. Apr\u00e8s un devis\u00a0\u00e9tabli par notre fournisseur habituel \u00e0 M&rsquo; Bour, cette commande sera pr\u00e9par\u00e9e pour octobre. Son montant de 823 euros laisse une marge confortable puisque la d\u00e9pense pr\u00e9visionnelle totale avait \u00e9t\u00e9 estim\u00e9e \u00e0 4000 euros pour les 3 \u00e9coles. Nous en avons plus de 1000 devant nous&#8230;<\/span><\/strong><\/span><\/p>\n<p><span style=\"font-size: 14pt;\"><strong><span style=\"color: #808000; font-family: arial, helvetica, sans-serif;\">&#8211; La convention entre les \u00e9coles et l&rsquo;association :<\/span>\u00a0<span style=\"font-family: arial, helvetica, sans-serif; color: #993300;\">re\u00e7ue positivement, elle sera sign\u00e9e en octobre par les directeurs.<\/span><\/strong><\/span><\/p>\n<p><span style=\"font-size: 14pt;\"><strong><span style=\"font-family: arial, helvetica, sans-serif; color: #808000;\">&#8211; L&rsquo;aide aux coll\u00e9giens:<\/span> <span style=\"color: #993300; font-family: arial, helvetica, sans-serif;\">elle\u00a0devra faire l&rsquo;objet de n\u00e9gociations avec le directeur du coll\u00e8ge de Djirnda dont d\u00e9pendent les enfants de Wandi\u00e9, oblig\u00e9s de faire 30 minutes de pirogue. Pour les autres enfants de l&rsquo;\u00eele qui ont beaucoup moins de frais puisque relevant du coll\u00e8ge de Marsoulou (d\u00e9coupage administratif !) nous prendrons contact avec le directeur de celui-ci pour imaginer une action supportable par nos finances (le coll\u00e8ge compte 300 \u00e9l\u00e8ves).<\/span><\/strong><\/span><\/p>\n<p><span style=\"font-size: 14pt;\"><span style=\"font-family: arial, helvetica, sans-serif; color: #808000;\">&#8211; <\/span><strong><span style=\"color: #808000; font-family: arial, helvetica, sans-serif;\">L&rsquo;\u00e9cole maternelle de Mar Lothie<\/span> <span style=\"color: #993300;\"><span style=\"font-family: arial, helvetica, sans-serif;\">n&rsquo;ayant pas de toilettes, nous examinons la possibilit\u00e9 de construire un bloc sanitaire pour les 70 enfants. Nous attendons un devis pour prendre une d\u00e9cision.<\/span><\/span><\/strong><\/span><\/p>\n<\/div>\n","protected":false},"excerpt":{"rendered":"<p>Denis, le tr\u00e9sorier et Jean-Claude, le pr\u00e9sident ont effectu\u00e9 un voyage \u00e0\u00a0Mar Lodj, entre le 9 et le 16 juin dernier. Bilan. \u00a0&#8211; La classe de Marsoulou: Elle est pr\u00eate \u00e0 accueillir de nouveaux \u00e9l\u00e8ves \u00e0 la rentr\u00e9e prochaine. Quelques travaux restent cependant \u00e0 effectuer comme l&rsquo;isolation ext\u00e9rieure en cr\u00e9pis et la peinture du tableau&#8230;noir. [&hellip;]<\/p>\n","protected":false},"author":2,"featured_media":0,"comment_status":"open","ping_status":"open","sticky":false,"template":"","format":"standard","meta":{"jetpack_post_was_ever_published":false,"_jetpack_newsletter_access":"","_jetpack_dont_email_post_to_subs":false,"_jetpack_newsletter_tier_id":0,"_jetpack_memberships_contains_paywalled_content":false,"_jetpack_memberships_contains_paid_content":false,"footnotes":""},"categories":[1],"tags":[],"class_list":["post-34","post","type-post","status-publish","format-standard","hentry","category-non-classe"],"jetpack_featured_media_url":"","jetpack_sharing_enabled":true,"jetpack_shortlink":"https:\/\/wp.me\/p5o8j7-y","_links":{"self":[{"href":"http:\/\/www.unenfantuncartable17.fr\/index.php?rest_route=\/wp\/v2\/posts\/34","targetHints":{"allow":["GET"]}}],"collection":[{"href":"http:\/\/www.unenfantuncartable17.fr\/index.php?rest_route=\/wp\/v2\/posts"}],"about":[{"href":"http:\/\/www.unenfantuncartable17.fr\/index.php?rest_route=\/wp\/v2\/types\/post"}],"author":[{"embeddable":true,"href":"http:\/\/www.unenfantuncartable17.fr\/index.php?rest_route=\/wp\/v2\/users\/2"}],"replies":[{"embeddable":true,"href":"http:\/\/www.unenfantuncartable17.fr\/index.php?rest_route=%2Fwp%2Fv2%2Fcomments&post=34"}],"version-history":[{"count":3,"href":"http:\/\/www.unenfantuncartable17.fr\/index.php?rest_route=\/wp\/v2\/posts\/34\/revisions"}],"predecessor-version":[{"id":670,"href":"http:\/\/www.unenfantuncartable17.fr\/index.php?rest_route=\/wp\/v2\/posts\/34\/revisions\/670"}],"wp:attachment":[{"href":"http:\/\/www.unenfantuncartable17.fr\/index.php?rest_route=%2Fwp%2Fv2%2Fmedia&parent=34"}],"wp:term":[{"taxonomy":"category","embeddable":true,"href":"http:\/\/www.unenfantuncartable17.fr\/index.php?rest_route=%2Fwp%2Fv2%2Fcategories&post=34"},{"taxonomy":"post_tag","embeddable":true,"href":"http:\/\/www.unenfantuncartable17.fr\/index.php?rest_route=%2Fwp%2Fv2%2Ftags&post=34"}],"curies":[{"name":"wp","href":"https:\/\/api.w.org\/{rel}","templated":true}]}}