{"id":3301,"date":"2022-05-19T09:50:47","date_gmt":"2022-05-19T08:50:47","guid":{"rendered":"http:\/\/www.unenfantuncartable17.fr\/?p=3301"},"modified":"2022-05-19T09:50:47","modified_gmt":"2022-05-19T08:50:47","slug":"compte-rendu-de-lassemblee-generale-du-7-mai-2022","status":"publish","type":"post","link":"http:\/\/www.unenfantuncartable17.fr\/?p=3301","title":{"rendered":"Compte rendu de l&rsquo;assembl\u00e9e g\u00e9n\u00e9rale du 7 mai 2022"},"content":{"rendered":"<p><span style=\"font-size: 14pt;\"><strong>\u00a0<\/strong><span style=\"font-family: 'arial black', sans-serif; color: #808000;\"><strong>Avec 32 personnes pr\u00e9sentes et 58 pouvoirs re\u00e7us, l\u2019assembl\u00e9e g\u00e9n\u00e9rale r\u00e9guli\u00e8rement convoqu\u00e9e &#8211; salle Michel Cr\u00e9peau \u00e0 Nieul\/Mer- a pu d\u00e9lib\u00e9rer en vertu de l&rsquo;article 12 des statuts qui stipule qu\u2019un quart des adh\u00e9rents pr\u00e9sents ou repr\u00e9sent\u00e9s est n\u00e9cessaire (l\u2019association compte 165 adh\u00e9rents).<\/strong><\/span><\/span><\/p>\n<p><span style=\"font-family: 'arial black', sans-serif; font-size: 14pt; color: #993300;\">Le pr\u00e9sident Jean Claude\u00a0 Brossard remercie particuli\u00e8rement Xavier Hyvert, Pr\u00e9sident d&rsquo;Entraide et Solidarit\u00e9 qui nous assure cette ann\u00e9e encore de son soutien moral et financier.<\/span><\/p>\n<p><span style=\"font-family: 'arial black', sans-serif; font-size: 14pt; color: #993300;\">Apr\u00e8s les trois derni\u00e8res ann\u00e9es particuli\u00e8rement difficiles o\u00f9 il ne nous a \u00e9t\u00e9 permis de nous r\u00e9unir que par visioconf\u00e9rence, le pr\u00e9sident exprime le plaisir de se retrouver.<\/span><\/p>\n<p><span style=\"font-family: 'arial black', sans-serif; font-size: 14pt; color: #993300;\">Confinement et mesures sanitaires ont emp\u00each\u00e9 de se rendre au S\u00e9n\u00e9gal<u> <\/u>et nos correspondants ont \u00e9t\u00e9 particuli\u00e8rement efficaces pour g\u00e9rer notre aide qui n&rsquo;a jamais cess\u00e9.<\/span><\/p>\n<p><span style=\"font-family: 'arial black', sans-serif; font-size: 14pt; color: #808000;\">Le pr\u00e9sident tient \u00e0 remercier tous les fournisseurs, le directeur de l\u2019\u00e9cole de Mar Lodj, Moustapha Diouf et le cal\u00e9chier Alioune pour !leur investissement dans l&rsquo;acheminement des fournitures pour les ann\u00e9es scolaires 2020 et 2021.<\/span><\/p>\n<p><span style=\"font-family: 'arial black', sans-serif; font-size: 14pt; color: #808000;\">Cette organisation qui responsabilise tous les partenaires locaux sera donc poursuivie cette ann\u00e9e et\u00a0 entrainera le d\u00e9placement d\u2019un groupe d\u2019administrateurs quelques semaines apr\u00e8s.<\/span><\/p>\n<p><span style=\"font-family: 'arial black', sans-serif; font-size: 14pt; color: #993300;\">Ces deux ann\u00e9es de pand\u00e9mie n&rsquo;ont pas eu vraiment d&rsquo;impact sur l\u2019action de l\u2019association, puisque, gr\u00e2ce aux courses solidaires des \u00e9coles de Laleu et Marsilly, la tr\u00e9sorerie de l&rsquo;association a pu pr\u00e9senter\u00a0 un apport cons\u00e9quent.<\/span><\/p>\n<p><span style=\"font-family: 'arial black', sans-serif; font-size: 14pt; color: #993300;\">En raison de la guerre en Ukraine et de la pand\u00e9mie de Covid 19, le S\u00e9n\u00e9gal connait une situation sociale et \u00e9conomique particuli\u00e8rement difficile et inqui\u00e9tante, favorisant l&rsquo;\u00e9migration clandestine qui a beaucoup augment\u00e9.<\/span><\/p>\n<p><span style=\"font-family: 'arial black', sans-serif; font-size: 14pt; color: #993300;\">L\u2019Afrique \u00e9tait le premier partenaire de l&rsquo;Ukraine pour l&rsquo;importation de c\u00e9r\u00e9ales\u00a0; le gaz et l&rsquo;essence russes manquent et les prix flambent. La disette menace. Enfin, l<\/span><span style=\"font-family: 'arial black', sans-serif; font-size: 14pt; color: #993300;\">es pr\u00eats accord\u00e9s par !a Chine sont en baisse drastique de 78%.<\/span><\/p>\n<p><span style=\"font-family: 'arial black', sans-serif; font-size: 14pt; color: #993300;\">Sur l&rsquo;ile de Mar, le taux de natalit\u00e9 continue de baisser. Il faut signaler l&rsquo;implantation d\u2019une\u00a0 troisi\u00e8me \u00e9cole coranique.<\/span><\/p>\n<p><span style=\"font-family: 'arial black', sans-serif; font-size: 14pt; color: #808000;\">Les \u00e9coles publiques accueillent 920 \u00e9l\u00e8ves contre plus de 1000 il a peu.<\/span><\/p>\n<p><span style=\"font-family: 'arial black', sans-serif; font-size: 14pt; color: #993300;\">Il faut signaler (comme dans toutes les associations) une diminution du nombre des adh\u00e9rents, une cons\u00e9quence du Covid, mais aussi, une grande augmentation des dons. Nous approchons tout de m\u00eame le chiffre de 170 adh\u00e9rents.<\/span><\/p>\n<p><span style=\"font-family: 'arial black', sans-serif; font-size: 14pt; color: #993300;\"><strong><span style=\"color: #808000;\">La pr\u00e9sentation des comptes de 2021<\/span><\/strong> par le tr\u00e9sorier n\u2019appelle pas de commentaires et le quitus est vot\u00e9 unanimement par l\u2019assembl\u00e9e g\u00e9n\u00e9rale. Le d\u00e9tail de ces comptes est disponible joint \u00e0 un article pr\u00e9c\u00e9dent convoquant l\u2019assembl\u00e9e g\u00e9n\u00e9rale.<\/span><\/p>\n<p><span style=\"font-family: 'arial black', sans-serif; font-size: 14pt; color: #993300;\"><strong><span style=\"color: #808000;\">L\u2019examen du budget pr\u00e9visionnel 2022<\/span><\/strong> permet de mentionner l\u2019augmentation de l\u2019aide de l\u2019association \u00e0 l\u2019achat de livres scolaires et \u00e0 la hausse du nombre d\u2019\u00e9l\u00e8ves pris en charge au CFP de Diofior qui va passer \u00e0 7 au lieu de 5 actuellement. Des imprimantes vont aussi \u00eatre achet\u00e9es pour r\u00e9pondre aux besoins croissants des enseignants. Ces augmentations sont la cons\u00e9quence des r\u00e9sultats exceptionnels des ann\u00e9es pass\u00e9es, gr\u00e2ce notamment aux \u00e9coles de l\u2019agglom\u00e9ration que le conseil d\u2019administration tient \u00e0 remercier tr\u00e8s chaleureusement. Cette ann\u00e9e, quatre \u00e9coles participeront \u00e0 ces courses. Les recettes seront donc le reflet de cette activit\u00e9 et permettront un plus grand investissement au S\u00e9n\u00e9gal. Le projet est consultable dans l\u2019article de convocation \u00e0 l\u2019assembl\u00e9e g\u00e9n\u00e9rale.<\/span><\/p>\n<p><span style=\"font-family: 'arial black', sans-serif; font-size: 14pt; color: #993300;\"><strong><span style=\"color: #808000;\">Enfin, Murielle Minet<\/span><\/strong> ayant d\u00e9cid\u00e9 de se retirer du conseil d\u2019administration<u> <\/u>pour des raisons professionnelles, le pr\u00e9sident, apr\u00e8s l\u2019avoir remerci\u00e9e de son travail depuis de nombreuses ann\u00e9es, propose la candidature pour devenir administrateur de Louis Le Bl\u00e9vec, adh\u00e9rent de tr\u00e8s longue date, qui est adopt\u00e9e \u00e0 l\u2019unanimit\u00e9. De m\u00eame, le pr\u00e9sident sollicite le renouvellement de son mandat d\u2019administrateur, le pr\u00e9c\u00e9dent \u00e9tant \u00e9chu. Il est r\u00e9\u00e9lu.<\/span><\/p>\n<p><span style=\"font-family: 'arial black', sans-serif; font-size: 14pt; color: #993300;\">Un prochain conseil d\u2019administration se r\u00e9unira et \u00e9lira le bureau de l\u2019association.<\/span><\/p>\n<p><span style=\"font-family: 'arial black', sans-serif; font-size: 14pt; color: #993300;\">L\u2019assembl\u00e9e g\u00e9n\u00e9rale est close \u00e0 19 heures.<\/span><\/p>\n","protected":false},"excerpt":{"rendered":"<p>\u00a0Avec 32 personnes pr\u00e9sentes et 58 pouvoirs re\u00e7us, l\u2019assembl\u00e9e g\u00e9n\u00e9rale r\u00e9guli\u00e8rement convoqu\u00e9e &#8211; salle Michel Cr\u00e9peau \u00e0 Nieul\/Mer- a pu d\u00e9lib\u00e9rer en vertu de l&rsquo;article 12 des statuts qui stipule qu\u2019un quart des adh\u00e9rents pr\u00e9sents ou repr\u00e9sent\u00e9s est n\u00e9cessaire (l\u2019association compte 165 adh\u00e9rents). Le pr\u00e9sident Jean Claude\u00a0 Brossard remercie particuli\u00e8rement Xavier Hyvert, Pr\u00e9sident d&rsquo;Entraide et [&hellip;]<\/p>\n","protected":false},"author":2,"featured_media":0,"comment_status":"open","ping_status":"open","sticky":false,"template":"","format":"standard","meta":{"jetpack_post_was_ever_published":false,"_jetpack_newsletter_access":"","_jetpack_dont_email_post_to_subs":false,"_jetpack_newsletter_tier_id":0,"_jetpack_memberships_contains_paywalled_content":false,"_jetpack_memberships_contains_paid_content":false,"footnotes":""},"categories":[1],"tags":[],"class_list":["post-3301","post","type-post","status-publish","format-standard","hentry","category-non-classe"],"jetpack_featured_media_url":"","jetpack_sharing_enabled":true,"jetpack_shortlink":"https:\/\/wp.me\/p5o8j7-Rf","_links":{"self":[{"href":"http:\/\/www.unenfantuncartable17.fr\/index.php?rest_route=\/wp\/v2\/posts\/3301","targetHints":{"allow":["GET"]}}],"collection":[{"href":"http:\/\/www.unenfantuncartable17.fr\/index.php?rest_route=\/wp\/v2\/posts"}],"about":[{"href":"http:\/\/www.unenfantuncartable17.fr\/index.php?rest_route=\/wp\/v2\/types\/post"}],"author":[{"embeddable":true,"href":"http:\/\/www.unenfantuncartable17.fr\/index.php?rest_route=\/wp\/v2\/users\/2"}],"replies":[{"embeddable":true,"href":"http:\/\/www.unenfantuncartable17.fr\/index.php?rest_route=%2Fwp%2Fv2%2Fcomments&post=3301"}],"version-history":[{"count":12,"href":"http:\/\/www.unenfantuncartable17.fr\/index.php?rest_route=\/wp\/v2\/posts\/3301\/revisions"}],"predecessor-version":[{"id":3313,"href":"http:\/\/www.unenfantuncartable17.fr\/index.php?rest_route=\/wp\/v2\/posts\/3301\/revisions\/3313"}],"wp:attachment":[{"href":"http:\/\/www.unenfantuncartable17.fr\/index.php?rest_route=%2Fwp%2Fv2%2Fmedia&parent=3301"}],"wp:term":[{"taxonomy":"category","embeddable":true,"href":"http:\/\/www.unenfantuncartable17.fr\/index.php?rest_route=%2Fwp%2Fv2%2Fcategories&post=3301"},{"taxonomy":"post_tag","embeddable":true,"href":"http:\/\/www.unenfantuncartable17.fr\/index.php?rest_route=%2Fwp%2Fv2%2Ftags&post=3301"}],"curies":[{"name":"wp","href":"https:\/\/api.w.org\/{rel}","templated":true}]}}