{"id":3280,"date":"2022-04-10T09:28:19","date_gmt":"2022-04-10T08:28:19","guid":{"rendered":"http:\/\/www.unenfantuncartable17.fr\/?p=3280"},"modified":"2022-04-11T20:12:30","modified_gmt":"2022-04-11T19:12:30","slug":"assemblee-generale-le-7-mai","status":"publish","type":"post","link":"http:\/\/www.unenfantuncartable17.fr\/?p=3280","title":{"rendered":"Assembl\u00e9e g\u00e9n\u00e9rale le 7 mai !"},"content":{"rendered":"<p><span style=\"font-size: 14pt;\"><strong><span style=\"font-family: arial, helvetica, sans-serif; color: #993300;\">Chers ami(e)s, chers adh\u00e9rent(e)s,<\/span><\/strong><\/span><\/p>\n<p><span style=\"font-size: 14pt;\"><strong><span style=\"font-family: arial, helvetica, sans-serif; color: #993300;\"><span style=\"color: #808000;\">Vous \u00eates invit\u00e9s \u00e0 participer \u00e0<\/span>\u00a0l\u2019assembl\u00e9e g\u00e9n\u00e9rale\u00a0de :<\/span><\/strong><\/span><\/p>\n<p><span style=\"font-size: 14pt;\"><strong><span style=\"font-family: arial, helvetica, sans-serif; color: #993300;\">\u00abUn Enfant, Un Cartable\u00bb Association Jean-Louis Baroin,<\/span><\/strong><\/span><\/p>\n<p><span style=\"font-size: 14pt;\"><strong><span style=\"font-family: arial, helvetica, sans-serif; color: #993300;\"><span style=\"color: #808000;\">Samedi 7 mai \u00e0 17 heures<\/span>\u00a0(r\u00e9gularisation des cotisations \u00e0 16 heures 30)<\/span><\/strong><\/span><\/p>\n<p><span style=\"font-size: 14pt;\"><strong><span style=\"font-family: arial, helvetica, sans-serif; color: #993300;\">Espace Michel Cr\u00e9peau, rue de Lauzi\u00e8res \u00e0 Nieul\/Mer<\/span><\/strong><\/span><\/p>\n<p><span style=\"font-size: 14pt; color: #808000;\"><strong><span style=\"font-family: arial, helvetica, sans-serif;\">Ordre du Jour :<\/span><\/strong><\/span><\/p>\n<ul>\n<li><span style=\"font-size: 14pt;\"><strong><span style=\"font-family: arial, helvetica, sans-serif; color: #993300;\">Rapport moral et d\u2019activit\u00e9s.<\/span><\/strong><\/span><\/li>\n<li><span style=\"font-size: 14pt;\"><strong><span style=\"font-family: arial, helvetica, sans-serif; color: #993300;\">Rapport financier et quitus.<\/span><\/strong><\/span><\/li>\n<li><span style=\"font-size: 14pt;\"><strong><span style=\"font-family: arial, helvetica, sans-serif; color: #993300;\">Elections au Conseil d\u2019Administration.<\/span><\/strong><\/span><\/li>\n<li><span style=\"font-size: 14pt;\"><strong><span style=\"font-family: arial, helvetica, sans-serif; color: #993300;\">Questions diverses.<\/span><\/strong><\/span><\/li>\n<\/ul>\n<p><span style=\"font-size: 14pt;\"><strong><span style=\"font-family: arial, helvetica, sans-serif; color: #993300;\">Afin de pr\u00e9parer cette assembl\u00e9e g\u00e9n\u00e9rale voici les rapports\u00a0soumis au vote.<\/span><\/strong><\/span><\/p>\n<ul>\n<li><span style=\"font-size: 14pt;\"><strong><span style=\"font-family: arial, helvetica, sans-serif; color: #993300;\"><span style=\"color: #808000;\"><a style=\"color: #808000;\" href=\"http:\/\/www.unenfantuncartable17.fr\/wp-content\/uploads\/2022\/04\/Assembl\u00e9e-G\u00e9n\u00e9rale-2022.pdf\">Assembl\u00e9e G\u00e9n\u00e9rale 2022<\/a><\/span><em>(cliquez)<\/em><\/span><\/strong><\/span><\/li>\n<li><span style=\"font-size: 14pt;\"><strong><span style=\"font-family: arial, helvetica, sans-serif; color: #993300;\"><span style=\"color: #808000;\"><a style=\"color: #808000;\" href=\"http:\/\/www.unenfantuncartable17.fr\/wp-content\/uploads\/2022\/04\/cpte-exp-2021.pdf\">compte exploitation 2021<\/a><\/span><em>(cliquez)<\/em><\/span><\/strong><\/span><\/li>\n<li><span style=\"font-size: 14pt;\"><strong><span style=\"font-family: arial, helvetica, sans-serif; color: #993300;\"><em><u>Ces rapports sont \u00e0 \u00e9diter par vos soins. Ils ne seront pas fournis lors de l&rsquo;AG.<\/u><\/em><\/span><\/strong><\/span><\/li>\n<\/ul>\n<p><span style=\"font-size: 14pt;\"><strong><span style=\"font-family: arial, helvetica, sans-serif; color: #993300;\"><span style=\"color: #808000;\"><em>A<u>\u00a019h30,<\/u><\/em>\u00a0<em>u<u><em>n<\/em> repas, est propos\u00e9 \u00e0 \u00ab\u00a0La Passerelle\u00a0\u00bb rue du Port \u00e0 L&rsquo;Houmeau (port du Plomb) Poisson, fruits de mer.<\/u><\/em><\/span><\/span><\/strong><\/span><\/p>\n<p><span style=\"font-size: 14pt;\"><strong><span style=\"font-family: arial, helvetica, sans-serif; color: #993300;\">Votre ch\u00e8que de r\u00e9servation (21 \u20ac, plat et dessert. Vin et caf\u00e9 en plus \u00e0 commander sur place) est \u00e0 envoyer avant le 3 mai \u00e0 :<\/span><\/strong><\/span><\/p>\n<ul>\n<li><span style=\"font-size: 14pt; color: #808000;\"><strong><span style=\"font-family: arial, helvetica, sans-serif;\">Jean-Claude Brossard, 12 rue de la Cabane des P\u00e8res.\u00a0 \u00a0 \u00a0 \u00a0 \u00a0 \u00a0 \u00a0 \u00a0 \u00a0 \u00a0 \u00a0 \u00a0 \u00a0 \u00a0 \u00a0 \u00a0 17340 Ch\u00e2telaillon-Plage.<\/span><\/strong><\/span><\/li>\n<\/ul>\n<p><span style=\"font-size: 14pt;\"><strong><span style=\"font-family: arial, helvetica, sans-serif; color: #993300;\">Nous vous remercions de votre pr\u00e9sence\u00a0<span style=\"color: #808000;\"><u>ou de votre pouvoir (ci-dessous)<\/u><\/span><\/span><\/strong><\/span><\/p>\n<p><span style=\"font-size: 14pt;\"><strong><span style=\"font-family: arial, helvetica, sans-serif; color: #993300;\">Pour le conseil d&rsquo;administration, le pr\u00e9sident,<\/span><\/strong><\/span><\/p>\n<p><span style=\"font-size: 14pt;\"><strong><span style=\"font-family: arial, helvetica, sans-serif; color: #993300;\">Jean-Claude Brossard<\/span><\/strong><\/span><\/p>\n<p><span style=\"font-size: 14pt;\"><strong><span style=\"font-family: arial, helvetica, sans-serif; color: #993300;\"><em>*<span style=\"color: #808000;\">Bon pour pouvoir\u00a0<\/span><\/em><span style=\"color: #808000;\"><em><u>\u00e0 adresser :\u00a0<\/u><\/em><\/span><\/span><\/strong><\/span><\/p>\n<ul>\n<li><span style=\"font-size: 14pt; color: #808000;\"><strong><span style=\"font-family: arial, helvetica, sans-serif;\">Catherine Muller, 32 rue de Beauregard, 17137 Nieul sur Mer.<\/span><\/strong><\/span><\/li>\n<\/ul>\n<p><span style=\"font-size: 14pt;\"><strong><span style=\"font-family: arial, helvetica, sans-serif; color: #993300;\">Madame, Monsieur\u00a0\u2026\u2026\u2026\u2026\u2026\u2026\u2026\u2026\u2026\u2026\u2026\u2026\u2026\u2026\u2026\u2026\u2026\u2026\u2026\u2026\u2026\u2026\u2026\u2026\u2026\u2026\u2026\u2026\u2026\u2026\u2026\u2026\u2026\u2026\u2026\u2026\u2026\u2026\u2026\u2026<\/span><\/strong><\/span><\/p>\n<p><span style=\"font-size: 14pt;\"><strong><span style=\"font-family: arial, helvetica, sans-serif; color: #993300;\">Adresse\u2026\u2026\u2026\u2026\u2026\u2026\u2026\u2026\u2026\u2026\u2026\u2026\u2026\u2026\u2026\u2026\u2026\u2026\u2026\u2026\u2026\u2026\u2026\u2026\u2026\u2026\u2026\u2026\u2026\u2026\u2026\u2026\u2026\u2026\u2026\u2026\u2026\u2026\u2026\u2026\u2026<\/span><\/strong><\/span><\/p>\n<p><span style=\"font-size: 14pt;\"><strong><span style=\"font-family: arial, helvetica, sans-serif; color: #993300;\">Donne pouvoir \u00e0<\/span><\/strong><\/span><\/p>\n<p><span style=\"font-size: 14pt;\"><strong><span style=\"font-family: arial, helvetica, sans-serif; color: #993300;\">\u2026\u2026\u2026\u2026\u2026\u2026\u2026\u2026\u2026\u2026\u2026\u2026\u2026\u2026\u2026\u2026\u2026\u2026\u2026\u2026\u2026\u2026\u2026\u2026\u2026\u2026\u2026\u2026\u2026\u2026\u2026\u2026\u2026..\u2026\u2026\u2026\u2026\u2026\u2026\u2026\u2026\u2026\u2026\u2026\u2026\u2026\u2026\u2026\u2026\u2026\u2026\u2026\u2026\u2026\u2026\u2026\u2026\u2026\u2026\u2026\u2026\u2026\u2026\u2026\u2026\u2026\u2026<\/span><\/strong><\/span><\/p>\n<p><span style=\"font-size: 14pt;\"><strong><span style=\"font-family: arial, helvetica, sans-serif; color: #993300;\">Pour \u00eatre repr\u00e9sent\u00e9(e) le\u00a0 7 mai 2022, 17 heures, \u00e0 l\u2019assembl\u00e9e g\u00e9n\u00e9rale.<\/span><\/strong><\/span><\/p>\n<p><span style=\"font-size: 14pt;\"><strong><span style=\"font-family: arial, helvetica, sans-serif; color: #993300;\">Date<\/span><\/strong><\/span><\/p>\n<p><span style=\"font-size: 14pt;\"><strong><span style=\"font-family: arial, helvetica, sans-serif; color: #993300;\">Signature<\/span><\/strong><\/span><\/p>\n","protected":false},"excerpt":{"rendered":"<p>Chers ami(e)s, chers adh\u00e9rent(e)s, Vous \u00eates invit\u00e9s \u00e0 participer \u00e0\u00a0l\u2019assembl\u00e9e g\u00e9n\u00e9rale\u00a0de : \u00abUn Enfant, Un Cartable\u00bb Association Jean-Louis Baroin, Samedi 7 mai \u00e0 17 heures\u00a0(r\u00e9gularisation des cotisations \u00e0 16 heures 30) Espace Michel Cr\u00e9peau, rue de Lauzi\u00e8res \u00e0 Nieul\/Mer Ordre du Jour : Rapport moral et d\u2019activit\u00e9s. Rapport financier et quitus. Elections au Conseil d\u2019Administration. [&hellip;]<\/p>\n","protected":false},"author":2,"featured_media":0,"comment_status":"open","ping_status":"open","sticky":false,"template":"","format":"standard","meta":{"jetpack_post_was_ever_published":false,"_jetpack_newsletter_access":"","_jetpack_dont_email_post_to_subs":true,"_jetpack_newsletter_tier_id":0,"_jetpack_memberships_contains_paywalled_content":false,"_jetpack_memberships_contains_paid_content":false,"footnotes":""},"categories":[1],"tags":[],"class_list":["post-3280","post","type-post","status-publish","format-standard","hentry","category-non-classe"],"jetpack_featured_media_url":"","jetpack_sharing_enabled":true,"jetpack_shortlink":"https:\/\/wp.me\/p5o8j7-QU","_links":{"self":[{"href":"http:\/\/www.unenfantuncartable17.fr\/index.php?rest_route=\/wp\/v2\/posts\/3280","targetHints":{"allow":["GET"]}}],"collection":[{"href":"http:\/\/www.unenfantuncartable17.fr\/index.php?rest_route=\/wp\/v2\/posts"}],"about":[{"href":"http:\/\/www.unenfantuncartable17.fr\/index.php?rest_route=\/wp\/v2\/types\/post"}],"author":[{"embeddable":true,"href":"http:\/\/www.unenfantuncartable17.fr\/index.php?rest_route=\/wp\/v2\/users\/2"}],"replies":[{"embeddable":true,"href":"http:\/\/www.unenfantuncartable17.fr\/index.php?rest_route=%2Fwp%2Fv2%2Fcomments&post=3280"}],"version-history":[{"count":9,"href":"http:\/\/www.unenfantuncartable17.fr\/index.php?rest_route=\/wp\/v2\/posts\/3280\/revisions"}],"predecessor-version":[{"id":3941,"href":"http:\/\/www.unenfantuncartable17.fr\/index.php?rest_route=\/wp\/v2\/posts\/3280\/revisions\/3941"}],"wp:attachment":[{"href":"http:\/\/www.unenfantuncartable17.fr\/index.php?rest_route=%2Fwp%2Fv2%2Fmedia&parent=3280"}],"wp:term":[{"taxonomy":"category","embeddable":true,"href":"http:\/\/www.unenfantuncartable17.fr\/index.php?rest_route=%2Fwp%2Fv2%2Fcategories&post=3280"},{"taxonomy":"post_tag","embeddable":true,"href":"http:\/\/www.unenfantuncartable17.fr\/index.php?rest_route=%2Fwp%2Fv2%2Ftags&post=3280"}],"curies":[{"name":"wp","href":"https:\/\/api.w.org\/{rel}","templated":true}]}}