{"id":3187,"date":"2021-12-20T19:42:51","date_gmt":"2021-12-20T18:42:51","guid":{"rendered":"http:\/\/www.unenfantuncartable17.fr\/?p=3187"},"modified":"2022-01-12T09:22:13","modified_gmt":"2022-01-12T08:22:13","slug":"lassociation-vous-presente-ses-meilleurs-voeux-pour-la-nouvelle-annee","status":"publish","type":"post","link":"http:\/\/www.unenfantuncartable17.fr\/?p=3187","title":{"rendered":"L&rsquo;association vous pr\u00e9sente ses meilleurs voeux pour la nouvelle ann\u00e9e"},"content":{"rendered":"<p><span style=\"font-family: 'arial black', sans-serif; color: #993300;\">Madame, Monsieur, chers amis,<\/span><\/p>\n<p><span style=\"font-family: 'arial black', sans-serif; color: #993300;\">L&rsquo;association vous pr\u00e9sente ses meilleurs voeux de bonheur et de r\u00e9ussite\u00a0pour 2022 !<\/span><\/p>\n<p><span style=\"font-family: 'arial black', sans-serif; color: #993300;\">Soyez assur\u00e9s que le conseil d&rsquo;administration garde intacte, comme depuis 13 ans, notre volont\u00e9 commune de<strong><span style=\"color: #808000;\"> pers\u00e9v\u00e9rer dans notre action \u00e0 long terme \u00e0 Mar Lodj.\u00a0<\/span><\/strong><\/span><\/p>\n<p><span style=\"font-family: 'arial black', sans-serif; color: #993300;\">Cette fin d&rsquo;ann\u00e9e est aussi l&rsquo;occasion de vous pr\u00e9senter un compte rendu de la derni\u00e8re mission qui s&rsquo;est d\u00e9roul\u00e9e \u00e0 Mar Lodj r\u00e9cemment.<\/span><\/p>\n<div id=\"attachment_3191\" style=\"width: 310px\" class=\"wp-caption alignleft\"><a href=\"http:\/\/www.unenfantuncartable17.fr\/wp-content\/uploads\/2021\/12\/20211209_160117.jpg\"><img loading=\"lazy\" decoding=\"async\" aria-describedby=\"caption-attachment-3191\" class=\"size-medium wp-image-3191\" src=\"http:\/\/www.unenfantuncartable17.fr\/wp-content\/uploads\/2021\/12\/20211209_160117-300x225.jpg\" alt=\"\" width=\"300\" height=\"225\" srcset=\"http:\/\/www.unenfantuncartable17.fr\/wp-content\/uploads\/2021\/12\/20211209_160117-300x225.jpg 300w, http:\/\/www.unenfantuncartable17.fr\/wp-content\/uploads\/2021\/12\/20211209_160117-768x576.jpg 768w, http:\/\/www.unenfantuncartable17.fr\/wp-content\/uploads\/2021\/12\/20211209_160117.jpg 1024w\" sizes=\"auto, (max-width: 300px) 100vw, 300px\" \/><\/a><p id=\"caption-attachment-3191\" class=\"wp-caption-text\"><span style=\"color: #993300;\"><em>Classe double niveau CM1 et CE2. 60 \u00e9l\u00e8ves<\/em><\/span><\/p><\/div>\n<p><span style=\"font-family: 'arial black', sans-serif; color: #993300;\">Profitant de l\u2019ouverture des fronti\u00e8res s\u00e9n\u00e9galaises, une d\u00e9l\u00e9gation de l\u2019association a pu se rendre \u00e0 Mar Lodj fin novembre- d\u00e9but d\u00e9cembre. <strong><span style=\"color: #808000;\">Cette mission \u00e9tait n\u00e9cessaire et s\u2019est av\u00e9r\u00e9e utile pour resserrer les liens avec nos correspondants, les familles et les enseignants.<\/span><\/strong><\/span><\/p>\n<p><span style=\"font-family: 'arial black', sans-serif; color: #993300;\">Bien que beaucoup moins touch\u00e9s par la covid que les Europ\u00e9ens, les S\u00e9n\u00e9galais ont beaucoup souffert des diff\u00e9rentes mesures restrictives prises depuis 18 mois. Le couvre-feu et le confinement ont affect\u00e9 gravement l\u2019\u00e9conomie et de nombreuses entreprises-m\u00eames informelles- ont vu leur activit\u00e9 chuter et ont d\u00fb se s\u00e9parer de leurs salari\u00e9s. <\/span><\/p>\n<p><span style=\"font-family: 'arial black', sans-serif; color: #993300;\">La r\u00e9colte d\u2019arachide n\u2019est pas \u00e0 la hauteur des besoins, le prix du poisson monte toujours pour les consommateurs car la ressource se rar\u00e9fie (les bateaux-usines japonais, chinois ou russes raclent les fonds marins au large du S\u00e9n\u00e9gal) Si on ajoute le manque d\u2019eau potable r\u00e9current\u00a0 et les commerces et le tourisme (tr\u00e8s importants au S\u00e9n\u00e9gal) qui souffrent toujours beaucoup du manque de visiteurs, la situation globale est tr\u00e8s pr\u00e9caire.\u00a0 \u00a0<\/span><\/p>\n<p><span style=\"font-family: 'arial black', sans-serif; color: #993300;\">A cette crise, s\u2019ajoute une tension politique \u00e0 l\u2019approche des \u00e9lections locales en janvier, qui pr\u00e9figurent les \u00e9lections pr\u00e9sidentielles dans deux ans. Sur le plan sanitaire, environ 5% de la population est vaccin\u00e9e. Mais 400.000 doses seront probablement jet\u00e9es fin d\u00e9cembre faute de volontaires.<\/span><\/p>\n<div id=\"attachment_3194\" style=\"width: 310px\" class=\"wp-caption alignleft\"><a href=\"http:\/\/www.unenfantuncartable17.fr\/wp-content\/uploads\/2021\/12\/20211209_160521.jpg\"><img loading=\"lazy\" decoding=\"async\" aria-describedby=\"caption-attachment-3194\" class=\"size-medium wp-image-3194\" src=\"http:\/\/www.unenfantuncartable17.fr\/wp-content\/uploads\/2021\/12\/20211209_160521-300x225.jpg\" alt=\"\" width=\"300\" height=\"225\" srcset=\"http:\/\/www.unenfantuncartable17.fr\/wp-content\/uploads\/2021\/12\/20211209_160521-300x225.jpg 300w, http:\/\/www.unenfantuncartable17.fr\/wp-content\/uploads\/2021\/12\/20211209_160521-768x576.jpg 768w, http:\/\/www.unenfantuncartable17.fr\/wp-content\/uploads\/2021\/12\/20211209_160521.jpg 1024w\" sizes=\"auto, (max-width: 300px) 100vw, 300px\" \/><\/a><p id=\"caption-attachment-3194\" class=\"wp-caption-text\"><em><span style=\"color: #993300;\">El\u00e8ves de CM1<\/span><\/em><\/p><\/div>\n<p>&nbsp;<\/p>\n<p><span style=\"text-decoration: underline;\"><span style=\"font-family: 'arial black', sans-serif; color: #808000; text-decoration: underline;\">Visites dans les \u00e9coles de l\u2019\u00eele\u00a0:<\/span><\/span><\/p>\n<p><span style=\"font-family: 'arial black', sans-serif; color: #993300;\">Accueil chaleureux des enseignants, satisfaits de la livraison effectu\u00e9e en octobre dernier, malgr\u00e9 les difficult\u00e9s et l&rsquo;absence de l&rsquo;association.<\/span><\/p>\n<p><strong><span style=\"font-family: 'arial black', sans-serif; color: #993300;\"><span style=\"color: #993300;\">Les effectifs sont stables par rapport aux pr\u00e9visions <span style=\"color: #808000;\">sauf \u00e0 Mar Fafaco 1<\/span> (le plus grand village) o\u00f9 on compte 295 \u00e9l\u00e8ves contre 334 pr\u00e9vus. Une chute d\u2019effectifs (39 \u00e9l\u00e8ves) qui affecte les entrants en CI\u00a0 autant que les autres niveaux (notamment les CM2). Concurrence de l\u2019\u00e9cole coranique ? Peut-\u00eatre. Emploi pr\u00e9coce de toutes les bras disponibles dans les champs impos\u00e9 par la crise \u00e9conomique issue du covid ? Plus probablement.<\/span><span style=\"color: #808000;\">\u00a0En tout cas, des enfants victimes de la pauvret\u00e9 qui n&rsquo;ont pas, ou plus, acc\u00e8s aux apprentissages fondamentaux malgr\u00e9 notre aide<\/span><span style=\"color: #808000;\"><span style=\"color: #993300;\">.<\/span><\/span><\/span><\/strong><\/p>\n<p><strong><span style=\"font-family: 'arial black', sans-serif; color: #993300;\"><span style=\"color: #808000;\"><u>Le total (\u00e9l\u00e9mentaires et maternelles) est donc de 934 contre 921 pr\u00e9vus,\u00a0 soit 13 \u00e9l\u00e8ves en plus.<\/u><\/span><\/span><\/strong><\/p>\n<p><span style=\"font-family: 'arial black', sans-serif; color: #808000;\">Les \u00e9coles \u00e9l\u00e9mentaires<\/span><\/p>\n<table>\n<tbody>\n<tr>\n<td width=\"102\">\n<p>&nbsp;<\/p>\n<\/td>\n<td width=\"104\">\n<p><span style=\"font-family: 'arial black', sans-serif; color: #993300;\">pr\u00e9vus<\/span><\/p>\n<\/td>\n<td width=\"95\">\n<p><span style=\"font-family: 'arial black', sans-serif; color: #993300;\">r\u00e9els<\/span><\/p>\n<\/td>\n<\/tr>\n<tr>\n<td width=\"102\">\n<p><span style=\"font-family: 'arial black', sans-serif; color: #993300;\">Mar Fafaco1<\/span><\/p>\n<\/td>\n<td width=\"104\">\n<p><span style=\"font-family: 'arial black', sans-serif; color: #993300;\">334<\/span><\/p>\n<\/td>\n<td width=\"95\">\n<p><span style=\"font-family: 'arial black', sans-serif; color: #993300;\">295<\/span><\/p>\n<\/td>\n<\/tr>\n<tr>\n<td width=\"102\">\n<p><span style=\"font-family: 'arial black', sans-serif; color: #993300;\">Mar Fafaco 2<\/span><\/p>\n<\/td>\n<td width=\"104\">\n<p><span style=\"font-family: 'arial black', sans-serif; color: #993300;\">156<\/span><\/p>\n<\/td>\n<td width=\"95\">\n<p><span style=\"font-family: 'arial black', sans-serif; color: #993300;\">180<\/span><\/p>\n<\/td>\n<\/tr>\n<tr>\n<td width=\"102\">\n<p><span style=\"font-family: 'arial black', sans-serif; color: #993300;\">Marsoulou<\/span><\/p>\n<\/td>\n<td width=\"104\">\n<p><span style=\"font-family: 'arial black', sans-serif; color: #993300;\">74<\/span><\/p>\n<\/td>\n<td width=\"95\">\n<p><span style=\"font-family: 'arial black', sans-serif; color: #993300;\">71<\/span><\/p>\n<\/td>\n<\/tr>\n<tr>\n<td width=\"102\">\n<p><span style=\"font-family: 'arial black', sans-serif; color: #993300;\">Mar Lothie<\/span><\/p>\n<\/td>\n<td width=\"104\">\n<p><span style=\"font-family: 'arial black', sans-serif; color: #993300;\">186<\/span><\/p>\n<\/td>\n<td width=\"95\">\n<p><span style=\"font-family: 'arial black', sans-serif; color: #993300;\">186<\/span><\/p>\n<\/td>\n<\/tr>\n<tr>\n<td width=\"102\">\n<p><span style=\"font-family: 'arial black', sans-serif; color: #993300;\">Wandi\u00e9<\/span><\/p>\n<\/td>\n<td width=\"104\">\n<p><span style=\"font-family: 'arial black', sans-serif; color: #993300;\">24<\/span><\/p>\n<\/td>\n<td width=\"95\">\n<p><span style=\"font-family: 'arial black', sans-serif; color: #993300;\">31<\/span><\/p>\n<\/td>\n<\/tr>\n<\/tbody>\n<\/table>\n<p><span style=\"font-family: 'arial black', sans-serif; color: #993300;\">\u00a0 \u00a0 \u00a0 \u00a0 Total pr\u00e9v\u00a0: 774\u00a0 Total r\u00e9el\u00a0: 763\u00a0\u00a0\u00a0\u00a0\u00a0\u00a0\u00a0\u00a0\u00a0\u00a0\u00a0\u00a0\u00a0\u00a0\u00a0\u00a0\u00a0\u00a0\u00a0\u00a0\u00a0\u00a0\u00a0\u00a0\u00a0\u00a0\u00a0\u00a0\u00a0\u00a0\u00a0\u00a0\u00a0\u00a0\u00a0\u00a0\u00a0\u00a0\u00a0\u00a0\u00a0\u00a0\u00a0\u00a0\u00a0\u00a0\u00a0\u00a0\u00a0\u00a0\u00a0\u00a0\u00a0\u00a0\u00a0<\/span><\/p>\n<p><span style=\"font-family: 'arial black', sans-serif; color: #993300;\"><u>\u00a0<\/u><\/span><\/p>\n<p><span style=\"font-family: 'arial black', sans-serif; color: #993300;\"><u>\u00a0<\/u><\/span><\/p>\n<p><span style=\"font-family: 'arial black', sans-serif; color: #808000;\">Les \u00e9coles maternelles<\/span><\/p>\n<table>\n<tbody>\n<tr>\n<td width=\"102\">\n<p><span style=\"font-family: 'arial black', sans-serif; color: #993300;\">Mar Fafaco<\/span><\/p>\n<\/td>\n<td width=\"104\">\n<p><span style=\"font-family: 'arial black', sans-serif; color: #993300;\">65<\/span><\/p>\n<\/td>\n<td width=\"95\">\n<p><span style=\"font-family: 'arial black', sans-serif; color: #993300;\">84<\/span><\/p>\n<\/td>\n<\/tr>\n<tr>\n<td width=\"102\">\n<p><span style=\"font-family: 'arial black', sans-serif; color: #993300;\">Mar Lothie<\/span><\/p>\n<\/td>\n<td width=\"104\">\n<p><span style=\"font-family: 'arial black', sans-serif; color: #993300;\">62<\/span><\/p>\n<\/td>\n<td width=\"95\">\n<p><span style=\"font-family: 'arial black', sans-serif; color: #993300;\">67<\/span><\/p>\n<\/td>\n<\/tr>\n<tr>\n<td width=\"102\">\n<p><span style=\"font-family: 'arial black', sans-serif; color: #993300;\">Wandi\u00e9<\/span><\/p>\n<\/td>\n<td width=\"104\">\n<p><span style=\"font-family: 'arial black', sans-serif; color: #993300;\">20<\/span><\/p>\n<\/td>\n<td width=\"95\">\n<p><span style=\"font-family: 'arial black', sans-serif; color: #993300;\">20<\/span><\/p>\n<\/td>\n<\/tr>\n<\/tbody>\n<\/table>\n<p><span style=\"font-family: 'arial black', sans-serif; color: #993300;\">\u00a0 \u00a0 \u00a0 \u00a0Total pr\u00e9v\u00a0: 147\u00a0\u00a0 Total r\u00e9el\u00a0: 171<\/span><\/p>\n<div id=\"attachment_2339\" style=\"width: 310px\" class=\"wp-caption alignleft\"><a href=\"http:\/\/www.unenfantuncartable17.fr\/wp-content\/uploads\/2020\/03\/4-Gde-section-2.jpg\"><img loading=\"lazy\" decoding=\"async\" aria-describedby=\"caption-attachment-2339\" class=\"size-medium wp-image-2339\" src=\"http:\/\/www.unenfantuncartable17.fr\/wp-content\/uploads\/2020\/03\/4-Gde-section-2-300x225.jpg\" alt=\"\" width=\"300\" height=\"225\" srcset=\"http:\/\/www.unenfantuncartable17.fr\/wp-content\/uploads\/2020\/03\/4-Gde-section-2-300x225.jpg 300w, http:\/\/www.unenfantuncartable17.fr\/wp-content\/uploads\/2020\/03\/4-Gde-section-2-768x576.jpg 768w, http:\/\/www.unenfantuncartable17.fr\/wp-content\/uploads\/2020\/03\/4-Gde-section-2.jpg 1024w\" sizes=\"auto, (max-width: 300px) 100vw, 300px\" \/><\/a><p id=\"caption-attachment-2339\" class=\"wp-caption-text\"><span style=\"color: #993300;\"><em>La grande section de maternelle \u00e0 Mar Lothie<\/em><\/span><\/p><\/div>\n<p><span style=\"font-family: 'arial black', sans-serif; color: #993300;\"><u>\u00a0<\/u><\/span><\/p>\n<p>&nbsp;<\/p>\n<p>&nbsp;<\/p>\n<p>&nbsp;<\/p>\n<p>&nbsp;<\/p>\n<p>&nbsp;<\/p>\n<p>&nbsp;<\/p>\n<p>&nbsp;<\/p>\n<p><span style=\"text-decoration: underline;\"><span style=\"font-family: 'arial black', sans-serif; color: #808000; text-decoration: underline;\">Centre de Formation Professionnelle. CFP Diofior<\/span><\/span><\/p>\n<p><span style=\"font-family: 'arial black', sans-serif; color: #993300;\">La proc\u00e9dure que nous avions imagin\u00e9e qui consistait en une orientation (apr\u00e8s une classe de 4<sup>\u00e8me<\/sup> ou de 3<sup>\u00e8me<\/sup>) par le lyc\u00e9e vers le CFP de Diofior sur le continent des \u00e9l\u00e8ves concern\u00e9s par l\u2019offre de formation, n\u2019a pas fonctionn\u00e9&#8230;\u00e0 cause de pesanteurs locales. <\/span><\/p>\n<p><span style=\"font-family: 'arial black', sans-serif; color: #808000;\">Nous l\u2019avions pourtant adapt\u00e9e au contexte d\u2019\u00e9loignement de l\u2019\u00eele en proposant aux familles une aide \u00e0 la mobilit\u00e9 bas\u00e9e sur l\u2019assiduit\u00e9 (12.500 CFA\/mois\/8 mois- 19 euros\/mois\/8 mois) en plus de la prise en charge des frais d\u2019inscription et d&rsquo;outillage.<\/span><\/p>\n<p><span style=\"font-family: 'arial black', sans-serif; color: #993300;\">Les parents d\u2019\u00e9l\u00e8ves du lyc\u00e9e\/coll\u00e8ge, convaincus de l\u2019ouverture imminente d\u2019un CFP sur l\u2019\u00eele de Mar Lodj m\u00eame, n\u2019ont pas donn\u00e9 suite \u00e0 nos propositions. H\u00e9las pour les jeunes, ce futur \u00e9tablissement n\u2019ouvrira pas avant au moins un an\u2026<\/span><\/p>\n<div id=\"attachment_3192\" style=\"width: 208px\" class=\"wp-caption alignleft\"><a href=\"http:\/\/www.unenfantuncartable17.fr\/wp-content\/uploads\/2021\/12\/jeune-fille-en-section-ma\u00e7onnerie.jpg\"><img loading=\"lazy\" decoding=\"async\" aria-describedby=\"caption-attachment-3192\" class=\"size-medium wp-image-3192\" src=\"http:\/\/www.unenfantuncartable17.fr\/wp-content\/uploads\/2021\/12\/jeune-fille-en-section-ma\u00e7onnerie-198x300.jpg\" alt=\"\" width=\"198\" height=\"300\" srcset=\"http:\/\/www.unenfantuncartable17.fr\/wp-content\/uploads\/2021\/12\/jeune-fille-en-section-ma\u00e7onnerie-198x300.jpg 198w, http:\/\/www.unenfantuncartable17.fr\/wp-content\/uploads\/2021\/12\/jeune-fille-en-section-ma\u00e7onnerie.jpg 508w\" sizes=\"auto, (max-width: 198px) 100vw, 198px\" \/><\/a><p id=\"caption-attachment-3192\" class=\"wp-caption-text\"><span style=\"color: #993300;\"><em>Jeune fille en ma\u00e7onnerie<\/em><\/span><\/p><\/div>\n<p>&nbsp;<\/p>\n<p>&nbsp;<\/p>\n<p><span style=\"color: #993300; font-family: 'arial black', sans-serif;\">Gr\u00e2ce au r\u00e9seau relationnel tiss\u00e9 depuis des ann\u00e9es, et avec l\u2019aide d\u2019une autre association et des directeurs des \u00e9coles primaires tr\u00e8s impliqu\u00e9s, <span style=\"color: #808000;\">4<\/span><strong><span style=\"color: #808000;\">\u00a0futurs \u00e9l\u00e8ves (dont 3 filles)<\/span><\/strong> ont n\u00e9anmoins pu se rapprocher du CFP de Diofior pour entamer des formations en ma\u00e7onnerie et restauration (CAP et attestation). <\/span><\/p>\n<p><span style=\"text-decoration: underline;\"><span style=\"color: #808000; font-family: 'arial black', sans-serif; text-decoration: underline;\">Nous aurons donc un contingent complet, malgr\u00e9 des p\u00e9rip\u00e9ties&#8230; p\u00e9nalisantes.<\/span><\/span><\/p>\n<p>&nbsp;<\/p>\n<p style=\"text-align: left;\">\u00a0<span style=\"text-decoration: underline;\"><span style=\"font-family: 'arial black', sans-serif; color: #808000; text-decoration: underline;\">Le renforcement<\/span><\/span><\/p>\n<p><span style=\"font-family: 'arial black', sans-serif; color: #993300;\">A la demande des \u00e9coles, nous avons propos\u00e9 d\u2019\u00e9tendre ce dispositif \u00e0 toutes les \u00e9coles \u00e0 la rentr\u00e9e 2022. Pour m\u00e9moire, le renforcement vise \u00e0 am\u00e9liorer le niveau des <\/span><span style=\"font-family: 'arial black', sans-serif; color: #993300;\">\u00e9l\u00e8ves en CM2 pour le passage en 6<sup>\u00e8me<\/sup> et l\u2019obtention du CFEE (certificat de fin d\u2019\u00e9tudes \u00e9l\u00e9mentaires). Notre \u00e9quilibre budg\u00e9taire devra toutefois \u00eatre pr\u00e9serv\u00e9 pour une action tout \u00e0 fait b\u00e9n\u00e9fique.<\/span><\/p>\n<p><span style=\"font-family: 'arial black', sans-serif; color: #808000;\"><u>R\u00e9union des directeurs<\/u><\/span><\/p>\n<p><span style=\"font-family: 'arial black', sans-serif; color: #993300;\">Cette r\u00e9union a permis de pr\u00e9senter d\u00e9sormais Moustapha Diouf comme notre relais dans l\u2019\u00eele. Les \u00e9changes furent riches et anim\u00e9s. Le d\u00e9bat sur les cartouches d\u2019encre particuli\u00e8rement\u00a0! <\/span><\/p>\n<p><span style=\"font-family: 'arial black', sans-serif; color: #993300;\">Les besoins des enseignants ont beaucoup \u00e9volu\u00e9 en 5\/6 ans et la g\u00e9n\u00e9ralisation de l\u2019envoi sur les t\u00e9l\u00e9phones des directeurs, des tests, post-tests et autres documents \u00e0 remplir dans les d\u00e9lais les plus brefs, alors qu\u2019ils ne sont pas cens\u00e9s poss\u00e9der le mat\u00e9riel n\u00e9cessaire au tirage pour les \u00e9l\u00e8ves. Certaines \u00e9coles n\u2019ont m\u00eame pas l\u2019\u00e9lectricit\u00e9\u00a0!\u00a0<\/span><\/p>\n<p><span style=\"font-family: 'arial black', sans-serif; color: #993300;\">Les besoins en livres et manuels ont fait l\u2019objet d\u2019un \u00e9change. Une liste des besoins prioritaires devra \u00eatre fournie pour la mission de printemps.<\/span><\/p>\n<p>&nbsp;<\/p>\n","protected":false},"excerpt":{"rendered":"<p>Madame, Monsieur, chers amis, L&rsquo;association vous pr\u00e9sente ses meilleurs voeux de bonheur et de r\u00e9ussite\u00a0pour 2022 ! Soyez assur\u00e9s que le conseil d&rsquo;administration garde intacte, comme depuis 13 ans, notre volont\u00e9 commune de pers\u00e9v\u00e9rer dans notre action \u00e0 long terme \u00e0 Mar Lodj.\u00a0 Cette fin d&rsquo;ann\u00e9e est aussi l&rsquo;occasion de vous pr\u00e9senter un compte rendu [&hellip;]<\/p>\n","protected":false},"author":2,"featured_media":0,"comment_status":"open","ping_status":"open","sticky":false,"template":"","format":"standard","meta":{"jetpack_post_was_ever_published":false,"_jetpack_newsletter_access":"","_jetpack_dont_email_post_to_subs":true,"_jetpack_newsletter_tier_id":0,"_jetpack_memberships_contains_paywalled_content":false,"_jetpack_memberships_contains_paid_content":false,"footnotes":""},"categories":[1],"tags":[],"class_list":["post-3187","post","type-post","status-publish","format-standard","hentry","category-non-classe"],"jetpack_featured_media_url":"","jetpack_sharing_enabled":true,"jetpack_shortlink":"https:\/\/wp.me\/p5o8j7-Pp","_links":{"self":[{"href":"http:\/\/www.unenfantuncartable17.fr\/index.php?rest_route=\/wp\/v2\/posts\/3187","targetHints":{"allow":["GET"]}}],"collection":[{"href":"http:\/\/www.unenfantuncartable17.fr\/index.php?rest_route=\/wp\/v2\/posts"}],"about":[{"href":"http:\/\/www.unenfantuncartable17.fr\/index.php?rest_route=\/wp\/v2\/types\/post"}],"author":[{"embeddable":true,"href":"http:\/\/www.unenfantuncartable17.fr\/index.php?rest_route=\/wp\/v2\/users\/2"}],"replies":[{"embeddable":true,"href":"http:\/\/www.unenfantuncartable17.fr\/index.php?rest_route=%2Fwp%2Fv2%2Fcomments&post=3187"}],"version-history":[{"count":36,"href":"http:\/\/www.unenfantuncartable17.fr\/index.php?rest_route=\/wp\/v2\/posts\/3187\/revisions"}],"predecessor-version":[{"id":3230,"href":"http:\/\/www.unenfantuncartable17.fr\/index.php?rest_route=\/wp\/v2\/posts\/3187\/revisions\/3230"}],"wp:attachment":[{"href":"http:\/\/www.unenfantuncartable17.fr\/index.php?rest_route=%2Fwp%2Fv2%2Fmedia&parent=3187"}],"wp:term":[{"taxonomy":"category","embeddable":true,"href":"http:\/\/www.unenfantuncartable17.fr\/index.php?rest_route=%2Fwp%2Fv2%2Fcategories&post=3187"},{"taxonomy":"post_tag","embeddable":true,"href":"http:\/\/www.unenfantuncartable17.fr\/index.php?rest_route=%2Fwp%2Fv2%2Ftags&post=3187"}],"curies":[{"name":"wp","href":"https:\/\/api.w.org\/{rel}","templated":true}]}}