{"id":3137,"date":"2021-10-11T09:37:30","date_gmt":"2021-10-11T08:37:30","guid":{"rendered":"http:\/\/www.unenfantuncartable17.fr\/?p=3137"},"modified":"2021-10-11T09:37:30","modified_gmt":"2021-10-11T08:37:30","slug":"livraison-realisee","status":"publish","type":"post","link":"http:\/\/www.unenfantuncartable17.fr\/?p=3137","title":{"rendered":"Livraison r\u00e9alis\u00e9e !"},"content":{"rendered":"<p><span style=\"font-size: 14pt; color: #993300;\"><strong><span style=\"font-family: arial, helvetica, sans-serif;\">Pour la deuxi\u00e8me fois, la rentr\u00e9e scolaire s&rsquo;est r\u00e9alis\u00e9e sans la pr\u00e9sence de l&rsquo;association \u00e0 Mar Lodj. Samedi 9 octobre, la livraison de toutes les fournitures command\u00e9es a cependant \u00e9t\u00e9 r\u00e9alis\u00e9e par les fournisseurs aux <span style=\"color: #808000;\">7 \u00e9coles<\/span> de l&rsquo;\u00eele <span style=\"color: #808000;\">pour les 980 \u00e9l\u00e8ves, de la maternelle au CM2<\/span>. Une op\u00e9ration qui a pu se tenir gr\u00e2ce \u00e0 la bonne volont\u00e9 de tous -fournisseurs et directeurs d&rsquo;\u00e9cole- sous la coordination efficace de <span style=\"color: #808000;\">Moustapha Diouf,<\/span> notre correspondant local.<\/span><\/strong><\/span><\/p>\n<p><span style=\"font-size: 14pt; color: #993300;\"><strong><span style=\"font-family: arial, helvetica, sans-serif;\">Comme vous pouvez le d\u00e9couvrir sur le reportage photographique que Moustapha nous a envoy\u00e9, une vingtaine de personnes se sont mobilis\u00e9es pour cette op\u00e9ration tr\u00e8s importante pour l&rsquo;association&#8230;et pour les \u00e9coles. Une dizaine de charretiers a aussi tenu son r\u00f4le sous la conduite d&rsquo;Alioune, notre fid\u00e8le accompagnateur. <\/span><\/strong><\/span><\/p>\n<p><span style=\"font-size: 14pt; color: #993300;\"><strong><span style=\"font-family: arial, helvetica, sans-serif;\">Ce sont cinq m\u00e8tres cubes (5 m3) de cartons de toute sortes -cahiers, stylos, crayons, gommes, livres scolaires, cartables, trousses&#8230; qui ont chang\u00e9 de rives du fleuve Saloum, depuis N&rsquo;Dangane. <\/span><\/strong><\/span><\/p>\n<p><span style=\"font-size: 14pt; color: #808000;\"><strong><span style=\"font-family: arial, helvetica, sans-serif;\">Nous avons ainsi command\u00e9 et pay\u00e9 : <\/span><\/strong><\/span><\/p>\n<ul>\n<li><span style=\"font-size: 14pt; color: #993300;\"><strong><span style=\"font-family: arial, helvetica, sans-serif;\">5800 \u20ac de fournitures diverses<\/span><\/strong><\/span><\/li>\n<li><span style=\"font-size: 14pt; color: #993300;\"><strong><span style=\"font-family: arial, helvetica, sans-serif;\">2535 \u20ac de livres scolaires <span style=\"color: #808000;\">(553 de tous les niveaux)<\/span><\/span><\/strong><\/span><\/li>\n<li><span style=\"font-size: 14pt; color: #993300;\"><strong><span style=\"font-family: arial, helvetica, sans-serif;\">645 \u20ac de sacs et de trousses <span style=\"color: #808000;\">(90 de chaque pour les \u00e9l\u00e8ves de CI)\u00a0<\/span><\/span><\/strong><\/span><span style=\"font-size: 14pt; color: #993300;\"><strong><span style=\"font-family: arial, helvetica, sans-serif;\"><span style=\"color: #808000;\">\u00a0 \u00a0 \u00a0 \u00a0 \u00a0 \u00a0 \u00a0 \u00a0 \u00a0 \u00a0 \u00a0 \u00a0 \u00a0 \u00a0 \u00a0 \u00a0 \u00a0 \u00a0 \u00a0 \u00a0 \u00a0 \u00a0 \u00a0 \u00a0 \u00a0 \u00a0 \u00a0 \u00a0 \u00a0 \u00a0 \u00a0 \u00a0 \u00a0 \u00a0 \u00a0 \u00a0 \u00a0 \u00a0 \u00a0 \u00a0 \u00a0 \u00a0 \u00a0 \u00a0 \u00a0 \u00a0 \u00a0 \u00a0 \u00a0 \u00a0 \u00a0 \u00a0 \u00a0 \u00a0 \u00a0 \u00a0 \u00a0 \u00a0 \u00a0 \u00a0 \u00a0 \u00a0 \u00a0 \u00a0 \u00a0 \u00a0 \u00a0 \u00a0 \u00a0 \u00a0 \u00a0 \u00a0 \u00a0 \u00a0 \u00a0 \u00a0\u00a0<\/span><\/span><\/strong><\/span><\/li>\n<li><span style=\"font-size: 14pt; color: #993300;\"><strong><span style=\"font-family: arial, helvetica, sans-serif;\">L&rsquo;action d&rsquo;orientation au CFP de Diofior pour cinq \u00e9l\u00e8ves sortis du syst\u00e8me scolaire en fin de 4 \u00e8me ou de 3\u00e8me est reconduite. Ils sont d\u00e9sormais 15 au CFP \u00e0 suivre un parcours qualifiant (CAP) de jardinier-mara\u00eecher, de ma\u00e7on, d&rsquo;\u00e9lectricien et de cuisinier. Une action d&rsquo;un co\u00fbt total de 800 \u20ac.\u00a0 \u00a0 \u00a0 \u00a0 \u00a0 \u00a0 \u00a0 \u00a0 \u00a0 \u00a0 \u00a0 \u00a0 \u00a0 \u00a0 \u00a0 \u00a0 \u00a0 \u00a0 \u00a0 \u00a0 \u00a0 \u00a0 \u00a0 \u00a0 \u00a0 \u00a0 \u00a0 \u00a0 \u00a0 \u00a0 \u00a0 \u00a0 \u00a0 \u00a0 \u00a0 \u00a0 \u00a0 \u00a0 \u00a0 \u00a0 \u00a0 \u00a0 \u00a0 \u00a0 \u00a0 \u00a0 \u00a0 \u00a0 \u00a0 \u00a0 \u00a0 \u00a0 \u00a0 \u00a0 \u00a0 \u00a0 \u00a0 \u00a0 \u00a0 \u00a0 \u00a0 \u00a0 \u00a0 \u00a0 \u00a0 \u00a0 \u00a0 \u00a0 \u00a0 \u00a0 \u00a0 \u00a0 \u00a0 \u00a0 \u00a0 \u00a0 \u00a0 \u00a0<\/span><\/strong><\/span><\/li>\n<li><span style=\"font-size: 14pt; color: #993300;\"><strong><span style=\"font-family: arial, helvetica, sans-serif;\">Les cours de renforcement pour les \u00e9l\u00e8ves de CM2 d&rsquo;une des \u00e9coles vont aussi reprendre en novembre afin d&rsquo;am\u00e9liorer les r\u00e9sultats aux examens -certificat de fin d&rsquo;\u00e9tudes \u00e9l\u00e9mentaires et entr\u00e9e en 6 \u00e8me.\u00a0 \u00a0 \u00a0 \u00a0 \u00a0 \u00a0 \u00a0 \u00a0 \u00a0 \u00a0 \u00a0 \u00a0 \u00a0 \u00a0 \u00a0 \u00a0 \u00a0 \u00a0 \u00a0 \u00a0 \u00a0 \u00a0 \u00a0 \u00a0 \u00a0 \u00a0 \u00a0 \u00a0 \u00a0 \u00a0 \u00a0 \u00a0 \u00a0 \u00a0 \u00a0 \u00a0 \u00a0 \u00a0 \u00a0 \u00a0 \u00a0 \u00a0 \u00a0 \u00a0 \u00a0 \u00a0 \u00a0 \u00a0 \u00a0 \u00a0 \u00a0 \u00a0 \u00a0 \u00a0 \u00a0 \u00a0 \u00a0 \u00a0 \u00a0 \u00a0 \u00a0 \u00a0 \u00a0 \u00a0 \u00a0 \u00a0 \u00a0 \u00a0 \u00a0 \u00a0 \u00a0 \u00a0 \u00a0 \u00a0 \u00a0 \u00a0 \u00a0 \u00a0 \u00a0 \u00a0 \u00a0 \u00a0 \u00a0 \u00a0 \u00a0<\/span><\/strong><\/span><\/li>\n<li><span style=\"font-size: 14pt; color: #993300;\"><strong><span style=\"font-family: arial, helvetica, sans-serif;\"><span style=\"color: #808000;\">La rentr\u00e9e a eu aussi ses bonnes nouvelles :<\/span> <\/span><\/strong><\/span><\/li>\n<li><span style=\"font-size: 14pt; color: #993300;\"><strong><span style=\"font-family: arial, helvetica, sans-serif;\">les \u00e9coles et leurs enseignants ont en effet d\u00e9cid\u00e9 de recommencer les courses de la solidarit\u00e9 en fin d&rsquo;ann\u00e9e scolaire, nous permettant ainsi d&rsquo;entrevoir des recettes substantielles. <\/span><\/strong><\/span><\/li>\n<li><span style=\"font-size: 14pt; color: #993300;\"><strong><span style=\"font-family: arial, helvetica, sans-serif;\">L&rsquo;\u00e9cole du Treuil des Filles de Lagord va \u00e0 cette occasion rejoindre les \u00e9coles Marie Marvingt de Laleu et Jean Ferrat de Marsilly, qui sont nos partenaires depuis 4 ans.\u00a0 \u00a0 \u00a0 \u00a0 \u00a0 \u00a0 \u00a0 \u00a0 \u00a0 \u00a0 \u00a0 \u00a0 \u00a0 \u00a0 \u00a0 \u00a0 \u00a0 \u00a0 \u00a0 \u00a0 \u00a0 \u00a0 \u00a0 \u00a0 \u00a0 \u00a0 \u00a0 \u00a0 \u00a0 \u00a0 \u00a0 \u00a0 \u00a0 \u00a0 \u00a0 \u00a0 \u00a0 \u00a0 \u00a0 \u00a0 \u00a0 \u00a0 \u00a0 \u00a0 \u00a0 \u00a0 \u00a0 \u00a0 \u00a0 \u00a0 \u00a0 \u00a0 \u00a0 \u00a0 \u00a0 \u00a0 \u00a0 \u00a0 \u00a0 \u00a0 \u00a0 \u00a0 \u00a0 \u00a0 \u00a0 \u00a0 \u00a0 \u00a0 \u00a0 \u00a0 \u00a0 \u00a0 \u00a0 \u00a0 \u00a0 \u00a0 \u00a0 \u00a0 \u00a0 \u00a0 \u00a0 \u00a0 \u00a0 \u00a0 \u00a0 \u00a0 \u00a0 \u00a0 \u00a0 \u00a0 \u00a0 \u00a0 \u00a0 \u00a0 \u00a0 \u00a0 \u00a0 \u00a0 \u00a0 \u00a0 \u00a0 \u00a0 \u00a0 \u00a0 \u00a0 \u00a0 \u00a0 \u00a0 \u00a0 \u00a0 \u00a0 \u00a0 \u00a0 \u00a0 \u00a0 \u00a0 \u00a0 \u00a0 \u00a0 \u00a0<\/span><\/strong><\/span><\/li>\n<li><span style=\"color: #808000;\"><span style=\"font-size: 14pt;\"><span style=\"font-size: 14pt;\"><strong><span style=\"font-family: arial, helvetica, sans-serif;\">Voici quelques images de la livraison <\/span><\/strong><\/span><\/span><span style=\"font-size: 14pt;\"><span style=\"font-size: 14pt;\"><strong><span style=\"font-family: arial, helvetica, sans-serif;\">du 9 octobre -de l&#8217;embarquement \u00e0 N&rsquo;Dangane jusqu&rsquo;\u00e0 la livraison et au tri \u00e0 Mar Lodj- et le clich\u00e9 d&rsquo;un sac confectionn\u00e9 par les couturiers.<\/span><\/strong><\/span><\/span><\/span>\n<p>&nbsp;<\/p>\n<p><a href=\"http:\/\/www.unenfantuncartable17.fr\/wp-content\/uploads\/2021\/10\/IMG-20211009-WA0004.jpg\"><img loading=\"lazy\" decoding=\"async\" class=\"size-medium wp-image-3138 alignright\" src=\"http:\/\/www.unenfantuncartable17.fr\/wp-content\/uploads\/2021\/10\/IMG-20211009-WA0004-300x225.jpg\" alt=\"\" width=\"300\" height=\"225\" srcset=\"http:\/\/www.unenfantuncartable17.fr\/wp-content\/uploads\/2021\/10\/IMG-20211009-WA0004-300x225.jpg 300w, http:\/\/www.unenfantuncartable17.fr\/wp-content\/uploads\/2021\/10\/IMG-20211009-WA0004-768x576.jpg 768w, http:\/\/www.unenfantuncartable17.fr\/wp-content\/uploads\/2021\/10\/IMG-20211009-WA0004-1024x768.jpg 1024w, http:\/\/www.unenfantuncartable17.fr\/wp-content\/uploads\/2021\/10\/IMG-20211009-WA0004.jpg 1080w\" sizes=\"auto, (max-width: 300px) 100vw, 300px\" \/><\/a><\/p>\n<p><a href=\"http:\/\/www.unenfantuncartable17.fr\/wp-content\/uploads\/2021\/10\/IMG-20211009-WA0003.jpg\"><img loading=\"lazy\" decoding=\"async\" class=\"size-medium wp-image-3140 alignleft\" src=\"http:\/\/www.unenfantuncartable17.fr\/wp-content\/uploads\/2021\/10\/IMG-20211009-WA0003-300x225.jpg\" alt=\"\" width=\"300\" height=\"225\" srcset=\"http:\/\/www.unenfantuncartable17.fr\/wp-content\/uploads\/2021\/10\/IMG-20211009-WA0003-300x225.jpg 300w, http:\/\/www.unenfantuncartable17.fr\/wp-content\/uploads\/2021\/10\/IMG-20211009-WA0003-768x576.jpg 768w, http:\/\/www.unenfantuncartable17.fr\/wp-content\/uploads\/2021\/10\/IMG-20211009-WA0003-1024x768.jpg 1024w, http:\/\/www.unenfantuncartable17.fr\/wp-content\/uploads\/2021\/10\/IMG-20211009-WA0003.jpg 1080w\" sizes=\"auto, (max-width: 300px) 100vw, 300px\" \/><\/a><\/p>\n<p><a href=\"http:\/\/www.unenfantuncartable17.fr\/wp-content\/uploads\/2021\/10\/IMG-20211009-WA0022.jpg\"><img loading=\"lazy\" decoding=\"async\" class=\"alignleft  wp-image-3142\" src=\"http:\/\/www.unenfantuncartable17.fr\/wp-content\/uploads\/2021\/10\/IMG-20211009-WA0022-225x300.jpg\" alt=\"\" width=\"298\" height=\"397\" srcset=\"http:\/\/www.unenfantuncartable17.fr\/wp-content\/uploads\/2021\/10\/IMG-20211009-WA0022-225x300.jpg 225w, http:\/\/www.unenfantuncartable17.fr\/wp-content\/uploads\/2021\/10\/IMG-20211009-WA0022-768x1024.jpg 768w, http:\/\/www.unenfantuncartable17.fr\/wp-content\/uploads\/2021\/10\/IMG-20211009-WA0022.jpg 780w\" sizes=\"auto, (max-width: 298px) 100vw, 298px\" \/><\/a><\/p>\n<p><a href=\"http:\/\/www.unenfantuncartable17.fr\/wp-content\/uploads\/2021\/10\/IMG-20211009-WA0009.jpg\"><img loading=\"lazy\" decoding=\"async\" class=\"size-medium wp-image-3139 alignright\" src=\"http:\/\/www.unenfantuncartable17.fr\/wp-content\/uploads\/2021\/10\/IMG-20211009-WA0009-300x225.jpg\" alt=\"\" width=\"300\" height=\"225\" srcset=\"http:\/\/www.unenfantuncartable17.fr\/wp-content\/uploads\/2021\/10\/IMG-20211009-WA0009-300x225.jpg 300w, http:\/\/www.unenfantuncartable17.fr\/wp-content\/uploads\/2021\/10\/IMG-20211009-WA0009-768x576.jpg 768w, http:\/\/www.unenfantuncartable17.fr\/wp-content\/uploads\/2021\/10\/IMG-20211009-WA0009-1024x768.jpg 1024w, http:\/\/www.unenfantuncartable17.fr\/wp-content\/uploads\/2021\/10\/IMG-20211009-WA0009.jpg 1080w\" sizes=\"auto, (max-width: 300px) 100vw, 300px\" \/><\/a><a href=\"http:\/\/www.unenfantuncartable17.fr\/wp-content\/uploads\/2021\/10\/IMG-20211009-WA0026-2.jpg\"><img loading=\"lazy\" decoding=\"async\" class=\" wp-image-3141 alignright\" src=\"http:\/\/www.unenfantuncartable17.fr\/wp-content\/uploads\/2021\/10\/IMG-20211009-WA0026-2-225x300.jpg\" alt=\"\" width=\"296\" height=\"395\" srcset=\"http:\/\/www.unenfantuncartable17.fr\/wp-content\/uploads\/2021\/10\/IMG-20211009-WA0026-2-225x300.jpg 225w, http:\/\/www.unenfantuncartable17.fr\/wp-content\/uploads\/2021\/10\/IMG-20211009-WA0026-2-768x1024.jpg 768w, http:\/\/www.unenfantuncartable17.fr\/wp-content\/uploads\/2021\/10\/IMG-20211009-WA0026-2.jpg 780w\" sizes=\"auto, (max-width: 296px) 100vw, 296px\" \/><\/a><a href=\"http:\/\/www.unenfantuncartable17.fr\/wp-content\/uploads\/2021\/10\/IMG-20211009-WA0048.jpg\"><img loading=\"lazy\" decoding=\"async\" class=\"alignleft size-medium wp-image-3143\" src=\"http:\/\/www.unenfantuncartable17.fr\/wp-content\/uploads\/2021\/10\/IMG-20211009-WA0048-300x225.jpg\" alt=\"\" width=\"300\" height=\"225\" srcset=\"http:\/\/www.unenfantuncartable17.fr\/wp-content\/uploads\/2021\/10\/IMG-20211009-WA0048-300x225.jpg 300w, http:\/\/www.unenfantuncartable17.fr\/wp-content\/uploads\/2021\/10\/IMG-20211009-WA0048-768x576.jpg 768w, http:\/\/www.unenfantuncartable17.fr\/wp-content\/uploads\/2021\/10\/IMG-20211009-WA0048-1024x768.jpg 1024w, http:\/\/www.unenfantuncartable17.fr\/wp-content\/uploads\/2021\/10\/IMG-20211009-WA0048.jpg 1080w\" sizes=\"auto, (max-width: 300px) 100vw, 300px\" \/><\/a><a href=\"http:\/\/www.unenfantuncartable17.fr\/wp-content\/uploads\/2021\/10\/IMG-20211009-WA0039.jpg\"><img loading=\"lazy\" decoding=\"async\" class=\"size-medium wp-image-3144 alignright\" src=\"http:\/\/www.unenfantuncartable17.fr\/wp-content\/uploads\/2021\/10\/IMG-20211009-WA0039-300x225.jpg\" alt=\"\" width=\"300\" height=\"225\" srcset=\"http:\/\/www.unenfantuncartable17.fr\/wp-content\/uploads\/2021\/10\/IMG-20211009-WA0039-300x225.jpg 300w, http:\/\/www.unenfantuncartable17.fr\/wp-content\/uploads\/2021\/10\/IMG-20211009-WA0039-768x576.jpg 768w, http:\/\/www.unenfantuncartable17.fr\/wp-content\/uploads\/2021\/10\/IMG-20211009-WA0039-1024x768.jpg 1024w, http:\/\/www.unenfantuncartable17.fr\/wp-content\/uploads\/2021\/10\/IMG-20211009-WA0039.jpg 1080w\" sizes=\"auto, (max-width: 300px) 100vw, 300px\" \/><\/a><a href=\"http:\/\/www.unenfantuncartable17.fr\/wp-content\/uploads\/2021\/10\/IMG-20211009-WA0034.jpg\"><img loading=\"lazy\" decoding=\"async\" class=\"alignleft size-medium wp-image-3145\" src=\"http:\/\/www.unenfantuncartable17.fr\/wp-content\/uploads\/2021\/10\/IMG-20211009-WA0034-300x225.jpg\" alt=\"\" width=\"300\" height=\"225\" srcset=\"http:\/\/www.unenfantuncartable17.fr\/wp-content\/uploads\/2021\/10\/IMG-20211009-WA0034-300x225.jpg 300w, http:\/\/www.unenfantuncartable17.fr\/wp-content\/uploads\/2021\/10\/IMG-20211009-WA0034-768x576.jpg 768w, http:\/\/www.unenfantuncartable17.fr\/wp-content\/uploads\/2021\/10\/IMG-20211009-WA0034-1024x768.jpg 1024w, http:\/\/www.unenfantuncartable17.fr\/wp-content\/uploads\/2021\/10\/IMG-20211009-WA0034.jpg 1080w\" sizes=\"auto, (max-width: 300px) 100vw, 300px\" \/><\/a><a href=\"http:\/\/www.unenfantuncartable17.fr\/wp-content\/uploads\/2021\/10\/IMG-20211009-WA0043.jpg\"><img loading=\"lazy\" decoding=\"async\" class=\"size-medium wp-image-3148 alignright\" src=\"http:\/\/www.unenfantuncartable17.fr\/wp-content\/uploads\/2021\/10\/IMG-20211009-WA0043-300x225.jpg\" alt=\"\" width=\"300\" height=\"225\" srcset=\"http:\/\/www.unenfantuncartable17.fr\/wp-content\/uploads\/2021\/10\/IMG-20211009-WA0043-300x225.jpg 300w, http:\/\/www.unenfantuncartable17.fr\/wp-content\/uploads\/2021\/10\/IMG-20211009-WA0043-768x576.jpg 768w, http:\/\/www.unenfantuncartable17.fr\/wp-content\/uploads\/2021\/10\/IMG-20211009-WA0043-1024x768.jpg 1024w, http:\/\/www.unenfantuncartable17.fr\/wp-content\/uploads\/2021\/10\/IMG-20211009-WA0043.jpg 1080w\" sizes=\"auto, (max-width: 300px) 100vw, 300px\" \/><\/a><a href=\"http:\/\/www.unenfantuncartable17.fr\/wp-content\/uploads\/2021\/10\/IMG-20211009-WA0012.jpg\"><img loading=\"lazy\" decoding=\"async\" class=\"alignleft size-medium wp-image-3149\" src=\"http:\/\/www.unenfantuncartable17.fr\/wp-content\/uploads\/2021\/10\/IMG-20211009-WA0012-300x225.jpg\" alt=\"\" width=\"300\" height=\"225\" srcset=\"http:\/\/www.unenfantuncartable17.fr\/wp-content\/uploads\/2021\/10\/IMG-20211009-WA0012-300x225.jpg 300w, http:\/\/www.unenfantuncartable17.fr\/wp-content\/uploads\/2021\/10\/IMG-20211009-WA0012-768x576.jpg 768w, http:\/\/www.unenfantuncartable17.fr\/wp-content\/uploads\/2021\/10\/IMG-20211009-WA0012-1024x768.jpg 1024w, http:\/\/www.unenfantuncartable17.fr\/wp-content\/uploads\/2021\/10\/IMG-20211009-WA0012.jpg 1080w\" sizes=\"auto, (max-width: 300px) 100vw, 300px\" \/><\/a><a href=\"http:\/\/www.unenfantuncartable17.fr\/wp-content\/uploads\/2021\/10\/IMG-20211009-WA0037.jpg\"><img loading=\"lazy\" decoding=\"async\" class=\"size-medium wp-image-3151 alignright\" src=\"http:\/\/www.unenfantuncartable17.fr\/wp-content\/uploads\/2021\/10\/IMG-20211009-WA0037-300x225.jpg\" alt=\"\" width=\"300\" height=\"225\" srcset=\"http:\/\/www.unenfantuncartable17.fr\/wp-content\/uploads\/2021\/10\/IMG-20211009-WA0037-300x225.jpg 300w, http:\/\/www.unenfantuncartable17.fr\/wp-content\/uploads\/2021\/10\/IMG-20211009-WA0037-768x576.jpg 768w, http:\/\/www.unenfantuncartable17.fr\/wp-content\/uploads\/2021\/10\/IMG-20211009-WA0037-1024x768.jpg 1024w, http:\/\/www.unenfantuncartable17.fr\/wp-content\/uploads\/2021\/10\/IMG-20211009-WA0037.jpg 1080w\" sizes=\"auto, (max-width: 300px) 100vw, 300px\" \/><\/a><a href=\"http:\/\/www.unenfantuncartable17.fr\/wp-content\/uploads\/2021\/10\/IMG-20211009-WA0045-2.jpg\"><img loading=\"lazy\" decoding=\"async\" class=\"alignleft size-medium wp-image-3152\" src=\"http:\/\/www.unenfantuncartable17.fr\/wp-content\/uploads\/2021\/10\/IMG-20211009-WA0045-2-300x225.jpg\" alt=\"\" width=\"300\" height=\"225\" srcset=\"http:\/\/www.unenfantuncartable17.fr\/wp-content\/uploads\/2021\/10\/IMG-20211009-WA0045-2-300x225.jpg 300w, http:\/\/www.unenfantuncartable17.fr\/wp-content\/uploads\/2021\/10\/IMG-20211009-WA0045-2-768x576.jpg 768w, http:\/\/www.unenfantuncartable17.fr\/wp-content\/uploads\/2021\/10\/IMG-20211009-WA0045-2-1024x768.jpg 1024w, http:\/\/www.unenfantuncartable17.fr\/wp-content\/uploads\/2021\/10\/IMG-20211009-WA0045-2.jpg 1080w\" sizes=\"auto, (max-width: 300px) 100vw, 300px\" \/><\/a><a href=\"http:\/\/www.unenfantuncartable17.fr\/wp-content\/uploads\/2021\/10\/IMG-20211009-WA0032-2.jpg\"><img loading=\"lazy\" decoding=\"async\" class=\"size-medium wp-image-3154 alignright\" src=\"http:\/\/www.unenfantuncartable17.fr\/wp-content\/uploads\/2021\/10\/IMG-20211009-WA0032-2-300x225.jpg\" alt=\"\" width=\"300\" height=\"225\" srcset=\"http:\/\/www.unenfantuncartable17.fr\/wp-content\/uploads\/2021\/10\/IMG-20211009-WA0032-2-300x225.jpg 300w, http:\/\/www.unenfantuncartable17.fr\/wp-content\/uploads\/2021\/10\/IMG-20211009-WA0032-2-768x576.jpg 768w, http:\/\/www.unenfantuncartable17.fr\/wp-content\/uploads\/2021\/10\/IMG-20211009-WA0032-2-1024x768.jpg 1024w, http:\/\/www.unenfantuncartable17.fr\/wp-content\/uploads\/2021\/10\/IMG-20211009-WA0032-2.jpg 1080w\" sizes=\"auto, (max-width: 300px) 100vw, 300px\" \/><\/a><a href=\"http:\/\/www.unenfantuncartable17.fr\/wp-content\/uploads\/2021\/10\/IMG-20211009-WA0019.jpg\"><img loading=\"lazy\" decoding=\"async\" class=\"alignleft  wp-image-3157\" src=\"http:\/\/www.unenfantuncartable17.fr\/wp-content\/uploads\/2021\/10\/IMG-20211009-WA0019-225x300.jpg\" alt=\"\" width=\"296\" height=\"395\" srcset=\"http:\/\/www.unenfantuncartable17.fr\/wp-content\/uploads\/2021\/10\/IMG-20211009-WA0019-225x300.jpg 225w, http:\/\/www.unenfantuncartable17.fr\/wp-content\/uploads\/2021\/10\/IMG-20211009-WA0019-768x1024.jpg 768w, http:\/\/www.unenfantuncartable17.fr\/wp-content\/uploads\/2021\/10\/IMG-20211009-WA0019.jpg 780w\" sizes=\"auto, (max-width: 296px) 100vw, 296px\" \/><\/a><\/p>\n<\/li>\n<\/ul>\n","protected":false},"excerpt":{"rendered":"<p>Pour la deuxi\u00e8me fois, la rentr\u00e9e scolaire s&rsquo;est r\u00e9alis\u00e9e sans la pr\u00e9sence de l&rsquo;association \u00e0 Mar Lodj. Samedi 9 octobre, la livraison de toutes les fournitures command\u00e9es a cependant \u00e9t\u00e9 r\u00e9alis\u00e9e par les fournisseurs aux 7 \u00e9coles de l&rsquo;\u00eele pour les 980 \u00e9l\u00e8ves, de la maternelle au CM2. Une op\u00e9ration qui a pu se tenir [&hellip;]<\/p>\n","protected":false},"author":2,"featured_media":0,"comment_status":"open","ping_status":"open","sticky":false,"template":"","format":"standard","meta":{"jetpack_post_was_ever_published":false,"_jetpack_newsletter_access":"","_jetpack_dont_email_post_to_subs":false,"_jetpack_newsletter_tier_id":0,"_jetpack_memberships_contains_paywalled_content":false,"_jetpack_memberships_contains_paid_content":false,"footnotes":""},"categories":[1],"tags":[],"class_list":["post-3137","post","type-post","status-publish","format-standard","hentry","category-non-classe"],"jetpack_featured_media_url":"","jetpack_sharing_enabled":true,"jetpack_shortlink":"https:\/\/wp.me\/p5o8j7-OB","_links":{"self":[{"href":"http:\/\/www.unenfantuncartable17.fr\/index.php?rest_route=\/wp\/v2\/posts\/3137","targetHints":{"allow":["GET"]}}],"collection":[{"href":"http:\/\/www.unenfantuncartable17.fr\/index.php?rest_route=\/wp\/v2\/posts"}],"about":[{"href":"http:\/\/www.unenfantuncartable17.fr\/index.php?rest_route=\/wp\/v2\/types\/post"}],"author":[{"embeddable":true,"href":"http:\/\/www.unenfantuncartable17.fr\/index.php?rest_route=\/wp\/v2\/users\/2"}],"replies":[{"embeddable":true,"href":"http:\/\/www.unenfantuncartable17.fr\/index.php?rest_route=%2Fwp%2Fv2%2Fcomments&post=3137"}],"version-history":[{"count":29,"href":"http:\/\/www.unenfantuncartable17.fr\/index.php?rest_route=\/wp\/v2\/posts\/3137\/revisions"}],"predecessor-version":[{"id":3181,"href":"http:\/\/www.unenfantuncartable17.fr\/index.php?rest_route=\/wp\/v2\/posts\/3137\/revisions\/3181"}],"wp:attachment":[{"href":"http:\/\/www.unenfantuncartable17.fr\/index.php?rest_route=%2Fwp%2Fv2%2Fmedia&parent=3137"}],"wp:term":[{"taxonomy":"category","embeddable":true,"href":"http:\/\/www.unenfantuncartable17.fr\/index.php?rest_route=%2Fwp%2Fv2%2Fcategories&post=3137"},{"taxonomy":"post_tag","embeddable":true,"href":"http:\/\/www.unenfantuncartable17.fr\/index.php?rest_route=%2Fwp%2Fv2%2Ftags&post=3137"}],"curies":[{"name":"wp","href":"https:\/\/api.w.org\/{rel}","templated":true}]}}