{"id":313,"date":"2015-01-07T11:34:45","date_gmt":"2015-01-07T10:34:45","guid":{"rendered":"http:\/\/www.unenfantuncartable17.fr\/?p=313"},"modified":"2015-01-28T17:00:33","modified_gmt":"2015-01-28T16:00:33","slug":"bonne-annee-solidaire-2","status":"publish","type":"post","link":"http:\/\/www.unenfantuncartable17.fr\/?p=313","title":{"rendered":"Bonne ann\u00e9e solidaire !"},"content":{"rendered":"<p><a href=\"http:\/\/www.unenfantuncartable17.fr\/wp-content\/uploads\/2015\/01\/S\u00e9n\u00e9gal-Mar-lodj-10-2010-001-228.jpg\"><img loading=\"lazy\" decoding=\"async\" class=\"alignnone size-medium wp-image-638\" src=\"http:\/\/www.unenfantuncartable17.fr\/wp-content\/uploads\/2015\/01\/S\u00e9n\u00e9gal-Mar-lodj-10-2010-001-228-300x225.jpg\" alt=\"S\u00e9n\u00e9gal Mar lodj  10- 2010 001 (228)\" width=\"300\" height=\"225\" srcset=\"http:\/\/www.unenfantuncartable17.fr\/wp-content\/uploads\/2015\/01\/S\u00e9n\u00e9gal-Mar-lodj-10-2010-001-228-300x225.jpg 300w, http:\/\/www.unenfantuncartable17.fr\/wp-content\/uploads\/2015\/01\/S\u00e9n\u00e9gal-Mar-lodj-10-2010-001-228-1024x768.jpg 1024w, http:\/\/www.unenfantuncartable17.fr\/wp-content\/uploads\/2015\/01\/S\u00e9n\u00e9gal-Mar-lodj-10-2010-001-228.jpg 2000w\" sizes=\"auto, (max-width: 300px) 100vw, 300px\" \/><\/a><\/p>\n<p><span style=\"color: #993300; font-family: arial, helvetica, sans-serif; font-size: 18pt;\"><strong>Chers Adh\u00e9rents, chers Amis,<\/strong><\/span><\/p>\n<p><span style=\"color: #993300; font-family: arial, helvetica, sans-serif; font-size: 14pt;\"><strong>Au seuil de cette nouvelle ann\u00e9e, le Conseil d\u2019Administration vous pr\u00e9sente ses meilleurs v\u0153ux pour vous-m\u00eames et vos proches.<\/strong><\/span><\/p>\n<p><span style=\"color: #993300; font-family: arial, helvetica, sans-serif; font-size: 14pt;\"><strong>L\u2019ann\u00e9e qui se termine a montr\u00e9 votre attachement \u00e0 p\u00e9renniser notre action.<\/strong><\/span><\/p>\n<p><span style=\"color: #993300; font-family: arial, helvetica, sans-serif; font-size: 14pt;\"><strong>En effet, \u00e0 la vingtaine d\u2019adh\u00e9rents du premier jour qui nous a quitt\u00e9e en 2014, s\u2019est substitu\u00e9 un nombre l\u00e9g\u00e8rement sup\u00e9rieur de nouveaux qui nous ont rejoints.<\/strong><\/span><\/p>\n<p><span style=\"color: #993300; font-family: arial, helvetica, sans-serif; font-size: 14pt;\"><strong>Nous terminons ainsi l\u2019ann\u00e9e avec un total avoisinant <span style=\"color: #808000; font-size: 18pt;\">200 adh\u00e9rents.<\/span><\/strong><\/span><\/p>\n<p><span style=\"color: #993300; font-family: arial, helvetica, sans-serif; font-size: 14pt;\"><strong>Le niveau n\u00e9cessaire pour mener \u00e0 bien notre action en toute ind\u00e9pendance.<\/strong><\/span><\/p>\n<p><span style=\"color: #993300; font-family: arial, helvetica, sans-serif; font-size: 14pt;\"><strong>Votre engagement est la force essentielle d\u2019\u00ab Un enfant, Un cartable \u00bb.<\/strong><\/span><\/p>\n<p><span style=\"color: #993300; font-family: arial, helvetica, sans-serif; font-size: 14pt;\"><strong>Gr\u00e2ce \u00e0 vous, lors de la derni\u00e8re rentr\u00e9e scolaire, <span style=\"color: #808000; font-size: 18pt;\">655 enfants ont b\u00e9n\u00e9fici\u00e9 de fournitures neuves et de livres, 150 de plus que l\u2019an dernier.<\/span><\/strong><\/span><\/p>\n<p><span style=\"color: #993300; font-family: arial, helvetica, sans-serif; font-size: 14pt;\"><strong>En maintenant ce cap, la totalit\u00e9 des \u00e9l\u00e8ves de Mar Lodj sera \u00e9quip\u00e9e pour la prochaine rentr\u00e9e en octobre 2015 :<span style=\"color: #808000; font-size: 18pt;\"> 850 enfants !<\/span><\/strong><\/span><\/p>\n<p><span style=\"color: #993300; font-family: arial, helvetica, sans-serif; font-size: 14pt;\"><strong>Que de chemin parcouru ensemble en 6 ans !<\/strong><\/span><\/p>\n<p><span style=\"color: #993300; font-family: arial, helvetica, sans-serif; font-size: 14pt;\"><strong><span style=\"color: #808000; font-size: 18pt;\">Le 24 avril prochain<\/span> lors de son Assembl\u00e9e G\u00e9n\u00e9rale nous ferons le bilan du fonctionnement de cette ann\u00e9e.<\/strong><\/span><\/p>\n<p><span style=\"color: #993300; font-family: arial, helvetica, sans-serif; font-size: 14pt;\"><strong>En attendant le plaisir de s\u2019y retrouver, nous vous renouvelons nos souhaits pour 2015.<\/strong><\/span><\/p>\n<p><span style=\"color: #993300; font-family: arial, helvetica, sans-serif; font-size: 14pt;\"><strong>Tr\u00e8s cordialement.<\/strong><\/span><\/p>\n<p><span style=\"color: #993300; font-family: arial, helvetica, sans-serif; font-size: 14pt;\"><strong>Le Pr\u00e9sident Jean-Claude Brossard<\/strong><\/span><\/p>\n<p>&nbsp;<\/p>\n","protected":false},"excerpt":{"rendered":"<p>Chers Adh\u00e9rents, chers Amis, Au seuil de cette nouvelle ann\u00e9e, le Conseil d\u2019Administration vous pr\u00e9sente ses meilleurs v\u0153ux pour vous-m\u00eames et vos proches. L\u2019ann\u00e9e qui se termine a montr\u00e9 votre attachement \u00e0 p\u00e9renniser notre action. En effet, \u00e0 la vingtaine d\u2019adh\u00e9rents du premier jour qui nous a quitt\u00e9e en 2014, s\u2019est substitu\u00e9 un nombre l\u00e9g\u00e8rement [&hellip;]<\/p>\n","protected":false},"author":2,"featured_media":0,"comment_status":"open","ping_status":"open","sticky":false,"template":"","format":"standard","meta":{"jetpack_post_was_ever_published":false,"_jetpack_newsletter_access":"","_jetpack_dont_email_post_to_subs":false,"_jetpack_newsletter_tier_id":0,"_jetpack_memberships_contains_paywalled_content":false,"_jetpack_memberships_contains_paid_content":false,"footnotes":""},"categories":[1],"tags":[],"class_list":["post-313","post","type-post","status-publish","format-standard","hentry","category-non-classe"],"jetpack_featured_media_url":"","jetpack_sharing_enabled":true,"jetpack_shortlink":"https:\/\/wp.me\/p5o8j7-53","_links":{"self":[{"href":"http:\/\/www.unenfantuncartable17.fr\/index.php?rest_route=\/wp\/v2\/posts\/313","targetHints":{"allow":["GET"]}}],"collection":[{"href":"http:\/\/www.unenfantuncartable17.fr\/index.php?rest_route=\/wp\/v2\/posts"}],"about":[{"href":"http:\/\/www.unenfantuncartable17.fr\/index.php?rest_route=\/wp\/v2\/types\/post"}],"author":[{"embeddable":true,"href":"http:\/\/www.unenfantuncartable17.fr\/index.php?rest_route=\/wp\/v2\/users\/2"}],"replies":[{"embeddable":true,"href":"http:\/\/www.unenfantuncartable17.fr\/index.php?rest_route=%2Fwp%2Fv2%2Fcomments&post=313"}],"version-history":[{"count":15,"href":"http:\/\/www.unenfantuncartable17.fr\/index.php?rest_route=\/wp\/v2\/posts\/313\/revisions"}],"predecessor-version":[{"id":696,"href":"http:\/\/www.unenfantuncartable17.fr\/index.php?rest_route=\/wp\/v2\/posts\/313\/revisions\/696"}],"wp:attachment":[{"href":"http:\/\/www.unenfantuncartable17.fr\/index.php?rest_route=%2Fwp%2Fv2%2Fmedia&parent=313"}],"wp:term":[{"taxonomy":"category","embeddable":true,"href":"http:\/\/www.unenfantuncartable17.fr\/index.php?rest_route=%2Fwp%2Fv2%2Fcategories&post=313"},{"taxonomy":"post_tag","embeddable":true,"href":"http:\/\/www.unenfantuncartable17.fr\/index.php?rest_route=%2Fwp%2Fv2%2Ftags&post=313"}],"curies":[{"name":"wp","href":"https:\/\/api.w.org\/{rel}","templated":true}]}}