{"id":3103,"date":"2021-08-02T19:25:17","date_gmt":"2021-08-02T18:25:17","guid":{"rendered":"http:\/\/www.unenfantuncartable17.fr\/?p=3103"},"modified":"2021-08-02T19:28:21","modified_gmt":"2021-08-02T18:28:21","slug":"premiere-et-premier-diplomes-au-cfp","status":"publish","type":"post","link":"http:\/\/www.unenfantuncartable17.fr\/?p=3103","title":{"rendered":"Premi\u00e8re et premier dipl\u00f4m\u00e9s au CFP"},"content":{"rendered":"<p><span style=\"font-size: 14pt; color: #993300;\"><strong><span style=\"font-family: arial, helvetica, sans-serif;\">Le directeur du Centre de Formation Professionnelle de Diofior vient de nous avertir que les deux premiers \u00e9l\u00e8ves de BEP -Dieynaba Coumba Diouf et Assane Ba- auxquels nous apportons notre assistance en payant les frais d&rsquo;inscription, les v\u00eatements professionnels et la trousse \u00e0 outils viennent d&rsquo;\u00eatre re\u00e7us \u00e0 leur examen et sont donc maintenant dipl\u00f4m\u00e9s !<\/span><\/strong><\/span><\/p>\n<div id=\"attachment_3115\" style=\"width: 235px\" class=\"wp-caption alignleft\"><a href=\"http:\/\/www.unenfantuncartable17.fr\/wp-content\/uploads\/2021\/07\/site14.jpg\"><img loading=\"lazy\" decoding=\"async\" aria-describedby=\"caption-attachment-3115\" class=\"size-medium wp-image-3115\" src=\"http:\/\/www.unenfantuncartable17.fr\/wp-content\/uploads\/2021\/07\/site14-225x300.jpg\" alt=\"\" width=\"225\" height=\"300\" srcset=\"http:\/\/www.unenfantuncartable17.fr\/wp-content\/uploads\/2021\/07\/site14-225x300.jpg 225w, http:\/\/www.unenfantuncartable17.fr\/wp-content\/uploads\/2021\/07\/site14-768x1024.jpg 768w, http:\/\/www.unenfantuncartable17.fr\/wp-content\/uploads\/2021\/07\/site14.jpg 1536w\" sizes=\"auto, (max-width: 225px) 100vw, 225px\" \/><\/a><p id=\"caption-attachment-3115\" class=\"wp-caption-text\"><span style=\"color: #993300;\"><em><strong><span style=\"font-family: arial, helvetica, sans-serif;\">Dieynaba devant une armoire \u00e9lectrique<\/span><\/strong><\/em><\/span><\/p><\/div>\n<p><span style=\"font-size: 14pt; color: #993300;\"><strong><span style=\"font-family: arial, helvetica, sans-serif;\">C&rsquo;est , pour ces deux \u00e9l\u00e8ves, suivis depuis 2019, la reconnaissance de leurs capacit\u00e9s, la preuve que l&rsquo;enseignement technique et professionnel est une voie d&rsquo;avenir.<\/span><\/strong><\/span><\/p>\n<p><span style=\"font-size: 14pt; color: #993300;\"><strong><span style=\"font-family: arial, helvetica, sans-serif;\">C&rsquo;est aussi, pour l&rsquo;association, la confirmation du sens de notre action volontariste. En effet, l&rsquo;un des deux r\u00e9cipiendaires, Dieynaba Coumba Diouf est la premi\u00e8re fille, dipl\u00f4m\u00e9e en \u00e9lectricit\u00e9 de l&rsquo;\u00eele de Mar Lodj !<\/span><\/strong><\/span><\/p>\n<p><span style=\"font-size: 14pt; color: #993300;\"><strong><span style=\"font-family: arial, helvetica, sans-serif;\">Les trois autres \u00e9l\u00e8ves de la premi\u00e8re cohorte, en CAP durant trois ans, ne passeront<\/span><\/strong><strong><span style=\"font-family: arial, helvetica, sans-serif;\">\u00a0leur dipl\u00f4me que l&rsquo;an prochain car ils ont \u00e9t\u00e9 admis en classe sup\u00e9rieure, comme les cinq de la deuxi\u00e8me cohorte, qui eux, passent en deuxi\u00e8me ann\u00e9e. Ces huit \u00e9l\u00e8ves sont en section restauration, \u00e9lectricit\u00e9 ou ma\u00e7onnerie.<\/span><\/strong><\/span><\/p>\n<p><span style=\"font-size: 14pt; color: #993300;\"><strong><span style=\"font-family: arial, helvetica, sans-serif;\">Ces bons r\u00e9sultats sont un encouragement \u00e0 continuer. Nous allons, avec l&rsquo;aide du lyc\u00e9e\/coll\u00e8ge de Marsoulou qui assure l&rsquo;orientation, prendre en charge en octobre une <\/span><\/strong><strong><span style=\"font-family: arial, helvetica, sans-serif;\">nouvelle cohorte (la troisi\u00e8me) de cinq \u00e9l\u00e8ves qui voudront s&rsquo;orienter vers l&rsquo;\u00e9lectricit\u00e9, la cuisine, la ma\u00e7onnerie ou le mara\u00eechage.<\/span><\/strong><\/span><\/p>\n<p><span style=\"font-size: 14pt; color: #993300;\"><strong><span style=\"font-family: arial, helvetica, sans-serif;\">L&rsquo;association suivra en octobre 13 \u00e9l\u00e8ves (tous en CAP) pour un co\u00fbt de 700 \u20ac.<\/span><\/strong><\/span><\/p>\n<p><div id=\"attachment_3118\" style=\"width: 310px\" class=\"wp-caption alignleft\"><a href=\"http:\/\/www.unenfantuncartable17.fr\/wp-content\/uploads\/2021\/07\/site-11.jpg\"><img loading=\"lazy\" decoding=\"async\" aria-describedby=\"caption-attachment-3118\" class=\"size-medium wp-image-3118\" src=\"http:\/\/www.unenfantuncartable17.fr\/wp-content\/uploads\/2021\/07\/site-11-300x225.jpg\" alt=\"\" width=\"300\" height=\"225\" srcset=\"http:\/\/www.unenfantuncartable17.fr\/wp-content\/uploads\/2021\/07\/site-11-300x225.jpg 300w, http:\/\/www.unenfantuncartable17.fr\/wp-content\/uploads\/2021\/07\/site-11-768x576.jpg 768w, http:\/\/www.unenfantuncartable17.fr\/wp-content\/uploads\/2021\/07\/site-11-1024x768.jpg 1024w, http:\/\/www.unenfantuncartable17.fr\/wp-content\/uploads\/2021\/07\/site-11.jpg 2048w\" sizes=\"auto, (max-width: 300px) 100vw, 300px\" \/><\/a><p id=\"caption-attachment-3118\" class=\"wp-caption-text\"><span style=\"color: #993300;\"><em><strong><span style=\"font-family: arial, helvetica, sans-serif;\">Les \u00e9l\u00e8ves passent un CAP ou un BEP<\/span><\/strong><\/em><\/span><\/p><\/div> <div id=\"attachment_3116\" style=\"width: 310px\" class=\"wp-caption alignright\"><a href=\"http:\/\/www.unenfantuncartable17.fr\/wp-content\/uploads\/2021\/07\/site-19.jpg\"><img loading=\"lazy\" decoding=\"async\" aria-describedby=\"caption-attachment-3116\" class=\"size-medium wp-image-3116\" src=\"http:\/\/www.unenfantuncartable17.fr\/wp-content\/uploads\/2021\/07\/site-19-300x225.jpg\" alt=\"\" width=\"300\" height=\"225\" srcset=\"http:\/\/www.unenfantuncartable17.fr\/wp-content\/uploads\/2021\/07\/site-19-300x225.jpg 300w, http:\/\/www.unenfantuncartable17.fr\/wp-content\/uploads\/2021\/07\/site-19-768x576.jpg 768w, http:\/\/www.unenfantuncartable17.fr\/wp-content\/uploads\/2021\/07\/site-19-1024x768.jpg 1024w, http:\/\/www.unenfantuncartable17.fr\/wp-content\/uploads\/2021\/07\/site-19.jpg 2048w\" sizes=\"auto, (max-width: 300px) 100vw, 300px\" \/><\/a><p id=\"caption-attachment-3116\" class=\"wp-caption-text\"><span style=\"color: #993300;\"><em><strong><span style=\"font-family: arial, helvetica, sans-serif;\">L&rsquo;association prend en charge les frais d&rsquo;inscription, l&rsquo;outillage et tenues de travail<\/span><\/strong><\/em><\/span><\/p><\/div><\/p>\n","protected":false},"excerpt":{"rendered":"<p>Le directeur du Centre de Formation Professionnelle de Diofior vient de nous avertir que les deux premiers \u00e9l\u00e8ves de BEP -Dieynaba Coumba Diouf et Assane Ba- auxquels nous apportons notre assistance en payant les frais d&rsquo;inscription, les v\u00eatements professionnels et la trousse \u00e0 outils viennent d&rsquo;\u00eatre re\u00e7us \u00e0 leur examen et sont donc maintenant dipl\u00f4m\u00e9s [&hellip;]<\/p>\n","protected":false},"author":2,"featured_media":0,"comment_status":"open","ping_status":"open","sticky":false,"template":"","format":"standard","meta":{"jetpack_post_was_ever_published":false,"_jetpack_newsletter_access":"","_jetpack_dont_email_post_to_subs":true,"_jetpack_newsletter_tier_id":0,"_jetpack_memberships_contains_paywalled_content":false,"_jetpack_memberships_contains_paid_content":false,"footnotes":""},"categories":[1],"tags":[],"class_list":["post-3103","post","type-post","status-publish","format-standard","hentry","category-non-classe"],"jetpack_featured_media_url":"","jetpack_sharing_enabled":true,"jetpack_shortlink":"https:\/\/wp.me\/p5o8j7-O3","_links":{"self":[{"href":"http:\/\/www.unenfantuncartable17.fr\/index.php?rest_route=\/wp\/v2\/posts\/3103","targetHints":{"allow":["GET"]}}],"collection":[{"href":"http:\/\/www.unenfantuncartable17.fr\/index.php?rest_route=\/wp\/v2\/posts"}],"about":[{"href":"http:\/\/www.unenfantuncartable17.fr\/index.php?rest_route=\/wp\/v2\/types\/post"}],"author":[{"embeddable":true,"href":"http:\/\/www.unenfantuncartable17.fr\/index.php?rest_route=\/wp\/v2\/users\/2"}],"replies":[{"embeddable":true,"href":"http:\/\/www.unenfantuncartable17.fr\/index.php?rest_route=%2Fwp%2Fv2%2Fcomments&post=3103"}],"version-history":[{"count":15,"href":"http:\/\/www.unenfantuncartable17.fr\/index.php?rest_route=\/wp\/v2\/posts\/3103\/revisions"}],"predecessor-version":[{"id":3128,"href":"http:\/\/www.unenfantuncartable17.fr\/index.php?rest_route=\/wp\/v2\/posts\/3103\/revisions\/3128"}],"wp:attachment":[{"href":"http:\/\/www.unenfantuncartable17.fr\/index.php?rest_route=%2Fwp%2Fv2%2Fmedia&parent=3103"}],"wp:term":[{"taxonomy":"category","embeddable":true,"href":"http:\/\/www.unenfantuncartable17.fr\/index.php?rest_route=%2Fwp%2Fv2%2Fcategories&post=3103"},{"taxonomy":"post_tag","embeddable":true,"href":"http:\/\/www.unenfantuncartable17.fr\/index.php?rest_route=%2Fwp%2Fv2%2Ftags&post=3103"}],"curies":[{"name":"wp","href":"https:\/\/api.w.org\/{rel}","templated":true}]}}