{"id":31,"date":"2012-09-23T12:26:00","date_gmt":"2012-09-23T12:26:00","guid":{"rendered":"http:\/\/www.unenfantuncartable17.fr\/?p=31"},"modified":"2015-01-28T16:26:10","modified_gmt":"2015-01-28T15:26:10","slug":"le-calendrier-est-arrive","status":"publish","type":"post","link":"http:\/\/www.unenfantuncartable17.fr\/?p=31","title":{"rendered":"Le calendrier 2013 est arriv\u00e9 !"},"content":{"rendered":"<p><span style=\"color: #993300; font-size: 14pt;\"><strong><span style=\"font-family: arial,helvetica,sans-serif;\">Le calendrier 2013 de votre association est disponible !<\/span><\/strong><\/span><\/p>\n<div class=\"ob-section ob-section-html\">\n<p><span style=\"color: #993300; font-size: 14pt;\"><strong><span style=\"font-family: arial,helvetica,sans-serif;\">Comme les ann\u00e9es pass\u00e9es, il \u00e9voque en photos notre action et vous pr\u00e9sente nos partenaires dans les villages de l&rsquo;\u00eele de Mar Lodj.<\/span><\/strong><\/span><\/p>\n<p><span style=\"color: #99cc00; font-family: arial,helvetica,sans-serif; font-size: 12pt;\"><img loading=\"lazy\" decoding=\"async\" class=\"CtreTexte\" src=\"http:\/\/img.over-blog.com\/300x225\/3\/86\/53\/13\/005.JPG\" alt=\"005\" width=\"300\" height=\"225\" \/><strong><span style=\"color: #ff6600; font-size: 10pt;\">\u00a0\u00a0\u00a0\u00a0<span style=\"color: #993300; text-decoration: underline;\">Alioune, le cal\u00e9chier, sur le calendier 2013<\/span><\/span><\/strong><\/span><\/p>\n<p><span style=\"color: #993300; font-size: 14pt;\"><strong><span style=\"font-family: arial,helvetica,sans-serif;\">Edit\u00e9 \u00e0 300 exemplaires, il est vendu au <span style=\"color: #808000;\">prix de 10 euros l&rsquo;unit\u00e9<\/span> et reste pour nous une recette essentielle pour poursuivre notre travail aux c\u00f4t\u00e9s des enseignants et des enfants, en leur assurant livres et fournitures pour l&rsquo;ann\u00e9e scolaire.<\/span><\/strong><\/span><\/p>\n<p><span style=\"color: #993300; font-size: 14pt;\"><strong><span style=\"font-family: arial,helvetica,sans-serif;\">Ces calendriers sont \u00e0 votre disposition et vous seront envoy\u00e9s, apr\u00e8s r\u00e9ception d&rsquo;un ch\u00e8que libell\u00e9 au nom de \u00ab\u00a0Un enfant, un cartable\u00a0\u00bb \u00e0 adresser \u00e0 :<\/span><\/strong><\/span><\/p>\n<p><span style=\"color: #808000; font-size: 14pt;\"><strong><span style=\"text-decoration: underline;\"><span style=\"font-family: arial,helvetica,sans-serif; text-decoration: underline;\">Jean-Jacques MOULINET &#8211; 96 grande rue de Grolleau &#8211; 17220 La Jarrie.<\/span><\/span><\/strong><\/span><\/p>\n<\/div>\n","protected":false},"excerpt":{"rendered":"<p>Le calendrier 2013 de votre association est disponible ! Comme les ann\u00e9es pass\u00e9es, il \u00e9voque en photos notre action et vous pr\u00e9sente nos partenaires dans les villages de l&rsquo;\u00eele de Mar Lodj. \u00a0\u00a0\u00a0\u00a0Alioune, le cal\u00e9chier, sur le calendier 2013 Edit\u00e9 \u00e0 300 exemplaires, il est vendu au prix de 10 euros l&rsquo;unit\u00e9 et reste pour [&hellip;]<\/p>\n","protected":false},"author":2,"featured_media":0,"comment_status":"open","ping_status":"open","sticky":false,"template":"","format":"standard","meta":{"jetpack_post_was_ever_published":false,"_jetpack_newsletter_access":"","_jetpack_dont_email_post_to_subs":false,"_jetpack_newsletter_tier_id":0,"_jetpack_memberships_contains_paywalled_content":false,"_jetpack_memberships_contains_paid_content":false,"footnotes":""},"categories":[1],"tags":[],"class_list":["post-31","post","type-post","status-publish","format-standard","hentry","category-non-classe"],"jetpack_featured_media_url":"","jetpack_sharing_enabled":true,"jetpack_shortlink":"https:\/\/wp.me\/p5o8j7-v","_links":{"self":[{"href":"http:\/\/www.unenfantuncartable17.fr\/index.php?rest_route=\/wp\/v2\/posts\/31","targetHints":{"allow":["GET"]}}],"collection":[{"href":"http:\/\/www.unenfantuncartable17.fr\/index.php?rest_route=\/wp\/v2\/posts"}],"about":[{"href":"http:\/\/www.unenfantuncartable17.fr\/index.php?rest_route=\/wp\/v2\/types\/post"}],"author":[{"embeddable":true,"href":"http:\/\/www.unenfantuncartable17.fr\/index.php?rest_route=\/wp\/v2\/users\/2"}],"replies":[{"embeddable":true,"href":"http:\/\/www.unenfantuncartable17.fr\/index.php?rest_route=%2Fwp%2Fv2%2Fcomments&post=31"}],"version-history":[{"count":3,"href":"http:\/\/www.unenfantuncartable17.fr\/index.php?rest_route=\/wp\/v2\/posts\/31\/revisions"}],"predecessor-version":[{"id":667,"href":"http:\/\/www.unenfantuncartable17.fr\/index.php?rest_route=\/wp\/v2\/posts\/31\/revisions\/667"}],"wp:attachment":[{"href":"http:\/\/www.unenfantuncartable17.fr\/index.php?rest_route=%2Fwp%2Fv2%2Fmedia&parent=31"}],"wp:term":[{"taxonomy":"category","embeddable":true,"href":"http:\/\/www.unenfantuncartable17.fr\/index.php?rest_route=%2Fwp%2Fv2%2Fcategories&post=31"},{"taxonomy":"post_tag","embeddable":true,"href":"http:\/\/www.unenfantuncartable17.fr\/index.php?rest_route=%2Fwp%2Fv2%2Ftags&post=31"}],"curies":[{"name":"wp","href":"https:\/\/api.w.org\/{rel}","templated":true}]}}