{"id":28,"date":"2013-01-03T10:20:00","date_gmt":"2013-01-03T10:20:00","guid":{"rendered":"http:\/\/www.unenfantuncartable17.fr\/?p=28"},"modified":"2015-01-27T11:43:11","modified_gmt":"2015-01-27T10:43:11","slug":"bonne-annee-a-tous","status":"publish","type":"post","link":"http:\/\/www.unenfantuncartable17.fr\/?p=28","title":{"rendered":"Bonne ann\u00e9e \u00e0 tous !"},"content":{"rendered":"<p><span style=\"color: #993300; font-family: arial,helvetica,sans-serif; font-size: 14pt;\"><strong style=\"mso-bidi-font-weight: normal;\">Pour l\u2019ann\u00e9e 2013 qui s\u2019annonce, le conseil d\u2019administration tient \u00e0 vous pr\u00e9senter ses meilleurs v\u0153ux de bonheur et de r\u00e9ussite.<\/strong><\/span><\/p>\n<div class=\"ob-section ob-section-html\">\n<p style=\"text-align: justify; margin-right: -18.55pt;\"><span style=\"color: #993300; font-family: arial,helvetica,sans-serif; font-size: 14pt;\"><strong style=\"mso-bidi-font-weight: normal;\"><span style=\"color: #808000; text-decoration: underline;\">Avant l\u2019assembl\u00e9e g\u00e9n\u00e9rale du 22 mars prochain <\/span>qui se tiendra \u00e0<\/strong><\/span><\/p>\n<p style=\"text-align: justify; margin-right: -18.55pt;\"><span style=\"color: #993300; font-family: arial,helvetica,sans-serif; font-size: 14pt;\"><strong style=\"mso-bidi-font-weight: normal;\">19 heures \u00e0<\/strong> <strong style=\"mso-bidi-font-weight: normal;\">la maison de quartier de Port Neuf, nous\u00a0souhaitons vous<\/strong><\/span><\/p>\n<p style=\"text-align: justify; margin-right: -18.55pt;\"><span style=\"color: #993300; font-family: arial,helvetica,sans-serif; font-size: 14pt;\"><strong style=\"mso-bidi-font-weight: normal;\">rappeler bri\u00e8vement les actions men\u00e9es en 2012.<\/strong><\/span><\/p>\n<p style=\"text-align: justify; margin-right: -18.55pt;\"><span style=\"color: #993300; font-family: arial,helvetica,sans-serif; font-size: 14pt;\"><strong style=\"mso-bidi-font-weight: normal;\">&#8211; <span style=\"color: #808000;\">Les deux classes de Marsoulou ont \u00e9t\u00e9 r\u00e9alis\u00e9es dans le<\/span><\/strong><span style=\"color: #808000;\"><strong style=\"mso-bidi-font-weight: normal;\">\u00a0d\u00e9lai<\/strong><strong style=\"mso-bidi-font-weight: normal;\">\u00a0et le<\/strong><\/span><\/span><\/p>\n<p style=\"text-align: justify; margin-right: -18.55pt;\"><span style=\"color: #993300; font-family: arial,helvetica,sans-serif; font-size: 14pt;\"><strong style=\"mso-bidi-font-weight: normal;\"><span style=\"color: #808000;\">budget pr\u00e9vus, soit 7500 euros<\/span>.<\/strong><\/span><\/p>\n<p style=\"text-align: justify;\"><span style=\"color: #993300; font-family: arial,helvetica,sans-serif; font-size: 14pt;\"><strong style=\"mso-bidi-font-weight: normal;\">&#8211; Nous sommes <span style=\"color: #808000;\">190,<\/span> un chiffre qui permet un avenir serein<\/strong> <strong style=\"mso-bidi-font-weight: normal;\">.<\/strong><\/span><\/p>\n<p style=\"text-align: left;\"><span style=\"color: #993300; font-family: arial,helvetica,sans-serif; font-size: 14pt;\"><strong style=\"mso-bidi-font-weight: normal;\">&#8211; Aujourd\u2019hui, <span style=\"color: #808000;\">350 enfants de l\u2019\u00eele de Mar Lodj b\u00e9n\u00e9ficient<\/span><\/strong><span style=\"color: #808000;\"> <strong style=\"mso-bidi-font-weight: normal;\">de<\/strong><strong style=\"mso-bidi-font-weight: normal;\">\u00a0fournitures<span style=\"mso-spacerun: yes;\">\u00a0<\/span>scolaires et de livres renouvel\u00e9s tous les ans.<\/strong><\/span><\/span><\/p>\n<p style=\"text-align: justify;\"><span style=\"color: #993300; font-family: arial,helvetica,sans-serif; font-size: 14pt;\"><strong style=\"mso-bidi-font-weight: normal;\">&#8211; Une convention de partenariat a \u00e9t\u00e9 conclue avec les directeurs\u00a0<\/strong><strong style=\"mso-bidi-font-weight: normal;\">d\u2019\u00e9cole de Wandi\u00e9, Mar Soulou et Mar Lothi\u00e9. <span style=\"color: #808000;\">L\u2019inspection<\/span><\/strong><span style=\"color: #808000;\"> <strong style=\"mso-bidi-font-weight: normal;\">acad\u00e9mique a \u00e9t\u00e9 destinataire de la convention.<\/strong><\/span><\/span><span style=\"color: #993300; font-family: arial,helvetica,sans-serif; font-size: 14pt;\">\u00a0<\/span><\/p>\n<p style=\"text-align: justify; text-indent: -21.3pt; margin-left: 21.3pt;\"><span style=\"color: #993300; font-family: arial,helvetica,sans-serif; font-size: 14pt;\"><strong style=\"mso-bidi-font-weight: normal;\">&#8211;\u00a0 L\u2019extension de notre activit\u00e9 dans la quatri\u00e8me \u00e9cole de l\u2019\u00eele et ses<\/strong><\/span><span style=\"color: #993300; font-family: arial,helvetica,sans-serif; font-size: 14pt;\"><strong style=\"mso-bidi-font-weight: normal;\">\u00a0600 \u00e9l\u00e8ves va faire l\u2019objet de rencontres avec les enseignants.<\/strong><\/span><\/p>\n<p style=\"text-align: justify; text-indent: -21.3pt; margin-left: 21.3pt;\"><span style=\"color: #808000;\"><span style=\"font-family: arial,helvetica,sans-serif; font-size: 14pt;\"><strong style=\"mso-bidi-font-weight: normal;\">&#8211; Gr\u00e2ce \u00e0 la graphiste Agn\u00e8s Bernard et l\u2019\u00e9diteur publicitaire<\/strong>\u00a0\u00a0<\/span><span style=\"font-family: arial,helvetica,sans-serif; font-size: 14pt;\"><strong style=\"mso-bidi-font-weight: normal;\">Jean-Denis Peyrat qui ont financ\u00e9 la<span style=\"mso-spacerun: yes;\">\u00a0<\/span>r\u00e9alisation du calendrier, <\/strong><\/span><span style=\"font-family: arial,helvetica,sans-serif; font-size: 14pt;\"><strong style=\"mso-bidi-font-weight: normal;\">sa<\/strong> <strong style=\"mso-bidi-font-weight: normal;\">vente a<\/strong> <strong style=\"mso-bidi-font-weight: normal;\">permis un autofinancement important<\/strong><strong style=\"mso-bidi-font-weight: normal;\">.<\/strong><\/span><\/span><\/p>\n<p style=\"text-align: justify; text-indent: -21.3pt; margin-left: 21.3pt;\"><span style=\"color: #993300; font-family: arial,helvetica,sans-serif; font-size: 14pt;\"><strong>&#8211; Notre blog<\/strong> <strong style=\"mso-bidi-font-weight: normal;\"><a style=\"color: #993300;\" href=\"http:\/\/unenfantuncartable17.over-blog.com\/\" target=\"_blank\">http:\/\/unenfantuncartable17.over-blog.com<\/a> s&rsquo;av\u00e8re un outil<\/strong> \u00a0 <strong style=\"mso-bidi-font-weight: normal;\">de communication efficace.<\/strong><\/span><\/p>\n<p style=\"text-align: justify; tab-stops: 21.3pt;\"><span style=\"color: #808000; font-family: arial,helvetica,sans-serif; font-size: 14pt;\"><strong style=\"mso-bidi-font-weight: normal;\">&#8211; N\u2019h\u00e9sitez pas \u00e0 nous communiquer vos coordonn\u00e9es<\/strong> \u00a0<strong>quand<\/strong> <strong style=\"mso-bidi-font-weight: normal;\">elles changent et \u00e0 nous les envoyer \u00e0\u00a0:<span style=\"mso-spacerun: yes;\">\u00a0\u00a0<\/span> <span style=\"text-decoration: underline;\"><a style=\"color: #808000; text-decoration: underline;\" href=\"http:\/\/webmail1g.orange.fr\/webmail\/fr_FR\/read.html?FOLDER=SF_OUTBOX&amp;IDMSG=343&amp;check=&amp;SORTBY=1\" target=\"_blank\">unenfant.uncartable17@gmail.com<\/a><\/span><\/strong><\/span><\/p>\n<p><span style=\"color: #ff6600; font-family: arial black,avant garde; font-size: 12pt;\"><strong style=\"mso-bidi-font-weight: normal;\"><span style=\"mso-fareast-font-family: 'Times New Roman'; mso-bidi-font-family: 'Times New Roman'; mso-ansi-language: FR; mso-fareast-language: FR; mso-bidi-language: AR-SA;\"><span style=\"mso-spacerun: yes;\">\u00a0\u00a0\u00a0\u00a0\u00a0<\/span><\/span><\/strong><\/span><\/p>\n<\/div>\n","protected":false},"excerpt":{"rendered":"<p>Pour l\u2019ann\u00e9e 2013 qui s\u2019annonce, le conseil d\u2019administration tient \u00e0 vous pr\u00e9senter ses meilleurs v\u0153ux de bonheur et de r\u00e9ussite. Avant l\u2019assembl\u00e9e g\u00e9n\u00e9rale du 22 mars prochain qui se tiendra \u00e0 19 heures \u00e0 la maison de quartier de Port Neuf, nous\u00a0souhaitons vous rappeler bri\u00e8vement les actions men\u00e9es en 2012. &#8211; Les deux classes de [&hellip;]<\/p>\n","protected":false},"author":2,"featured_media":0,"comment_status":"open","ping_status":"open","sticky":false,"template":"","format":"standard","meta":{"jetpack_post_was_ever_published":false,"_jetpack_newsletter_access":"","_jetpack_dont_email_post_to_subs":false,"_jetpack_newsletter_tier_id":0,"_jetpack_memberships_contains_paywalled_content":false,"_jetpack_memberships_contains_paid_content":false,"footnotes":""},"categories":[1],"tags":[],"class_list":["post-28","post","type-post","status-publish","format-standard","hentry","category-non-classe"],"jetpack_featured_media_url":"","jetpack_sharing_enabled":true,"jetpack_shortlink":"https:\/\/wp.me\/p5o8j7-s","_links":{"self":[{"href":"http:\/\/www.unenfantuncartable17.fr\/index.php?rest_route=\/wp\/v2\/posts\/28","targetHints":{"allow":["GET"]}}],"collection":[{"href":"http:\/\/www.unenfantuncartable17.fr\/index.php?rest_route=\/wp\/v2\/posts"}],"about":[{"href":"http:\/\/www.unenfantuncartable17.fr\/index.php?rest_route=\/wp\/v2\/types\/post"}],"author":[{"embeddable":true,"href":"http:\/\/www.unenfantuncartable17.fr\/index.php?rest_route=\/wp\/v2\/users\/2"}],"replies":[{"embeddable":true,"href":"http:\/\/www.unenfantuncartable17.fr\/index.php?rest_route=%2Fwp%2Fv2%2Fcomments&post=28"}],"version-history":[{"count":4,"href":"http:\/\/www.unenfantuncartable17.fr\/index.php?rest_route=\/wp\/v2\/posts\/28\/revisions"}],"predecessor-version":[{"id":630,"href":"http:\/\/www.unenfantuncartable17.fr\/index.php?rest_route=\/wp\/v2\/posts\/28\/revisions\/630"}],"wp:attachment":[{"href":"http:\/\/www.unenfantuncartable17.fr\/index.php?rest_route=%2Fwp%2Fv2%2Fmedia&parent=28"}],"wp:term":[{"taxonomy":"category","embeddable":true,"href":"http:\/\/www.unenfantuncartable17.fr\/index.php?rest_route=%2Fwp%2Fv2%2Fcategories&post=28"},{"taxonomy":"post_tag","embeddable":true,"href":"http:\/\/www.unenfantuncartable17.fr\/index.php?rest_route=%2Fwp%2Fv2%2Ftags&post=28"}],"curies":[{"name":"wp","href":"https:\/\/api.w.org\/{rel}","templated":true}]}}