{"id":27,"date":"2013-03-05T17:25:00","date_gmt":"2013-03-05T17:25:00","guid":{"rendered":"http:\/\/www.unenfantuncartable17.fr\/?p=27"},"modified":"2015-01-27T11:41:51","modified_gmt":"2015-01-27T10:41:51","slug":"bientot-enfants","status":"publish","type":"post","link":"http:\/\/www.unenfantuncartable17.fr\/?p=27","title":{"rendered":"Bient\u00f4t une nouvelle \u00e9cole !"},"content":{"rendered":"<p><span style=\"color: #993300; font-size: 14pt;\"><strong><span style=\"font-family: arial,helvetica,sans-serif;\">Claude Biardeau\u00a0et Jean-Claude Brossard\u00a0ont effectu\u00e9 un d\u00e9placement dans l&rsquo;\u00eele de Mar Lodj fin\u00a0f\u00e9vrier.<\/span><\/strong><\/span><\/p>\n<div class=\"ob-section ob-section-html\">\n<p><span style=\"color: #993300; font-size: 14pt;\"><strong><span style=\"font-family: arial,helvetica,sans-serif;\">Ils ont pu\u00a0rencontrer les enseignants et les directeurs d&rsquo;\u00e9coles et engager des discussions chaleureuses et\u00a0fructueuses gardant ainsi\u00a0le contact malgr\u00e9 l&rsquo;\u00e9loignement.<\/span><\/strong><\/span><\/p>\n<p><span style=\"color: #808000; font-size: 14pt;\"><strong><span style=\"font-family: arial,helvetica,sans-serif;\">Les deux administrateurs\u00a0ont ainsi fait la connaissance du nouveau directeur titulaire de Marsoulou et lui ont pr\u00e9sent\u00e9 l&rsquo;association\u00a0dans ce village o\u00f9\u00a0celle-ci a\u00a0r\u00e9cemment construit un b\u00e2timent de deux classes. L&rsquo;une d&rsquo;elles a d&rsquo;ailleurs\u00a0b\u00e9n\u00e9fici\u00e9 de couches de peinture par l&rsquo;association de parents d&rsquo;\u00e9l\u00e8ves, comme elle s&rsquo;y \u00e9tait engag\u00e9e.<\/span><\/strong><\/span><\/p>\n<p><a href=\"http:\/\/www.unenfantuncartable17.fr\/wp-content\/uploads\/2014\/11\/600x450-ct.jpg\"><img loading=\"lazy\" decoding=\"async\" class=\"alignnone size-medium wp-image-101\" src=\"http:\/\/www.unenfantuncartable17.fr\/wp-content\/uploads\/2014\/11\/600x450-ct-300x225.jpg\" alt=\"600x450-ct\" width=\"300\" height=\"225\" srcset=\"http:\/\/www.unenfantuncartable17.fr\/wp-content\/uploads\/2014\/11\/600x450-ct-300x225.jpg 300w, http:\/\/www.unenfantuncartable17.fr\/wp-content\/uploads\/2014\/11\/600x450-ct.jpg 600w\" sizes=\"auto, (max-width: 300px) 100vw, 300px\" \/><\/a><span style=\"text-decoration: underline;\"><span style=\"color: #993300; font-size: 10pt;\"><strong><span style=\"font-family: arial,helvetica,sans-serif;\">De nombreuses classes accueillent encore trop d&rsquo;\u00e9l\u00e8ves<\/span><\/strong><\/span><\/span><\/p>\n<p><span style=\"color: #993300; font-size: 14pt;\"><strong><span style=\"font-family: arial,helvetica,sans-serif;\">A Wandi\u00e9, les derni\u00e8res\u00a0modalit\u00e9s du (petit) chantier de construction d&rsquo;un placard en b\u00e9ton avec des portes en fer (milieu salin oblige)\u00a0ont \u00e9t\u00e9 arr\u00eat\u00e9es.<\/span><\/strong><\/span><\/p>\n<p><span style=\"color: #993300; font-size: 14pt;\"><strong><span style=\"font-family: arial,helvetica,sans-serif;\">A\u00a0Mar Lothie, le directeur a confirm\u00e9 avoir transmis la convention pass\u00e9e en novembre dernier entre l&rsquo;\u00e9cole et l&rsquo;association \u00e0 l&rsquo;inspecteur\u00a0primaire de Fatick, comme nous l&rsquo;avions fait nous m\u00eames, en toute transparence.\u00a0<\/span><\/strong><\/span><\/p>\n<p><span style=\"color: #993300; font-size: 14pt;\"><strong><span style=\"font-family: arial,helvetica,sans-serif;\">Par ailleurs, <span style=\"color: #808000;\">toutes les \u00e9coles (Wandi\u00e9, Marsoulou\u00a0et Mar Lothie)\u00a0ont\u00a0communiqu\u00e9 une liste des fournitures et des livres attendus\u00a0pour la rentr\u00e9e scolaire prochaine.<\/span><\/span><\/strong><\/span><\/p>\n<p><span style=\"color: #993300; font-size: 14pt;\"><strong><span style=\"font-family: arial,helvetica,sans-serif;\">Une rentr\u00e9e qui, pour l&rsquo;association,\u00a0devrait\u00a0signifier la prise en charge\u00a0de\u00a0650 enfants puisque le contact pris avec l&rsquo;\u00e9cole de Mar Fafako s&rsquo;est av\u00e9r\u00e9 fructueux.<\/span><\/strong><\/span><\/p>\n<p><span style=\"color: #993300; font-size: 14pt;\"><strong><span style=\"font-family: arial,helvetica,sans-serif;\"><span style=\"color: #808000;\">Cette \u00e9cole, la plus importante de l&rsquo;\u00eele,\u00a0compte 700 \u00e9l\u00e8ves.<\/span>\u00a0Les deux administrateurs ont \u00e9videmment\u00a0indiqu\u00e9, compte tenu de ses\u00a0possibilit\u00e9s financi\u00e8res, qu&rsquo;il \u00e9tait impossible \u00e0 l&rsquo;association\u00a0de prendre en charge la totalit\u00e9 des enfants.<\/span><\/strong><\/span><\/p>\n<p><span style=\"color: #808000; font-size: 14pt;\"><strong><span style=\"font-family: arial,helvetica,sans-serif;\">Une premi\u00e8re tranche de 200 \u00e0 250\u00a0semble envisageable sur la base de d\u00e9penses\u00a0analogues aux autres \u00e9coles.<\/span><\/strong><\/span><\/p>\n<p><span style=\"color: #993300; font-size: 14pt;\"><strong><span style=\"font-family: arial,helvetica,sans-serif;\">L&rsquo;estimation d\u00e9finitive des besoins sera effectu\u00e9e prochainement par les administrateurs avant d&rsquo;\u00eatre communiqu\u00e9e au libraire-papetier de M&rsquo;Bour qui devra fournir un devis, comme les ann\u00e9es pass\u00e9es. Les fournitures et les livres seront d\u00e9finitivement achet\u00e9s en novembre prochain lors du voyage de deux autres administrateurs, avant d&rsquo;\u00eatre livr\u00e9s dans les \u00e9coles.<\/span><\/strong><\/span><\/p>\n<\/div>\n","protected":false},"excerpt":{"rendered":"<p>Claude Biardeau\u00a0et Jean-Claude Brossard\u00a0ont effectu\u00e9 un d\u00e9placement dans l&rsquo;\u00eele de Mar Lodj fin\u00a0f\u00e9vrier. Ils ont pu\u00a0rencontrer les enseignants et les directeurs d&rsquo;\u00e9coles et engager des discussions chaleureuses et\u00a0fructueuses gardant ainsi\u00a0le contact malgr\u00e9 l&rsquo;\u00e9loignement. Les deux administrateurs\u00a0ont ainsi fait la connaissance du nouveau directeur titulaire de Marsoulou et lui ont pr\u00e9sent\u00e9 l&rsquo;association\u00a0dans ce village o\u00f9\u00a0celle-ci a\u00a0r\u00e9cemment [&hellip;]<\/p>\n","protected":false},"author":2,"featured_media":0,"comment_status":"open","ping_status":"open","sticky":false,"template":"","format":"standard","meta":{"jetpack_post_was_ever_published":false,"_jetpack_newsletter_access":"","_jetpack_dont_email_post_to_subs":false,"_jetpack_newsletter_tier_id":0,"_jetpack_memberships_contains_paywalled_content":false,"_jetpack_memberships_contains_paid_content":false,"footnotes":""},"categories":[1],"tags":[],"class_list":["post-27","post","type-post","status-publish","format-standard","hentry","category-non-classe"],"jetpack_featured_media_url":"","jetpack_sharing_enabled":true,"jetpack_shortlink":"https:\/\/wp.me\/p5o8j7-r","_links":{"self":[{"href":"http:\/\/www.unenfantuncartable17.fr\/index.php?rest_route=\/wp\/v2\/posts\/27","targetHints":{"allow":["GET"]}}],"collection":[{"href":"http:\/\/www.unenfantuncartable17.fr\/index.php?rest_route=\/wp\/v2\/posts"}],"about":[{"href":"http:\/\/www.unenfantuncartable17.fr\/index.php?rest_route=\/wp\/v2\/types\/post"}],"author":[{"embeddable":true,"href":"http:\/\/www.unenfantuncartable17.fr\/index.php?rest_route=\/wp\/v2\/users\/2"}],"replies":[{"embeddable":true,"href":"http:\/\/www.unenfantuncartable17.fr\/index.php?rest_route=%2Fwp%2Fv2%2Fcomments&post=27"}],"version-history":[{"count":5,"href":"http:\/\/www.unenfantuncartable17.fr\/index.php?rest_route=\/wp\/v2\/posts\/27\/revisions"}],"predecessor-version":[{"id":629,"href":"http:\/\/www.unenfantuncartable17.fr\/index.php?rest_route=\/wp\/v2\/posts\/27\/revisions\/629"}],"wp:attachment":[{"href":"http:\/\/www.unenfantuncartable17.fr\/index.php?rest_route=%2Fwp%2Fv2%2Fmedia&parent=27"}],"wp:term":[{"taxonomy":"category","embeddable":true,"href":"http:\/\/www.unenfantuncartable17.fr\/index.php?rest_route=%2Fwp%2Fv2%2Fcategories&post=27"},{"taxonomy":"post_tag","embeddable":true,"href":"http:\/\/www.unenfantuncartable17.fr\/index.php?rest_route=%2Fwp%2Fv2%2Ftags&post=27"}],"curies":[{"name":"wp","href":"https:\/\/api.w.org\/{rel}","templated":true}]}}