{"id":2672,"date":"2021-05-16T11:06:34","date_gmt":"2021-05-16T10:06:34","guid":{"rendered":"http:\/\/www.unenfantuncartable17.fr\/?p=2672"},"modified":"2021-05-28T20:55:34","modified_gmt":"2021-05-28T19:55:34","slug":"assemblee-generale-le-29-mai-a-distance","status":"publish","type":"post","link":"http:\/\/www.unenfantuncartable17.fr\/?p=2672","title":{"rendered":"Assembl\u00e9e g\u00e9n\u00e9rale, le 29 mai&#8230;\u00e0 distance !"},"content":{"rendered":"<p><span style=\"font-family: 'arial black', sans-serif; font-size: 12pt; color: #993300;\"><strong>Chers ami(e)s, cher(e)s adh\u00e9rent(e)s, <\/strong><\/span><\/p>\n<p><span style=\"font-family: 'arial black', sans-serif; font-size: 12pt; color: #993300;\"><strong>Les conditions sanitaires encore incertaines conduisent, avec regrets, cette ann\u00e9e encore, le conseil d&rsquo;administration \u00e0 repousser l&rsquo;organisation d&rsquo;une assembl\u00e9e g\u00e9n\u00e9rale habituelle, \u00ab\u00a0en pr\u00e9sentiel\u00a0\u00bb. Par ailleurs, la mairie de Nieul\/Mer qui a \u00e9t\u00e9 questionn\u00e9e ne nous a pas donn\u00e9 d&rsquo;\u00e9ch\u00e9ances pour la r\u00e9ouverture des salles municipales.<\/strong><\/span><\/p>\n<p><span style=\"font-size: 12pt; font-family: 'arial black', sans-serif;\"><strong><span style=\"color: #993300;\">En cons\u00e9quence, l&rsquo;assembl\u00e9e g\u00e9n\u00e9rale se tiendra malgr\u00e9 tout, mais limit\u00e9e aux administrateurs. Toutefois, les adh\u00e9rents auront la possibilit\u00e9 de se connecter \u00e0 la r\u00e9union en visio-conf\u00e9rence, gr\u00e2ce \u00e0 un lien qui figure en bas de cet article. <\/span><\/strong><\/span><\/p>\n<p><span style=\"text-decoration: underline;\"><span style=\"font-family: 'arial black', sans-serif; color: #808000;\"><strong>Cette assembl\u00e9e g\u00e9n\u00e9rale se tiendra le 29 mai 2021 \u00e0 15 heures.<\/strong><\/span><\/span><\/p>\n<p><span style=\"font-family: 'arial black', sans-serif; font-size: 12pt; color: #993300;\"><strong>Ordre du Jour :<\/strong><\/span><\/p>\n<ul>\n<li><span style=\"font-family: 'arial black', sans-serif; font-size: 12pt; color: #993300;\">Rapport moral et d\u2019activit\u00e9s.\u00a0<\/span><\/li>\n<li><span style=\"font-family: 'arial black', sans-serif; font-size: 12pt; color: #993300;\">Rapport financier et quitus.<\/span><\/li>\n<li><span style=\"font-family: 'arial black', sans-serif; font-size: 12pt; color: #993300;\">Elections au Conseil d\u2019Administration.<\/span><\/li>\n<li><span style=\"font-family: 'arial black', sans-serif; font-size: 12pt; color: #993300;\">Questions diverses.<\/span><\/li>\n<\/ul>\n<p><span style=\"font-family: 'arial black', sans-serif;\"><strong><span style=\"color: #993300;\">Afin de pr\u00e9parer \u00a0cette assembl\u00e9e g\u00e9n\u00e9rale les diff\u00e9rents rapports sont consultables<\/span>\u00a0<span style=\"color: #808000;\">(voir ci-dessous)<\/span><span style=\"color: #808000;\"><span style=\"color: #993300;\">. <\/span><\/span><\/strong><\/span><\/p>\n<p><span style=\"font-family: 'arial black', sans-serif;\"><strong><span style=\"color: #808000;\"><span style=\"color: #993300;\">***Les adh\u00e9rents d\u00e9sirant envoyer une procuration pour les votes peuvent le faire \u00e0 l&rsquo;aide de l&rsquo;adresse suivante : <\/span><\/span><\/strong><\/span><\/p>\n<p><span style=\"font-family: 'arial black', sans-serif; color: #808000;\"><strong>secretariat.unenfantuncartable@gmail.com<\/strong><\/span><\/p>\n<p><span style=\"font-family: 'arial black', sans-serif;\"><strong><span style=\"color: #808000;\"><span style=\"color: #993300;\">Bien cordialement,<\/span><\/span><\/strong><\/span><\/p>\n<p><span style=\"font-family: 'arial black', sans-serif; color: #808000;\"><strong>Pour le conseil d&rsquo;administration <\/strong><\/span><\/p>\n<p><span style=\"font-family: 'arial black', sans-serif; color: #808000;\"><strong>Jean-Claude Brossard<\/strong><\/span><\/p>\n<p>&nbsp;<\/p>\n<p><span style=\"color: #993300;\"><strong><span style=\"font-family: 'arial black', sans-serif;\">Pi\u00e8ces jointes (cliquez)<\/span><\/strong><\/span><\/p>\n<p><span style=\"color: #993300;\"><strong><span style=\"font-family: 'arial black', sans-serif;\">Rapport moral et d&rsquo;activit\u00e9s\u00a0<a href=\"http:\/\/www.unenfantuncartable17.fr\/wp-content\/uploads\/2021\/05\/AG-2021-def.pdf\">AG 2021 def<\/a><\/span><\/strong><\/span><\/p>\n<p><span style=\"color: #993300;\"><strong><span style=\"font-family: 'arial black', sans-serif;\">Compte d&rsquo;exploitation 2020\u00a0<a href=\"http:\/\/www.unenfantuncartable17.fr\/wp-content\/uploads\/2021\/05\/r\u00e9sultat-2020-PDF.pdf\">r\u00e9sultat 2020 -PDF<\/a><\/span><\/strong><\/span><\/p>\n<p><span style=\"color: #993300;\"><strong><span style=\"font-family: 'arial black', sans-serif;\">Budget pr\u00e9visionnel 2021\u00a0<a href=\"http:\/\/www.unenfantuncartable17.fr\/wp-content\/uploads\/2021\/05\/Budget-pr\u00e9visionnel-2021-PDF.pdf\">Budget pr\u00e9visionnel 2021 PDF<\/a><\/span><\/strong><\/span><\/p>\n<p><span style=\"font-size: 12pt; color: #993300;\"><strong><span style=\"font-family: 'arial black', sans-serif;\">Participer \u00e0 la r\u00e9union Zoom<br \/>\n <a href=\"https:\/\/us05web.zoom.us\/j\/8034060192?pwd=Y3EwcUhLS1RLcVpwUy9MVk9OUmpMUT09\">https:\/\/us05web.zoom.us\/j\/8034060192?pwd=Y3EwcUhLS1RLcVpwUy9MVk9OUmpMUT09<\/a><\/span><\/strong><\/span><\/p>\n<p style=\"margin-bottom: 12.0pt;\"><span style=\"color: #808000;\"><strong><span style=\"font-family: arial, helvetica, sans-serif;\">ID de r\u00e9union\u00a0: 803 406 0192<\/span><\/strong><\/span><br \/>\n<span style=\"color: #808000;\"><strong><span style=\"font-family: arial, helvetica, sans-serif;\"> Code secret\u00a0: 2LAZLK<\/span><\/strong><\/span><\/p>\n<p>&nbsp;<\/p>\n","protected":false},"excerpt":{"rendered":"<p>Chers ami(e)s, cher(e)s adh\u00e9rent(e)s, Les conditions sanitaires encore incertaines conduisent, avec regrets, cette ann\u00e9e encore, le conseil d&rsquo;administration \u00e0 repousser l&rsquo;organisation d&rsquo;une assembl\u00e9e g\u00e9n\u00e9rale habituelle, \u00ab\u00a0en pr\u00e9sentiel\u00a0\u00bb. Par ailleurs, la mairie de Nieul\/Mer qui a \u00e9t\u00e9 questionn\u00e9e ne nous a pas donn\u00e9 d&rsquo;\u00e9ch\u00e9ances pour la r\u00e9ouverture des salles municipales. En cons\u00e9quence, l&rsquo;assembl\u00e9e g\u00e9n\u00e9rale se tiendra [&hellip;]<\/p>\n","protected":false},"author":2,"featured_media":0,"comment_status":"open","ping_status":"open","sticky":false,"template":"","format":"standard","meta":{"jetpack_post_was_ever_published":false,"_jetpack_newsletter_access":"","_jetpack_dont_email_post_to_subs":true,"_jetpack_newsletter_tier_id":0,"_jetpack_memberships_contains_paywalled_content":false,"_jetpack_memberships_contains_paid_content":false,"footnotes":""},"categories":[1],"tags":[],"class_list":["post-2672","post","type-post","status-publish","format-standard","hentry","category-non-classe"],"jetpack_featured_media_url":"","jetpack_sharing_enabled":true,"jetpack_shortlink":"https:\/\/wp.me\/p5o8j7-H6","_links":{"self":[{"href":"http:\/\/www.unenfantuncartable17.fr\/index.php?rest_route=\/wp\/v2\/posts\/2672","targetHints":{"allow":["GET"]}}],"collection":[{"href":"http:\/\/www.unenfantuncartable17.fr\/index.php?rest_route=\/wp\/v2\/posts"}],"about":[{"href":"http:\/\/www.unenfantuncartable17.fr\/index.php?rest_route=\/wp\/v2\/types\/post"}],"author":[{"embeddable":true,"href":"http:\/\/www.unenfantuncartable17.fr\/index.php?rest_route=\/wp\/v2\/users\/2"}],"replies":[{"embeddable":true,"href":"http:\/\/www.unenfantuncartable17.fr\/index.php?rest_route=%2Fwp%2Fv2%2Fcomments&post=2672"}],"version-history":[{"count":19,"href":"http:\/\/www.unenfantuncartable17.fr\/index.php?rest_route=\/wp\/v2\/posts\/2672\/revisions"}],"predecessor-version":[{"id":2723,"href":"http:\/\/www.unenfantuncartable17.fr\/index.php?rest_route=\/wp\/v2\/posts\/2672\/revisions\/2723"}],"wp:attachment":[{"href":"http:\/\/www.unenfantuncartable17.fr\/index.php?rest_route=%2Fwp%2Fv2%2Fmedia&parent=2672"}],"wp:term":[{"taxonomy":"category","embeddable":true,"href":"http:\/\/www.unenfantuncartable17.fr\/index.php?rest_route=%2Fwp%2Fv2%2Fcategories&post=2672"},{"taxonomy":"post_tag","embeddable":true,"href":"http:\/\/www.unenfantuncartable17.fr\/index.php?rest_route=%2Fwp%2Fv2%2Ftags&post=2672"}],"curies":[{"name":"wp","href":"https:\/\/api.w.org\/{rel}","templated":true}]}}